{"id":916,"date":"2018-02-16T20:36:20","date_gmt":"2018-02-16T20:36:20","guid":{"rendered":"https:\/\/www.evimitasarla.net\/ev-dekorasyon-fikirleri-blog\/?p=916"},"modified":"2025-03-05T13:47:15","modified_gmt":"2025-03-05T10:47:15","slug":"ev-dekorasyonunda-yukselen-trend-olan-ev-bitkilerinin-cinsleri-boyutlari-ve-tasarim-degerleri","status":"publish","type":"post","link":"https:\/\/www.evimitasarla.net\/ev-dekorasyon-fikirleri-blog\/ev-dekorasyonunda-yukselen-trend-olan-ev-bitkilerinin-cinsleri-boyutlari-ve-tasarim-degerleri\/","title":{"rendered":"Dekorasyonda Y\u00fckselen De\u011fer: Ev Bitkileri"},"content":{"rendered":"<h2>Ev bitkilerinin dekorasyondaki de\u011feri sanki yeniden ke\u015ffedildi&#8230;<\/h2>\n<p>\u015eehir ya\u015fant\u0131s\u0131 insanlar\u0131 do\u011fadan uzakla\u015ft\u0131rarak \u00e7o\u011funlukla apartmanlarda ya\u015famaya zorlamakta, ama insano\u011flunun do\u011faya ve ye\u015file olan gereksinimi kendini her zaman bir \u015fekilde belli ediyor. Ya\u015fam alanlar\u0131m\u0131zda ye\u015filin g\u00f6rsel olarak rahatlat\u0131c\u0131 y\u00f6n\u00fcn\u00fcn yan\u0131nda, beraberinde getirdi\u011fi rutin u\u011fra\u015flar da tart\u0131\u015f\u0131lmaz bir terapidir asl\u0131nda\u2026 Son y\u0131llarda bu durum herkes taraf\u0131ndan kabul edilmi\u015f ve y\u00fckselen bir trend \u015feklinde dekorasyonda ev bitkileri \u00f6ne \u00e7\u0131kmaya ba\u015flam\u0131\u015ft\u0131r.<a href=\"https:\/\/www.evimitasarla.net\/ev-dekorasyon-fikirleri-blog\/wp-content\/uploads\/2018\/02\/e9df9a9251086b2b2ade4a39f6d8b2cc.jpg\"><img loading=\"lazy\" decoding=\"async\" class=\"alignnone wp-image-960\" src=\"https:\/\/www.evimitasarla.net\/ev-dekorasyon-fikirleri-blog\/wp-content\/uploads\/2018\/02\/e9df9a9251086b2b2ade4a39f6d8b2cc.jpg\" alt=\"bitkiyle dekore edilmi\u015f salon\" width=\"315\" height=\"473\" srcset=\"https:\/\/www.evimitasarla.net\/ev-dekorasyon-fikirleri-blog\/wp-content\/uploads\/2018\/02\/e9df9a9251086b2b2ade4a39f6d8b2cc.jpg 564w, https:\/\/www.evimitasarla.net\/ev-dekorasyon-fikirleri-blog\/wp-content\/uploads\/2018\/02\/e9df9a9251086b2b2ade4a39f6d8b2cc-200x300.jpg 200w\" sizes=\"auto, (max-width: 315px) 100vw, 315px\" \/><\/a> <a href=\"https:\/\/www.evimitasarla.net\/ev-dekorasyon-fikirleri-blog\/wp-content\/uploads\/2018\/02\/a737188a15bb1774513bb4bb1939c889.jpg\"><img loading=\"lazy\" decoding=\"async\" class=\"alignnone wp-image-954\" src=\"https:\/\/www.evimitasarla.net\/ev-dekorasyon-fikirleri-blog\/wp-content\/uploads\/2018\/02\/a737188a15bb1774513bb4bb1939c889.jpg\" alt=\"bitkiyle dekore edilmi\u015f oturma grubu\" width=\"314\" height=\"471\" data-pin-me-only=\"true\" srcset=\"https:\/\/www.evimitasarla.net\/ev-dekorasyon-fikirleri-blog\/wp-content\/uploads\/2018\/02\/a737188a15bb1774513bb4bb1939c889.jpg 480w, https:\/\/www.evimitasarla.net\/ev-dekorasyon-fikirleri-blog\/wp-content\/uploads\/2018\/02\/a737188a15bb1774513bb4bb1939c889-200x300.jpg 200w\" sizes=\"auto, (max-width: 314px) 100vw, 314px\" \/><\/a><\/p>\n<p>Dekorasyon deyince art\u0131k akla koltuk, masa, perde ve hal\u0131dan olu\u015fan ana unsurlar yan\u0131nda daha \u00e7ok ayr\u0131\u015ft\u0131r\u0131c\u0131 \u00f6zellikleriyle aksesuarlar ve dekoratif duru\u015flar\u0131yla saks\u0131l\u0131 bitkileri de gelmekte. Bak\u0131m\u0131 ve canl\u0131l\u0131\u011f\u0131n\u0131 yitirmemesi i\u00e7in \u00e7aba sarf edildi\u011fi m\u00fcddet\u00e7e ye\u015fil ve \u00e7i\u00e7ekli bitkiler evimize ayr\u0131cal\u0131kl\u0131 bir ki\u015filik katar. Ev ve \u00f6zellikle de salon dekorasyonu yapacaklar i\u00e7in b\u00fcy\u00fck yaprakl\u0131 ev bitkileri, yarat\u0131c\u0131 ev dekorasyon fikirleri aras\u0131nda yerini buluyor.<\/p>\n<p>Dekoratif bitkilerin \u015fekli, cinsi ve nas\u0131l sunuldu\u011fu dekorasyon a\u00e7\u0131s\u0131ndan tabi ki \u00e7ok \u00f6nemlidir. Bakmay\u0131 sevdi\u011fimiz formlar\u0131 ile \u00e7e\u015fitli salon bitkileri\u00a0<a href=\"https:\/\/www.evimitasarla.net\/\">dekorasyon<\/a> manas\u0131nda da k\u0131ymetli bir yer tutmakla birlikte e\u011fer hangi bitkinin bizden ne istedi\u011fini bilmezsek de beyhude bir \u00e7abay\u0131 beraberinde getirecek ve bizi yeterince tatmin etmeyecektir.<\/p>\n<h2>Evde yeti\u015ftirilmesi kolay, dekoratif ve \u00e7i\u00e7eksiz en pop\u00fcler bitkiler;<\/h2>\n<div class=\"ewa-rteLine\">Evde yeti\u015ftirilen bitkiler nelerdir? Evde yeti\u015ftirilen saks\u0131 \u00e7i\u00e7ekleri nelerdir? Salonda hangi bitkiler olmal\u0131?<\/p>\n<div class=\"ewa-rteLine\">Evde yeti\u015ftirebilece\u011finiz baz\u0131 saks\u0131 bitkileri ve ihti\u015faml\u0131 duru\u015flar\u0131yla baz\u0131 b\u00fcy\u00fck salon bitkilerini size tan\u0131tal\u0131m&#8230;<\/div>\n<div class=\"ewa-rteLine\"><span style=\"color: initial;\">A\u015fk merdiveni; Kaplad\u0131\u011f\u0131 alan \u00e7ok b\u00fcy\u00fck olmad\u0131\u011f\u0131 i\u00e7in mekanlarda kolay yer bulunabilen bir ye\u015fil bitki \u00e7e\u015fidi olmas\u0131 nedeniyle dekorasyonda \u00e7ok\u00e7a kullan\u0131labilir. Tavandan sark\u0131t\u0131lan bir makrome i\u00e7erisine yerle\u015ftirece\u011finiz bir saks\u0131 i\u00e7inde ince ye\u015fil yapraklar\u0131n\u0131 a\u015ft\u0131 sark\u0131tarak kendini \u00e7ok g\u00fczel g\u00f6sterecektir.<\/span><\/div>\n<\/div>\n<p><a href=\"https:\/\/www.evimitasarla.net\/ev-dekorasyon-fikirleri-blog\/wp-content\/uploads\/2018\/02\/427992d1f7eb11bda18f1630a711d877.jpg\"><img loading=\"lazy\" decoding=\"async\" class=\"alignleft wp-image-948\" src=\"https:\/\/www.evimitasarla.net\/ev-dekorasyon-fikirleri-blog\/wp-content\/uploads\/2018\/02\/427992d1f7eb11bda18f1630a711d877.jpg\" alt=\"a\u015fk merdiveni\" width=\"288\" height=\"394\" srcset=\"https:\/\/www.evimitasarla.net\/ev-dekorasyon-fikirleri-blog\/wp-content\/uploads\/2018\/02\/427992d1f7eb11bda18f1630a711d877.jpg 564w, https:\/\/www.evimitasarla.net\/ev-dekorasyon-fikirleri-blog\/wp-content\/uploads\/2018\/02\/427992d1f7eb11bda18f1630a711d877-219x300.jpg 219w\" sizes=\"auto, (max-width: 288px) 100vw, 288px\" \/><\/a><\/p>\n<p><a href=\"https:\/\/www.evimitasarla.net\/ev-dekorasyon-fikirleri-blog\/wp-content\/uploads\/2018\/02\/dfc394e5ff39d5ee4e1596ad5d28af86.jpg\"><img loading=\"lazy\" decoding=\"async\" class=\"alignnone wp-image-958\" src=\"https:\/\/www.evimitasarla.net\/ev-dekorasyon-fikirleri-blog\/wp-content\/uploads\/2018\/02\/dfc394e5ff39d5ee4e1596ad5d28af86.jpg\" alt=\"dekoratif terrarium sukulent bitkisi\" width=\"301\" height=\"535\" srcset=\"https:\/\/www.evimitasarla.net\/ev-dekorasyon-fikirleri-blog\/wp-content\/uploads\/2018\/02\/dfc394e5ff39d5ee4e1596ad5d28af86.jpg 554w, https:\/\/www.evimitasarla.net\/ev-dekorasyon-fikirleri-blog\/wp-content\/uploads\/2018\/02\/dfc394e5ff39d5ee4e1596ad5d28af86-169x300.jpg 169w\" sizes=\"auto, (max-width: 301px) 100vw, 301px\" \/><\/a>Terrarium (Sukulent-Kakt\u00fcs); Dikensiz kakt\u00fcs de denen sukulentler ve \u00e7ok az bak\u0131m gerektiren kakt\u00fcsler minik ve yayvan saks\u0131larda dekorasyon unsuru olarak \u00e7ok kolay kullan\u0131labilmekte. Ni\u015flerin i\u00e7inde ve sehpa ve dar raflar\u0131n \u00fczerilerinde rahatl\u0131kla kendilerine yer bulurlar. Yar\u0131 a\u00e7\u0131k ya da k\u00fc\u00e7\u00fck bir penceresi olan cam fanuslarda da kombine edilmekte ve en beceriksiz ki\u015filerin evinde bile sava\u015f\u00e7\u0131 ruhlar\u0131yla hayat bulabilmektedir, yeter ki yeterli g\u00fcne\u015fi g\u00f6rs\u00fcn\u2026<\/p>\n<p><a href=\"https:\/\/www.evimitasarla.net\/ev-dekorasyon-fikirleri-blog\/wp-content\/uploads\/2018\/02\/00d8c5c1fd52c11ab7e80029471d3726.jpg\"><img loading=\"lazy\" decoding=\"async\" class=\"aligncenter wp-image-967\" src=\"https:\/\/www.evimitasarla.net\/ev-dekorasyon-fikirleri-blog\/wp-content\/uploads\/2018\/02\/00d8c5c1fd52c11ab7e80029471d3726.jpg\" alt=\"salon palmiyesi\" width=\"313\" height=\"444\" srcset=\"https:\/\/www.evimitasarla.net\/ev-dekorasyon-fikirleri-blog\/wp-content\/uploads\/2018\/02\/00d8c5c1fd52c11ab7e80029471d3726.jpg 564w, https:\/\/www.evimitasarla.net\/ev-dekorasyon-fikirleri-blog\/wp-content\/uploads\/2018\/02\/00d8c5c1fd52c11ab7e80029471d3726-212x300.jpg 212w\" sizes=\"auto, (max-width: 313px) 100vw, 313px\" \/><\/a><\/p>\n<p>Salon palmiyesi; B\u00fcy\u00fck k\u00fctleye ula\u015fan ve g\u00fcr bir bitki aray\u0131\u015f\u0131nda iseniz palmiyeler tam size g\u00f6redir. Bu bitki i\u00e7in salonunuzun ayd\u0131nl\u0131k ve geni\u015f\u00e7e olmas\u0131 \u00e7ok \u00f6nemlidir.<\/p>\n<p><a href=\"https:\/\/www.evimitasarla.net\/ev-dekorasyon-fikirleri-blog\/wp-content\/uploads\/2018\/02\/zimerpflanzen-bilder-zitronenbaum-topfpflanze.jpg\"><img loading=\"lazy\" decoding=\"async\" class=\"aligncenter wp-image-966\" src=\"https:\/\/www.evimitasarla.net\/ev-dekorasyon-fikirleri-blog\/wp-content\/uploads\/2018\/02\/zimerpflanzen-bilder-zitronenbaum-topfpflanze.jpg\" alt=\"limon a\u011fac\u0131\" width=\"363\" height=\"545\" srcset=\"https:\/\/www.evimitasarla.net\/ev-dekorasyon-fikirleri-blog\/wp-content\/uploads\/2018\/02\/zimerpflanzen-bilder-zitronenbaum-topfpflanze.jpg 600w, https:\/\/www.evimitasarla.net\/ev-dekorasyon-fikirleri-blog\/wp-content\/uploads\/2018\/02\/zimerpflanzen-bilder-zitronenbaum-topfpflanze-200x300.jpg 200w\" sizes=\"auto, (max-width: 363px) 100vw, 363px\" \/><\/a><\/p>\n<p>Limon a\u011fac\u0131; Kendisi a\u011fa\u00e7 olmas\u0131na ra\u011fmen ev i\u00e7inde de kolayl\u0131kla kullan\u0131labilecek b\u00fcy\u00fckl\u00fcktedir. Sar\u0131 ye\u015fil g\u00f6r\u00fcnt\u00fcs\u00fc ve sald\u0131\u011f\u0131 ho\u015f koku ya\u015fam alanlar\u0131n\u0131za zenginlik ve sofistike bir g\u00f6r\u00fcnt\u00fc katacakt\u0131r.<\/p>\n<p><a href=\"https:\/\/www.evimitasarla.net\/ev-dekorasyon-fikirleri-blog\/wp-content\/uploads\/2018\/02\/efb075612ed2a07a8023d66335322b01.jpg\"><img loading=\"lazy\" decoding=\"async\" class=\"aligncenter wp-image-963\" src=\"https:\/\/www.evimitasarla.net\/ev-dekorasyon-fikirleri-blog\/wp-content\/uploads\/2018\/02\/efb075612ed2a07a8023d66335322b01.jpg\" alt=\"yuka bitkisi\" width=\"331\" height=\"457\" srcset=\"https:\/\/www.evimitasarla.net\/ev-dekorasyon-fikirleri-blog\/wp-content\/uploads\/2018\/02\/efb075612ed2a07a8023d66335322b01.jpg 470w, https:\/\/www.evimitasarla.net\/ev-dekorasyon-fikirleri-blog\/wp-content\/uploads\/2018\/02\/efb075612ed2a07a8023d66335322b01-217x300.jpg 217w\" sizes=\"auto, (max-width: 331px) 100vw, 331px\" \/><\/a><\/p>\n<p style=\"text-align: center;\">Yuka; \u00c7ok b\u00fcy\u00fck olmayan palmiyeye benzer bu bitki sehpalar\u0131n\u0131z \u00fczerinde ya da ufak bir k\u00f6\u015fede \u00e7oklu bir \u015fekilde de kendilerine yer bulabilirler.<\/p>\n<p><a href=\"https:\/\/www.evimitasarla.net\/ev-dekorasyon-fikirleri-blog\/wp-content\/uploads\/2018\/02\/47f2c038100d44208230a55074427077.jpg\"><img loading=\"lazy\" decoding=\"async\" class=\"aligncenter wp-image-935\" src=\"https:\/\/www.evimitasarla.net\/ev-dekorasyon-fikirleri-blog\/wp-content\/uploads\/2018\/02\/47f2c038100d44208230a55074427077.jpg\" alt=\"pa\u015fa k\u0131l\u0131c\u0131 bitkisi\" width=\"351\" height=\"647\" srcset=\"https:\/\/www.evimitasarla.net\/ev-dekorasyon-fikirleri-blog\/wp-content\/uploads\/2018\/02\/47f2c038100d44208230a55074427077.jpg 564w, https:\/\/www.evimitasarla.net\/ev-dekorasyon-fikirleri-blog\/wp-content\/uploads\/2018\/02\/47f2c038100d44208230a55074427077-163x300.jpg 163w, https:\/\/www.evimitasarla.net\/ev-dekorasyon-fikirleri-blog\/wp-content\/uploads\/2018\/02\/47f2c038100d44208230a55074427077-556x1024.jpg 556w\" sizes=\"auto, (max-width: 351px) 100vw, 351px\" \/><\/a><\/p>\n<p style=\"text-align: left;\">Pa\u015fa K\u0131l\u0131c\u0131; Bu da cam kenar\u0131na ihtiya\u00e7 duymayan bitkilerden oldu\u011fu i\u00e7in <a href=\"https:\/\/www.evimitasarla.net\/salon-dekorasyonu-hd-102109\">salonun<\/a> i\u00e7lerinde antrelerde kullan\u0131labilir. \u00d6zellikle ince uzun post\u00fcr\u00fcyle dekorasyona heykelsi bir renk katar.<\/p>\n<p><a href=\"https:\/\/www.evimitasarla.net\/ev-dekorasyon-fikirleri-blog\/wp-content\/uploads\/2018\/02\/k\u00f6stliches-fensterblatt-zimerpflanzen-pflegeleicht-topfpflanzen.jpg\"><img loading=\"lazy\" decoding=\"async\" class=\"aligncenter wp-image-965\" src=\"https:\/\/www.evimitasarla.net\/ev-dekorasyon-fikirleri-blog\/wp-content\/uploads\/2018\/02\/k\u00f6stliches-fensterblatt-zimerpflanzen-pflegeleicht-topfpflanzen.jpg\" alt=\"deve taban\u0131\" width=\"359\" height=\"494\" srcset=\"https:\/\/www.evimitasarla.net\/ev-dekorasyon-fikirleri-blog\/wp-content\/uploads\/2018\/02\/k\u00f6stliches-fensterblatt-zimerpflanzen-pflegeleicht-topfpflanzen.jpg 600w, https:\/\/www.evimitasarla.net\/ev-dekorasyon-fikirleri-blog\/wp-content\/uploads\/2018\/02\/k\u00f6stliches-fensterblatt-zimerpflanzen-pflegeleicht-topfpflanzen-218x300.jpg 218w\" sizes=\"auto, (max-width: 359px) 100vw, 359px\" \/><\/a><\/p>\n<p>Deve Taban\u0131; En b\u00fcy\u00fck ev bitkilerinden\u00a0 olan\u00a0 deve taban\u0131 do\u011frudan g\u00fcne\u015f \u0131\u015f\u0131\u011f\u0131 istemez ama ayd\u0131nl\u0131k ortam sever, e\u011fer salonunuz yeterince ayd\u0131nl\u0131ksa ve doldurmak istedi\u011finiz b\u00fcy\u00fck\u00e7e bir alan\u0131n\u0131z varsa ana vatan\u0131 olan G\u00fcney Amerika\u2019n\u0131n ya\u011fmur ormanlar\u0131 havas\u0131n\u0131 evinize getirir\u2026<a href=\"https:\/\/www.evimitasarla.net\/ev-dekorasyon-fikirleri-blog\/wp-content\/uploads\/2018\/02\/4806af0c7e26f08ea182ab523510fd9d.jpg\"><img loading=\"lazy\" decoding=\"async\" class=\"aligncenter wp-image-944\" src=\"https:\/\/www.evimitasarla.net\/ev-dekorasyon-fikirleri-blog\/wp-content\/uploads\/2018\/02\/4806af0c7e26f08ea182ab523510fd9d.jpg\" alt=\"kau\u00e7uk bitkisi\" width=\"355\" height=\"533\" srcset=\"https:\/\/www.evimitasarla.net\/ev-dekorasyon-fikirleri-blog\/wp-content\/uploads\/2018\/02\/4806af0c7e26f08ea182ab523510fd9d.jpg 564w, https:\/\/www.evimitasarla.net\/ev-dekorasyon-fikirleri-blog\/wp-content\/uploads\/2018\/02\/4806af0c7e26f08ea182ab523510fd9d-200x300.jpg 200w\" sizes=\"auto, (max-width: 355px) 100vw, 355px\" \/><\/a><\/p>\n<p>Kau\u00e7uk; Kal\u0131n yapraklar\u0131 ile kau\u00e7uk k\u00fc\u00e7\u00fckken annelerimizin evinden hat\u0131rlad\u0131klar\u0131m\u0131zdan\u2026 Son derece dayan\u0131kl\u0131 bir bitki oldu\u011fu i\u00e7in her t\u00fcrl\u00fc ortamda kullan\u0131labilir, \u00e7ok geni\u015flemeden y\u00fckselmesi orta boy salonlarda da kolayl\u0131kla yerle\u015ftirilebilmesine neden olur.<\/p>\n<p><a href=\"https:\/\/www.evimitasarla.net\/ev-dekorasyon-fikirleri-blog\/wp-content\/uploads\/2018\/02\/df77d33274e5bf53eca069ed5dd1d2ec.jpg\"><img loading=\"lazy\" decoding=\"async\" class=\"aligncenter wp-image-957\" src=\"https:\/\/www.evimitasarla.net\/ev-dekorasyon-fikirleri-blog\/wp-content\/uploads\/2018\/02\/df77d33274e5bf53eca069ed5dd1d2ec.jpg\" alt=\"kau\u00e7uk bitkisi\" width=\"353\" height=\"530\" srcset=\"https:\/\/www.evimitasarla.net\/ev-dekorasyon-fikirleri-blog\/wp-content\/uploads\/2018\/02\/df77d33274e5bf53eca069ed5dd1d2ec.jpg 564w, https:\/\/www.evimitasarla.net\/ev-dekorasyon-fikirleri-blog\/wp-content\/uploads\/2018\/02\/df77d33274e5bf53eca069ed5dd1d2ec-200x300.jpg 200w\" sizes=\"auto, (max-width: 353px) 100vw, 353px\" \/><\/a><\/p>\n<p style=\"text-align: left;\">Benjamin; Minik ve alacal\u0131 yapraklar\u0131 ve kolay bak\u0131m\u0131 ile bonus bir ev a\u011fac\u0131 ar\u0131yorsan\u0131z, i\u015fte buldunuz\u2026 Benjamin do\u011fru \u0131\u015f\u0131k\u0131 ve sulamay\u0131 buldu\u011funda h\u0131zla g\u00fcrle\u015ferek b\u00fcy\u00fcyecek ve geni\u015f\u00e7e bir alana ihtiya\u00e7 duyacakt\u0131r.<\/p>\n<p><span style=\"text-transform: initial;\">Bu g\u00fczel ye\u015fil bitkilerin yan\u0131nda zaman zaman a\u00e7an renkli \u00e7i\u00e7ekleriyle mekanlara y\u00fcksek ya\u015fam enerjisi pompalayan bitkiler de her zaman dekorasyonun e\u011flenceli unsurlar\u0131d\u0131r. Ev \u00e7i\u00e7ekleri ile salonda \u00e7i\u00e7ek dekorasyonu yapmak g\u00fczel bir fikir olabilir. Evde yapaca\u011f\u0131n\u0131z bir \u00e7i\u00e7ek k\u00f6\u015fesi size \u00e7ok iyi gelecek. Orkide, flamingo \u00e7i\u00e7e\u011fi, yelken \u00e7i\u00e7e\u011fi, siklamen, gardenya, a\u00e7elya, lilyum ve menek\u015fe \u00e7o\u011funlukla evlerde kullan\u0131lan renk c\u00fcmb\u00fc\u015fleridir.\u00a0<\/span><\/p>\n<h6>Bitkilerin cinsleri kadar nas\u0131l sunulduklar\u0131 nereye yerle\u015ftirildikleri de dekorasyon a\u00e7\u0131s\u0131nda bir o kadar \u00f6nemlidir<\/h6>\n<p>\u0130\u015fte size baz\u0131 \u00e7i\u00e7ek sunum \u00f6nerilerimiz;<\/p>\n<h3>Sehpalarda saks\u0131lar<\/h3>\n<h6><a href=\"https:\/\/www.evimitasarla.net\/ev-dekorasyon-fikirleri-blog\/wp-content\/uploads\/2018\/02\/2cb0b73f904a4019fca6c4afa7714645.jpg\"><img loading=\"lazy\" decoding=\"async\" class=\"alignnone wp-image-920\" src=\"https:\/\/www.evimitasarla.net\/ev-dekorasyon-fikirleri-blog\/wp-content\/uploads\/2018\/02\/2cb0b73f904a4019fca6c4afa7714645.jpg\" alt=\"dekoratif sehpada saks\u0131\" width=\"297\" height=\"446\" data-pin-me-only=\"true\" srcset=\"https:\/\/www.evimitasarla.net\/ev-dekorasyon-fikirleri-blog\/wp-content\/uploads\/2018\/02\/2cb0b73f904a4019fca6c4afa7714645.jpg 564w, https:\/\/www.evimitasarla.net\/ev-dekorasyon-fikirleri-blog\/wp-content\/uploads\/2018\/02\/2cb0b73f904a4019fca6c4afa7714645-200x300.jpg 200w\" sizes=\"auto, (max-width: 297px) 100vw, 297px\" \/><\/a> <a href=\"https:\/\/www.evimitasarla.net\/ev-dekorasyon-fikirleri-blog\/wp-content\/uploads\/2018\/02\/0fd136d9f4012ff760cb81298c81e214.jpg\"><img loading=\"lazy\" decoding=\"async\" class=\"alignnone wp-image-917\" src=\"https:\/\/www.evimitasarla.net\/ev-dekorasyon-fikirleri-blog\/wp-content\/uploads\/2018\/02\/0fd136d9f4012ff760cb81298c81e214.jpg\" alt=\"saks\u0131 tasar\u0131m\u0131\" width=\"351\" height=\"351\" srcset=\"https:\/\/www.evimitasarla.net\/ev-dekorasyon-fikirleri-blog\/wp-content\/uploads\/2018\/02\/0fd136d9f4012ff760cb81298c81e214.jpg 564w, https:\/\/www.evimitasarla.net\/ev-dekorasyon-fikirleri-blog\/wp-content\/uploads\/2018\/02\/0fd136d9f4012ff760cb81298c81e214-150x150.jpg 150w, https:\/\/www.evimitasarla.net\/ev-dekorasyon-fikirleri-blog\/wp-content\/uploads\/2018\/02\/0fd136d9f4012ff760cb81298c81e214-300x300.jpg 300w, https:\/\/www.evimitasarla.net\/ev-dekorasyon-fikirleri-blog\/wp-content\/uploads\/2018\/02\/0fd136d9f4012ff760cb81298c81e214-100x100.jpg 100w\" sizes=\"auto, (max-width: 351px) 100vw, 351px\" \/><\/a><\/h6>\n<p><a href=\"https:\/\/www.evimitasarla.net\/ev-dekorasyon-fikirleri-blog\/wp-content\/uploads\/2018\/02\/a1331d4bf8bc770d7f85d4ca50e2f2f5.jpg\"><img loading=\"lazy\" decoding=\"async\" class=\"alignnone wp-image-953\" src=\"https:\/\/www.evimitasarla.net\/ev-dekorasyon-fikirleri-blog\/wp-content\/uploads\/2018\/02\/a1331d4bf8bc770d7f85d4ca50e2f2f5.jpg\" alt=\"sehpada saks\u0131\" width=\"324\" height=\"486\" srcset=\"https:\/\/www.evimitasarla.net\/ev-dekorasyon-fikirleri-blog\/wp-content\/uploads\/2018\/02\/a1331d4bf8bc770d7f85d4ca50e2f2f5.jpg 484w, https:\/\/www.evimitasarla.net\/ev-dekorasyon-fikirleri-blog\/wp-content\/uploads\/2018\/02\/a1331d4bf8bc770d7f85d4ca50e2f2f5-200x300.jpg 200w\" sizes=\"auto, (max-width: 324px) 100vw, 324px\" \/><\/a> <a href=\"https:\/\/www.evimitasarla.net\/ev-dekorasyon-fikirleri-blog\/wp-content\/uploads\/2018\/02\/e31e0ae2bf0c2f22015eaece88707786.jpg\"><img loading=\"lazy\" decoding=\"async\" class=\"alignnone wp-image-961\" src=\"https:\/\/www.evimitasarla.net\/ev-dekorasyon-fikirleri-blog\/wp-content\/uploads\/2018\/02\/e31e0ae2bf0c2f22015eaece88707786.jpg\" alt=\"dekoratif sehpada saks\u0131\" width=\"307\" height=\"461\" srcset=\"https:\/\/www.evimitasarla.net\/ev-dekorasyon-fikirleri-blog\/wp-content\/uploads\/2018\/02\/e31e0ae2bf0c2f22015eaece88707786.jpg 564w, https:\/\/www.evimitasarla.net\/ev-dekorasyon-fikirleri-blog\/wp-content\/uploads\/2018\/02\/e31e0ae2bf0c2f22015eaece88707786-200x300.jpg 200w\" sizes=\"auto, (max-width: 307px) 100vw, 307px\" \/><\/a><\/p>\n<p>Evin farkl\u0131 notalar\u0131nda kullan\u0131lacak sehpalara renk vermek amac\u0131yla kullan\u0131l\u0131r<\/p>\n<h3>Duvar saks\u0131lar\u0131<\/h3>\n<p><a href=\"https:\/\/www.evimitasarla.net\/ev-dekorasyon-fikirleri-blog\/wp-content\/uploads\/2018\/02\/45fcb3b77b596e708ca7817f086dff2c.jpg\"><img loading=\"lazy\" decoding=\"async\" class=\"alignnone wp-image-934\" src=\"https:\/\/www.evimitasarla.net\/ev-dekorasyon-fikirleri-blog\/wp-content\/uploads\/2018\/02\/45fcb3b77b596e708ca7817f086dff2c.jpg\" alt=\"duvarda saks\u0131 tasar\u0131m\u0131\" width=\"296\" height=\"475\" srcset=\"https:\/\/www.evimitasarla.net\/ev-dekorasyon-fikirleri-blog\/wp-content\/uploads\/2018\/02\/45fcb3b77b596e708ca7817f086dff2c.jpg 376w, https:\/\/www.evimitasarla.net\/ev-dekorasyon-fikirleri-blog\/wp-content\/uploads\/2018\/02\/45fcb3b77b596e708ca7817f086dff2c-187x300.jpg 187w\" sizes=\"auto, (max-width: 296px) 100vw, 296px\" \/><\/a> <a href=\"https:\/\/www.evimitasarla.net\/ev-dekorasyon-fikirleri-blog\/wp-content\/uploads\/2018\/02\/37eb27b3149303877228b219dfa122ed.jpg\"><img loading=\"lazy\" decoding=\"async\" class=\"alignnone wp-image-933\" src=\"https:\/\/www.evimitasarla.net\/ev-dekorasyon-fikirleri-blog\/wp-content\/uploads\/2018\/02\/37eb27b3149303877228b219dfa122ed.jpg\" alt=\"duvarda saks\u0131 tasar\u0131m\u0131 fikirleri\" width=\"309\" height=\"464\" srcset=\"https:\/\/www.evimitasarla.net\/ev-dekorasyon-fikirleri-blog\/wp-content\/uploads\/2018\/02\/37eb27b3149303877228b219dfa122ed.jpg 400w, https:\/\/www.evimitasarla.net\/ev-dekorasyon-fikirleri-blog\/wp-content\/uploads\/2018\/02\/37eb27b3149303877228b219dfa122ed-200x300.jpg 200w\" sizes=\"auto, (max-width: 309px) 100vw, 309px\" \/><\/a> <a href=\"https:\/\/www.evimitasarla.net\/ev-dekorasyon-fikirleri-blog\/wp-content\/uploads\/2018\/02\/8dba6e876a6554ed5e4a49045751dfca.jpg\"><img loading=\"lazy\" decoding=\"async\" class=\"alignnone wp-image-931\" src=\"https:\/\/www.evimitasarla.net\/ev-dekorasyon-fikirleri-blog\/wp-content\/uploads\/2018\/02\/8dba6e876a6554ed5e4a49045751dfca.jpg\" alt=\"kiremit duvarda saks\u0131 tasar\u0131m\u0131\" width=\"279\" height=\"515\" srcset=\"https:\/\/www.evimitasarla.net\/ev-dekorasyon-fikirleri-blog\/wp-content\/uploads\/2018\/02\/8dba6e876a6554ed5e4a49045751dfca.jpg 300w, https:\/\/www.evimitasarla.net\/ev-dekorasyon-fikirleri-blog\/wp-content\/uploads\/2018\/02\/8dba6e876a6554ed5e4a49045751dfca-162x300.jpg 162w\" sizes=\"auto, (max-width: 279px) 100vw, 279px\" \/><\/a> <a href=\"https:\/\/www.evimitasarla.net\/ev-dekorasyon-fikirleri-blog\/wp-content\/uploads\/2018\/02\/5c0ff2005aec5e775acf55bfad04cf7f.jpg\"><img loading=\"lazy\" decoding=\"async\" class=\"alignnone wp-image-924\" src=\"https:\/\/www.evimitasarla.net\/ev-dekorasyon-fikirleri-blog\/wp-content\/uploads\/2018\/02\/5c0ff2005aec5e775acf55bfad04cf7f.jpg\" alt=\"salon duvar\u0131nda dekoratif saks\u0131 tasar\u0131m\u0131\" width=\"328\" height=\"491\" srcset=\"https:\/\/www.evimitasarla.net\/ev-dekorasyon-fikirleri-blog\/wp-content\/uploads\/2018\/02\/5c0ff2005aec5e775acf55bfad04cf7f.jpg 564w, https:\/\/www.evimitasarla.net\/ev-dekorasyon-fikirleri-blog\/wp-content\/uploads\/2018\/02\/5c0ff2005aec5e775acf55bfad04cf7f-200x300.jpg 200w\" sizes=\"auto, (max-width: 328px) 100vw, 328px\" \/><\/a><\/p>\n<p>Duvarlarda kullan\u0131lmak \u00fczere yap\u0131lm\u0131\u015f \u00f6zel saks\u0131lar antreler, koridorlar ve merdivenler gibi ge\u00e7i\u015f alanlar\u0131n\u0131n duvarlar\u0131nda do\u011fal bir dekor olu\u015ftururlar<\/p>\n<h3>Cam fanuslarda saks\u0131lar<\/h3>\n<h6><a href=\"https:\/\/www.evimitasarla.net\/ev-dekorasyon-fikirleri-blog\/wp-content\/uploads\/2018\/02\/e4692a983b06821bedc866c27d0a223a.jpg\"><img loading=\"lazy\" decoding=\"async\" class=\"alignnone wp-image-971\" src=\"https:\/\/www.evimitasarla.net\/ev-dekorasyon-fikirleri-blog\/wp-content\/uploads\/2018\/02\/e4692a983b06821bedc866c27d0a223a.jpg\" alt=\"cam fanusta dekoratif bitkiler\" width=\"374\" height=\"374\" srcset=\"https:\/\/www.evimitasarla.net\/ev-dekorasyon-fikirleri-blog\/wp-content\/uploads\/2018\/02\/e4692a983b06821bedc866c27d0a223a.jpg 564w, https:\/\/www.evimitasarla.net\/ev-dekorasyon-fikirleri-blog\/wp-content\/uploads\/2018\/02\/e4692a983b06821bedc866c27d0a223a-150x150.jpg 150w, https:\/\/www.evimitasarla.net\/ev-dekorasyon-fikirleri-blog\/wp-content\/uploads\/2018\/02\/e4692a983b06821bedc866c27d0a223a-300x300.jpg 300w, https:\/\/www.evimitasarla.net\/ev-dekorasyon-fikirleri-blog\/wp-content\/uploads\/2018\/02\/e4692a983b06821bedc866c27d0a223a-100x100.jpg 100w\" sizes=\"auto, (max-width: 374px) 100vw, 374px\" \/><\/a> <a href=\"https:\/\/www.evimitasarla.net\/ev-dekorasyon-fikirleri-blog\/wp-content\/uploads\/2018\/02\/3a29bfebc6a804ca7bbfc5fc153a2a10.jpg\"><img loading=\"lazy\" decoding=\"async\" class=\"alignnone wp-image-970\" src=\"https:\/\/www.evimitasarla.net\/ev-dekorasyon-fikirleri-blog\/wp-content\/uploads\/2018\/02\/3a29bfebc6a804ca7bbfc5fc153a2a10.jpg\" alt=\"gri tonlu duvar \u00f6n\u00fc i\u00e7in cam fanusta dekoratif bitki \u00f6rnekleri\" width=\"265\" height=\"424\" srcset=\"https:\/\/www.evimitasarla.net\/ev-dekorasyon-fikirleri-blog\/wp-content\/uploads\/2018\/02\/3a29bfebc6a804ca7bbfc5fc153a2a10.jpg 400w, https:\/\/www.evimitasarla.net\/ev-dekorasyon-fikirleri-blog\/wp-content\/uploads\/2018\/02\/3a29bfebc6a804ca7bbfc5fc153a2a10-188x300.jpg 188w\" sizes=\"auto, (max-width: 265px) 100vw, 265px\" \/><\/a><\/h6>\n<p>Genellikle sukulnet ve kakt\u00fcsleri kombinlemek i\u00e7in kullan\u0131l\u0131r ve biblo tad\u0131nda bir dekorasyon unsurudur. <a href=\"https:\/\/www.evimitasarla.net\/calisma-odasi-dekorasyonu-hd-102129\">\u00c7al\u0131\u015fma odalar\u0131nda<\/a> \u00f6zellikle bilgisayar ekran\u0131n\u0131n yayd\u0131\u011f\u0131 radyasyonu absorbe edece\u011fi i\u00e7in \u00f6nerilmektedir.<\/p>\n<h3>Tavandan sark\u0131tma saks\u0131lar<\/h3>\n<p><a href=\"https:\/\/www.evimitasarla.net\/ev-dekorasyon-fikirleri-blog\/wp-content\/uploads\/2018\/02\/edcfe3d47535f51dd1c425b3f76a4107.jpg\"><img loading=\"lazy\" decoding=\"async\" class=\"alignnone wp-image-962\" src=\"https:\/\/www.evimitasarla.net\/ev-dekorasyon-fikirleri-blog\/wp-content\/uploads\/2018\/02\/edcfe3d47535f51dd1c425b3f76a4107.jpg\" alt=\"sark\u0131tma saks\u0131 g\u00f6rseli\" width=\"375\" height=\"375\" srcset=\"https:\/\/www.evimitasarla.net\/ev-dekorasyon-fikirleri-blog\/wp-content\/uploads\/2018\/02\/edcfe3d47535f51dd1c425b3f76a4107.jpg 500w, https:\/\/www.evimitasarla.net\/ev-dekorasyon-fikirleri-blog\/wp-content\/uploads\/2018\/02\/edcfe3d47535f51dd1c425b3f76a4107-150x150.jpg 150w, https:\/\/www.evimitasarla.net\/ev-dekorasyon-fikirleri-blog\/wp-content\/uploads\/2018\/02\/edcfe3d47535f51dd1c425b3f76a4107-300x300.jpg 300w, https:\/\/www.evimitasarla.net\/ev-dekorasyon-fikirleri-blog\/wp-content\/uploads\/2018\/02\/edcfe3d47535f51dd1c425b3f76a4107-100x100.jpg 100w\" sizes=\"auto, (max-width: 375px) 100vw, 375px\" \/><\/a> <a href=\"https:\/\/www.evimitasarla.net\/ev-dekorasyon-fikirleri-blog\/wp-content\/uploads\/2018\/02\/788cce7ed076cd241c1fe53a0104801d.jpg\"><img loading=\"lazy\" decoding=\"async\" class=\"alignnone wp-image-943\" src=\"https:\/\/www.evimitasarla.net\/ev-dekorasyon-fikirleri-blog\/wp-content\/uploads\/2018\/02\/788cce7ed076cd241c1fe53a0104801d.jpg\" alt=\"cam kenar\u0131 dekoru olarak kullan\u0131lan ev bitkileri \" width=\"262\" height=\"393\" srcset=\"https:\/\/www.evimitasarla.net\/ev-dekorasyon-fikirleri-blog\/wp-content\/uploads\/2018\/02\/788cce7ed076cd241c1fe53a0104801d.jpg 427w, https:\/\/www.evimitasarla.net\/ev-dekorasyon-fikirleri-blog\/wp-content\/uploads\/2018\/02\/788cce7ed076cd241c1fe53a0104801d-200x300.jpg 200w\" sizes=\"auto, (max-width: 262px) 100vw, 262px\" \/><\/a> <a href=\"https:\/\/www.evimitasarla.net\/ev-dekorasyon-fikirleri-blog\/wp-content\/uploads\/2018\/02\/69b58192e950a26e5ec1047524062ef2.jpg\"><img loading=\"lazy\" decoding=\"async\" class=\"alignnone wp-image-936\" src=\"https:\/\/www.evimitasarla.net\/ev-dekorasyon-fikirleri-blog\/wp-content\/uploads\/2018\/02\/69b58192e950a26e5ec1047524062ef2.jpg\" alt=\"yukar\u0131dan as\u0131lm\u0131\u015f ev bitkisi dekoru \" width=\"306\" height=\"459\" srcset=\"https:\/\/www.evimitasarla.net\/ev-dekorasyon-fikirleri-blog\/wp-content\/uploads\/2018\/02\/69b58192e950a26e5ec1047524062ef2.jpg 564w, https:\/\/www.evimitasarla.net\/ev-dekorasyon-fikirleri-blog\/wp-content\/uploads\/2018\/02\/69b58192e950a26e5ec1047524062ef2-200x300.jpg 200w\" sizes=\"auto, (max-width: 306px) 100vw, 306px\" \/><\/a> <a href=\"https:\/\/www.evimitasarla.net\/ev-dekorasyon-fikirleri-blog\/wp-content\/uploads\/2018\/02\/84d46a4b8d4a0dab179cad02259068b3.jpg\"><img loading=\"lazy\" decoding=\"async\" class=\"alignnone wp-image-939\" src=\"https:\/\/www.evimitasarla.net\/ev-dekorasyon-fikirleri-blog\/wp-content\/uploads\/2018\/02\/84d46a4b8d4a0dab179cad02259068b3.jpg\" alt=\"duvara as\u0131lm\u0131\u015f bitki dekorlar\u0131\" width=\"339\" height=\"424\" srcset=\"https:\/\/www.evimitasarla.net\/ev-dekorasyon-fikirleri-blog\/wp-content\/uploads\/2018\/02\/84d46a4b8d4a0dab179cad02259068b3.jpg 550w, https:\/\/www.evimitasarla.net\/ev-dekorasyon-fikirleri-blog\/wp-content\/uploads\/2018\/02\/84d46a4b8d4a0dab179cad02259068b3-240x300.jpg 240w\" sizes=\"auto, (max-width: 339px) 100vw, 339px\" \/><\/a><\/p>\n<p>\u00c7e\u015fitli asma aparatlar\u0131yla mutfaklarda ayd\u0131nl\u0131k banyolarda ve k\u0131\u015f bah\u00e7elerinde keyifli g\u00f6rseller yarat\u0131r<\/p>\n<h3>Kademeli setlerde &amp; Merdivenlerde saks\u0131lar\u0131<\/h3>\n<p><a href=\"https:\/\/www.evimitasarla.net\/ev-dekorasyon-fikirleri-blog\/wp-content\/uploads\/2018\/02\/5e05abfa162bec32498a5e01d1161c5e.jpg\"><img loading=\"lazy\" decoding=\"async\" class=\"alignnone wp-image-926\" src=\"https:\/\/www.evimitasarla.net\/ev-dekorasyon-fikirleri-blog\/wp-content\/uploads\/2018\/02\/5e05abfa162bec32498a5e01d1161c5e.jpg\" alt=\"tahta merdivende saks\u0131lar\" width=\"308\" height=\"475\" srcset=\"https:\/\/www.evimitasarla.net\/ev-dekorasyon-fikirleri-blog\/wp-content\/uploads\/2018\/02\/5e05abfa162bec32498a5e01d1161c5e.jpg 564w, https:\/\/www.evimitasarla.net\/ev-dekorasyon-fikirleri-blog\/wp-content\/uploads\/2018\/02\/5e05abfa162bec32498a5e01d1161c5e-194x300.jpg 194w\" sizes=\"auto, (max-width: 308px) 100vw, 308px\" \/><\/a> <a href=\"https:\/\/www.evimitasarla.net\/ev-dekorasyon-fikirleri-blog\/wp-content\/uploads\/2018\/02\/4873e44b71855d2cfb2a468f2f8f7ed0.jpg\"><img loading=\"lazy\" decoding=\"async\" class=\"alignnone wp-image-945\" src=\"https:\/\/www.evimitasarla.net\/ev-dekorasyon-fikirleri-blog\/wp-content\/uploads\/2018\/02\/4873e44b71855d2cfb2a468f2f8f7ed0.jpg\" alt=\"beyaz ah\u015fap merdivende saks\u0131lar\" width=\"337\" height=\"506\" srcset=\"https:\/\/www.evimitasarla.net\/ev-dekorasyon-fikirleri-blog\/wp-content\/uploads\/2018\/02\/4873e44b71855d2cfb2a468f2f8f7ed0.jpg 564w, https:\/\/www.evimitasarla.net\/ev-dekorasyon-fikirleri-blog\/wp-content\/uploads\/2018\/02\/4873e44b71855d2cfb2a468f2f8f7ed0-200x300.jpg 200w\" sizes=\"auto, (max-width: 337px) 100vw, 337px\" \/><\/a><\/p>\n<p>Ya\u015fam alan\u0131n\u0131n bir k\u00f6\u015fesinde farkl\u0131 kademelerdeki setlere yerle\u015ftirilecek saks\u0131lar irili ufakl\u0131 bitkilerden b\u00fcy\u00fck bir kombinasyon yaratmaya imkan sa\u011flar<\/p>\n<h3>\u00a0Zemindeki saks\u0131lar<\/h3>\n<p><a href=\"https:\/\/www.evimitasarla.net\/ev-dekorasyon-fikirleri-blog\/wp-content\/uploads\/2018\/02\/1460495c65add12f4a266945e532e11e.jpg\"><img loading=\"lazy\" decoding=\"async\" class=\"alignnone wp-image-950\" src=\"https:\/\/www.evimitasarla.net\/ev-dekorasyon-fikirleri-blog\/wp-content\/uploads\/2018\/02\/1460495c65add12f4a266945e532e11e.jpg\" alt=\"zeminde konumland\u0131r\u0131lm\u0131\u015f dekoratif saks\u0131lar\" width=\"308\" height=\"411\" srcset=\"https:\/\/www.evimitasarla.net\/ev-dekorasyon-fikirleri-blog\/wp-content\/uploads\/2018\/02\/1460495c65add12f4a266945e532e11e.jpg 564w, https:\/\/www.evimitasarla.net\/ev-dekorasyon-fikirleri-blog\/wp-content\/uploads\/2018\/02\/1460495c65add12f4a266945e532e11e-225x300.jpg 225w\" sizes=\"auto, (max-width: 308px) 100vw, 308px\" \/><\/a> <a href=\"https:\/\/www.evimitasarla.net\/ev-dekorasyon-fikirleri-blog\/wp-content\/uploads\/2018\/02\/71c8bd562a48f9f41b99c91c46e0748e.jpg\"><img loading=\"lazy\" decoding=\"async\" class=\"alignnone wp-image-937\" src=\"https:\/\/www.evimitasarla.net\/ev-dekorasyon-fikirleri-blog\/wp-content\/uploads\/2018\/02\/71c8bd562a48f9f41b99c91c46e0748e.jpg\" alt=\"ayna yan\u0131na konumland\u0131r\u0131lm\u0131\u015f saks\u0131\" width=\"327\" height=\"466\" srcset=\"https:\/\/www.evimitasarla.net\/ev-dekorasyon-fikirleri-blog\/wp-content\/uploads\/2018\/02\/71c8bd562a48f9f41b99c91c46e0748e.jpg 564w, https:\/\/www.evimitasarla.net\/ev-dekorasyon-fikirleri-blog\/wp-content\/uploads\/2018\/02\/71c8bd562a48f9f41b99c91c46e0748e-210x300.jpg 210w\" sizes=\"auto, (max-width: 327px) 100vw, 327px\" \/><\/a><\/p>\n<p>B\u00fcy\u00fck ve k\u00fc\u00e7\u00fck bir\u00e7ok bitkiler i\u00e7in farkl\u0131 y\u00fckseklikte ve formda zemin saks\u0131lar\u0131 kullan\u0131ld\u0131\u011f\u0131nda dekorasyona apayr\u0131 bir hava katacakt\u0131r.<\/p>\n<p style=\"text-align: left;\"><a href=\"https:\/\/www.evimitasarla.net\/ev-dekorasyon-fikirleri-blog\/wp-content\/uploads\/2018\/02\/45364ff069e9ffe013667fb84364e6d5.jpg\"><img loading=\"lazy\" decoding=\"async\" class=\"aligncenter wp-image-946\" src=\"https:\/\/www.evimitasarla.net\/ev-dekorasyon-fikirleri-blog\/wp-content\/uploads\/2018\/02\/45364ff069e9ffe013667fb84364e6d5.jpg\" alt=\"oturma odas\u0131 grubunda kullan\u0131lm\u0131\u015f dekoratif ev bitkileri ve saks\u0131lar\" width=\"432\" height=\"499\" srcset=\"https:\/\/www.evimitasarla.net\/ev-dekorasyon-fikirleri-blog\/wp-content\/uploads\/2018\/02\/45364ff069e9ffe013667fb84364e6d5.jpg 564w, https:\/\/www.evimitasarla.net\/ev-dekorasyon-fikirleri-blog\/wp-content\/uploads\/2018\/02\/45364ff069e9ffe013667fb84364e6d5-260x300.jpg 260w\" sizes=\"auto, (max-width: 432px) 100vw, 432px\" \/><\/a><\/p>\n<h2>Yatak odalar\u0131nda ye\u015fil<\/h2>\n<p>Ye\u015fil bitkiler g\u00fcnd\u00fcz oksijen \u00fcretmeleri nedeniyle genellikle g\u00fcnd\u00fcz ya\u015fam alanlar\u0131nda kullan\u0131lmay\u0131 tercih edilir ancak <a href=\"https:\/\/www.evimitasarla.net\/yatak-odasi-dekorasyonu-hd-102112\">yatak odalar\u0131nda<\/a> kullan\u0131ld\u0131\u011f\u0131nda sa\u011fl\u0131kl\u0131 bir uyku uyunmas\u0131na neden olan \u015fifal\u0131 bitkiler de ka\u00e7\u0131nmadan yatak odalar\u0131nda kullan\u0131labilir. Ayr\u0131ca g\u00fcn\u00fcm\u00fczde yatak odalar\u0131nda bilgisayar kullan\u0131m\u0131 epey artt\u0131\u011f\u0131 i\u00e7in radyasyondan sak\u0131nmaya yarayan kakt\u00fcslere de mutlaka yer a\u00e7\u0131lmal\u0131d\u0131r.<\/p>\n<p><a href=\"https:\/\/www.evimitasarla.net\/ev-dekorasyon-fikirleri-blog\/wp-content\/uploads\/2018\/02\/76c57a884faff7260aca83fdd893af18.jpg\"><img loading=\"lazy\" decoding=\"async\" class=\"alignnone wp-image-938\" src=\"https:\/\/www.evimitasarla.net\/ev-dekorasyon-fikirleri-blog\/wp-content\/uploads\/2018\/02\/76c57a884faff7260aca83fdd893af18.jpg\" alt=\"yatak odas\u0131nda dekoratif ev bitkileri\" width=\"269\" height=\"403\" srcset=\"https:\/\/www.evimitasarla.net\/ev-dekorasyon-fikirleri-blog\/wp-content\/uploads\/2018\/02\/76c57a884faff7260aca83fdd893af18.jpg 564w, https:\/\/www.evimitasarla.net\/ev-dekorasyon-fikirleri-blog\/wp-content\/uploads\/2018\/02\/76c57a884faff7260aca83fdd893af18-200x300.jpg 200w\" sizes=\"auto, (max-width: 269px) 100vw, 269px\" \/><\/a> <a href=\"https:\/\/www.evimitasarla.net\/ev-dekorasyon-fikirleri-blog\/wp-content\/uploads\/2018\/02\/a58d04aadaa858e06d64e36be43f81b8.jpg\"><img loading=\"lazy\" decoding=\"async\" class=\"alignnone wp-image-952\" src=\"https:\/\/www.evimitasarla.net\/ev-dekorasyon-fikirleri-blog\/wp-content\/uploads\/2018\/02\/a58d04aadaa858e06d64e36be43f81b8.jpg\" alt=\"yatak odas\u0131 ve ebeveyn odas\u0131 dekoratif bitki tasar\u0131mlar\u0131\" width=\"360\" height=\"360\" srcset=\"https:\/\/www.evimitasarla.net\/ev-dekorasyon-fikirleri-blog\/wp-content\/uploads\/2018\/02\/a58d04aadaa858e06d64e36be43f81b8.jpg 564w, https:\/\/www.evimitasarla.net\/ev-dekorasyon-fikirleri-blog\/wp-content\/uploads\/2018\/02\/a58d04aadaa858e06d64e36be43f81b8-150x150.jpg 150w, https:\/\/www.evimitasarla.net\/ev-dekorasyon-fikirleri-blog\/wp-content\/uploads\/2018\/02\/a58d04aadaa858e06d64e36be43f81b8-300x300.jpg 300w, https:\/\/www.evimitasarla.net\/ev-dekorasyon-fikirleri-blog\/wp-content\/uploads\/2018\/02\/a58d04aadaa858e06d64e36be43f81b8-100x100.jpg 100w\" sizes=\"auto, (max-width: 360px) 100vw, 360px\" \/><\/a><\/p>\n<p>Pa\u015fa k\u0131l\u0131c\u0131, lavanta, aloe vera, yasemin, kurdele \u00e7i\u00e7e\u011fi, orman sarma\u015f\u0131\u011f\u0131 ve gardenya sa\u011fl\u0131kl\u0131 uyku i\u00e7in kullan\u0131labilecek ba\u015fl\u0131ca bitkilerdir.<\/p>\n<p><a href=\"https:\/\/www.evimitasarla.net\/ev-dekorasyon-fikirleri-blog\/wp-content\/uploads\/2018\/02\/2.jpg\"><img loading=\"lazy\" decoding=\"async\" class=\"aligncenter wp-image-919\" src=\"https:\/\/www.evimitasarla.net\/ev-dekorasyon-fikirleri-blog\/wp-content\/uploads\/2018\/02\/2.jpg\" alt=\"sa\u011fl\u0131kl\u0131 uyku i\u00e7in odan\u0131zda kullanabilece\u011finiz ev bitkiler\" width=\"242\" height=\"348\" srcset=\"https:\/\/www.evimitasarla.net\/ev-dekorasyon-fikirleri-blog\/wp-content\/uploads\/2018\/02\/2.jpg 550w, https:\/\/www.evimitasarla.net\/ev-dekorasyon-fikirleri-blog\/wp-content\/uploads\/2018\/02\/2-209x300.jpg 209w\" sizes=\"auto, (max-width: 242px) 100vw, 242px\" \/><\/a><\/p>\n<p style=\"text-align: left;\">\u00a0Dekorasyona merakl\u0131ysan\u0131z e\u011fer, ucundan kenar\u0131ndan da olsa ye\u015fili seviyorsan\u0131z, \u015fimdi vakit bu i\u015fi detayl\u0131ca \u00f6\u011frenme vakti:) Unutmay\u0131n her ev i\u00e7inde ya\u015fayan\u0131n ruhuyla birle\u015fti\u011finde \u00f6zeldir&#8230;<\/p>\n\n\n<h2 class=\"wp-block-heading\">Salon Dekorasyonunda Bitkilerin Etkisi<\/h2>\n\n\n\n<p><a href=\"https:\/\/www.evimitasarla.net\/salon-dekorasyonu-hd-102109\">Salon dekorasyonu<\/a> yaparken salonunuz geni\u015fse ve bitki seviyorsan\u0131z mutlaka saks\u0131lardan yararlanmal\u0131s\u0131n\u0131z. Kullan\u0131m alan\u0131 darsa ya da e\u015fya yo\u011funlu\u011funuz varsa duvar saks\u0131lar\u0131 kullanarak hem yer tasarrufu yapabilir hem de \u015f\u0131k bir <a href=\"https:\/\/www.evimitasarla.net\/ev-dekorasyon-fikirleri-blog\/duvar-tasarimi-nerelerde-yapilabilir\/\">duvar tasar\u0131m\u0131<\/a> elde edebilirsiniz. Kapal\u0131 alanda ya\u015famaya uygun bitkiler tercih etti\u011finiz s\u00fcrece evinizde keyifli bir ye\u015fil atmosfer yaratabilir, kolayl\u0131kla bak\u0131m\u0131n\u0131 ger\u00e7ekle\u015ftirebilirsiniz. <\/p>\n\n\n\n<p>Pinterest evlerinde g\u00f6rd\u00fc\u011f\u00fcn\u00fcz \u015fahane salon bitkilerini do\u011fru saks\u0131larla bulu\u015fturarak kendi ev dekorasyonunuzu yapabilirsiniz. Salonunuzda ah\u015fap yo\u011funlu\u011fu varsa ah\u015fap saks\u0131lardan yararlanarak \u015f\u0131k dokunu\u015flarda bulunabilirsiniz. Biraz daha modern belki g\u00f6steri\u015fli bir <a href=\"https:\/\/www.evimitasarla.net\/salon-dekorasyonu-hd-102109\">salon dekorasyonu<\/a> uygulad\u0131ysan\u0131z \u00f6nerimiz metal saks\u0131lar olacakt\u0131r. <\/p>\n\n\n\n<figure class=\"wp-block-image alignright is-resized\"><img loading=\"lazy\" decoding=\"async\" width=\"640\" height=\"427\" src=\"https:\/\/www.evimitasarla.net\/ev-dekorasyon-fikirleri-blog\/wp-content\/uploads\/2021\/02\/I\u0307c\u0327-Meka\u0302n-Bitkileri-ve-Dekoratif-Saks\u0131lar.jpg\" alt=\"i\u00e7 mekan bitkisi\n\" class=\"wp-image-3880\" srcset=\"https:\/\/www.evimitasarla.net\/ev-dekorasyon-fikirleri-blog\/wp-content\/uploads\/2021\/02\/I\u0307c\u0327-Meka\u0302n-Bitkileri-ve-Dekoratif-Saks\u0131lar.jpg 640w, https:\/\/www.evimitasarla.net\/ev-dekorasyon-fikirleri-blog\/wp-content\/uploads\/2021\/02\/I\u0307c\u0327-Meka\u0302n-Bitkileri-ve-Dekoratif-Saks\u0131lar-300x200.jpg 300w\" sizes=\"auto, (max-width: 640px) 100vw, 640px\" \/><\/figure>\n\n\n\n<p>Metal saks\u0131larda siyah, g\u00fcm\u00fc\u015f ve bronz renkleri \u00e7ok \u015f\u0131k duruyor. Ayakl\u0131, y\u00fcksek metal saks\u0131lar \u015f\u0131k duru\u015fuyla ve i\u015flevselli\u011fiyle bitkilerinizin evinizde daha modern g\u00f6r\u00fcnmesini sa\u011fl\u0131yor. \u00d6zellikle sarma\u015f\u0131k ya da sark\u0131t \u015feklinde b\u00fcy\u00fcyen bitkilerde ayakl\u0131 saks\u0131 formlar\u0131 tercih ediliyor. Has\u0131r saks\u0131lar ise do\u011fal g\u00f6r\u00fcn\u00fcm\u00fcyle dekorasyonu yumu\u015fat\u0131yor. Has\u0131r saks\u0131lar\u0131n renk ve doku uyumu ferah salonlarda a\u00e7\u0131k hava atmosferi yarat\u0131yor. Dekoratif saks\u0131 modelleri ile i\u00e7 mek\u00e2n dekorasyonlar\u0131 daha kal\u0131c\u0131 ve ki\u015fisel hale geliyor. <strong>Ev dekorasyonu<\/strong> kapsam\u0131nda salon, yatak odas\u0131 ya da k\u0131\u015f bah\u00e7esi gibi alanlarda saks\u0131lardan bolca yararlanman\u0131z\u0131 \u00f6neririz.&nbsp; <\/p>\n","protected":false},"excerpt":{"rendered":"<p>Ev bitkilerinin dekorasyondaki de\u011feri sanki yeniden ke\u015ffedildi&#8230; \u015eehir ya\u015fant\u0131s\u0131 insanlar\u0131 do\u011fadan uzakla\u015ft\u0131rarak \u00e7o\u011funlukla apartmanlarda ya\u015famaya zorlamakta, ama insano\u011flunun do\u011faya ve ye\u015file olan gereksinimi kendini her zaman bir \u015fekilde belli ediyor. Ya\u015fam alanlar\u0131m\u0131zda ye\u015filin g\u00f6rsel olarak rahatlat\u0131c\u0131 y\u00f6n\u00fcn\u00fcn yan\u0131nda, beraberinde getirdi\u011fi rutin u\u011fra\u015flar da tart\u0131\u015f\u0131lmaz bir terapidir asl\u0131nda\u2026 Son y\u0131llarda bu durum herkes taraf\u0131ndan kabul edilmi\u015f &#8230; <a title=\"Dekorasyonda Y\u00fckselen De\u011fer: Ev Bitkileri\" class=\"read-more\" href=\"https:\/\/www.evimitasarla.net\/ev-dekorasyon-fikirleri-blog\/ev-dekorasyonunda-yukselen-trend-olan-ev-bitkilerinin-cinsleri-boyutlari-ve-tasarim-degerleri\/\" aria-label=\"Read more about Dekorasyonda Y\u00fckselen De\u011fer: Ev Bitkileri\">Read more<\/a><\/p>\n","protected":false},"author":7,"featured_media":949,"comment_status":"open","ping_status":"open","sticky":false,"template":"","format":"standard","meta":{"footnotes":""},"categories":[25],"tags":[],"class_list":["post-916","post","type-post","status-publish","format-standard","has-post-thumbnail","hentry","category-cesitli-dekorasyon-onerileri","infinite-scroll-item","masonry-post","generate-columns","tablet-grid-50","mobile-grid-100","grid-parent","grid-33"],"yoast_head":"<!-- This site is optimized with the Yoast SEO plugin v26.4 - https:\/\/yoast.com\/wordpress\/plugins\/seo\/ -->\n<title>Ev Dekorasyonunda Y\u00fckselen De\u011fer: Ev Bitkileri | EvimiTasarla<\/title>\n<meta name=\"description\" content=\"Ev dekorasyonunda y\u00fckselen trend olan ev bitkilerini hakk\u0131nda ayd\u0131nlat\u0131c\u0131 bilgiler i\u00e7eren blog yaz\u0131m\u0131z\u0131 okumak, detaylar\u0131 \u00f6\u011frenmek ve daha fazla bilgi almak i\u00e7in t\u0131klay\u0131n!\" \/>\n<meta name=\"robots\" content=\"index, follow, max-snippet:-1, max-image-preview:large, max-video-preview:-1\" \/>\n<link rel=\"canonical\" href=\"https:\/\/www.evimitasarla.net\/ev-dekorasyon-fikirleri-blog\/ev-dekorasyonunda-yukselen-trend-olan-ev-bitkilerinin-cinsleri-boyutlari-ve-tasarim-degerleri\/\" \/>\n<meta property=\"og:locale\" content=\"tr_TR\" \/>\n<meta property=\"og:type\" content=\"article\" \/>\n<meta property=\"og:title\" content=\"Ev Dekorasyonunda Y\u00fckselen De\u011fer: Ev Bitkileri | EvimiTasarla\" \/>\n<meta property=\"og:description\" content=\"Ev dekorasyonunda y\u00fckselen trend olan ev bitkilerini hakk\u0131nda ayd\u0131nlat\u0131c\u0131 bilgiler i\u00e7eren blog yaz\u0131m\u0131z\u0131 okumak, detaylar\u0131 \u00f6\u011frenmek ve daha fazla bilgi almak i\u00e7in t\u0131klay\u0131n!\" \/>\n<meta property=\"og:url\" content=\"https:\/\/www.evimitasarla.net\/ev-dekorasyon-fikirleri-blog\/ev-dekorasyonunda-yukselen-trend-olan-ev-bitkilerinin-cinsleri-boyutlari-ve-tasarim-degerleri\/\" \/>\n<meta property=\"og:site_name\" content=\"Ev Dekorasyon Fikirleri\" \/>\n<meta property=\"article:published_time\" content=\"2018-02-16T20:36:20+00:00\" \/>\n<meta property=\"article:modified_time\" content=\"2025-03-05T10:47:15+00:00\" \/>\n<meta property=\"og:image\" content=\"https:\/\/www.evimitasarla.net\/ev-dekorasyon-fikirleri-blog\/wp-content\/uploads\/2018\/02\/1114123f8e22fafd39eafae608483892.jpg\" \/>\n\t<meta property=\"og:image:width\" content=\"564\" \/>\n\t<meta property=\"og:image:height\" content=\"752\" \/>\n\t<meta property=\"og:image:type\" content=\"image\/jpeg\" \/>\n<meta name=\"author\" content=\"Ebru Tamer\" \/>\n<meta name=\"twitter:card\" content=\"summary_large_image\" \/>\n<meta name=\"twitter:label1\" content=\"Yazan:\" \/>\n\t<meta name=\"twitter:data1\" content=\"Ebru Tamer\" \/>\n\t<meta name=\"twitter:label2\" content=\"Tahmini okuma s\u00fcresi\" \/>\n\t<meta name=\"twitter:data2\" content=\"13 dakika\" \/>\n<script type=\"application\/ld+json\" class=\"yoast-schema-graph\">{\"@context\":\"https:\/\/schema.org\",\"@graph\":[{\"@type\":\"Article\",\"@id\":\"https:\/\/www.evimitasarla.net\/ev-dekorasyon-fikirleri-blog\/ev-dekorasyonunda-yukselen-trend-olan-ev-bitkilerinin-cinsleri-boyutlari-ve-tasarim-degerleri\/#article\",\"isPartOf\":{\"@id\":\"https:\/\/www.evimitasarla.net\/ev-dekorasyon-fikirleri-blog\/ev-dekorasyonunda-yukselen-trend-olan-ev-bitkilerinin-cinsleri-boyutlari-ve-tasarim-degerleri\/\"},\"author\":{\"name\":\"Ebru Tamer\",\"@id\":\"https:\/\/www.evimitasarla.net\/ev-dekorasyon-fikirleri-blog\/#\/schema\/person\/411ed7220922be43f8c0460e586ce4db\"},\"headline\":\"Dekorasyonda Y\u00fckselen De\u011fer: Ev Bitkileri\",\"datePublished\":\"2018-02-16T20:36:20+00:00\",\"dateModified\":\"2025-03-05T10:47:15+00:00\",\"mainEntityOfPage\":{\"@id\":\"https:\/\/www.evimitasarla.net\/ev-dekorasyon-fikirleri-blog\/ev-dekorasyonunda-yukselen-trend-olan-ev-bitkilerinin-cinsleri-boyutlari-ve-tasarim-degerleri\/\"},\"wordCount\":1420,\"commentCount\":0,\"publisher\":{\"@id\":\"https:\/\/www.evimitasarla.net\/ev-dekorasyon-fikirleri-blog\/#organization\"},\"image\":{\"@id\":\"https:\/\/www.evimitasarla.net\/ev-dekorasyon-fikirleri-blog\/ev-dekorasyonunda-yukselen-trend-olan-ev-bitkilerinin-cinsleri-boyutlari-ve-tasarim-degerleri\/#primaryimage\"},\"thumbnailUrl\":\"https:\/\/www.evimitasarla.net\/ev-dekorasyon-fikirleri-blog\/wp-content\/uploads\/2018\/02\/1114123f8e22fafd39eafae608483892.jpg\",\"articleSection\":[\"\u00c7e\u015fitli Dekorasyon \u00d6nerileri\"],\"inLanguage\":\"tr\",\"potentialAction\":[{\"@type\":\"CommentAction\",\"name\":\"Comment\",\"target\":[\"https:\/\/www.evimitasarla.net\/ev-dekorasyon-fikirleri-blog\/ev-dekorasyonunda-yukselen-trend-olan-ev-bitkilerinin-cinsleri-boyutlari-ve-tasarim-degerleri\/#respond\"]}]},{\"@type\":\"WebPage\",\"@id\":\"https:\/\/www.evimitasarla.net\/ev-dekorasyon-fikirleri-blog\/ev-dekorasyonunda-yukselen-trend-olan-ev-bitkilerinin-cinsleri-boyutlari-ve-tasarim-degerleri\/\",\"url\":\"https:\/\/www.evimitasarla.net\/ev-dekorasyon-fikirleri-blog\/ev-dekorasyonunda-yukselen-trend-olan-ev-bitkilerinin-cinsleri-boyutlari-ve-tasarim-degerleri\/\",\"name\":\"Ev Dekorasyonunda Y\u00fckselen De\u011fer: Ev Bitkileri | EvimiTasarla\",\"isPartOf\":{\"@id\":\"https:\/\/www.evimitasarla.net\/ev-dekorasyon-fikirleri-blog\/#website\"},\"primaryImageOfPage\":{\"@id\":\"https:\/\/www.evimitasarla.net\/ev-dekorasyon-fikirleri-blog\/ev-dekorasyonunda-yukselen-trend-olan-ev-bitkilerinin-cinsleri-boyutlari-ve-tasarim-degerleri\/#primaryimage\"},\"image\":{\"@id\":\"https:\/\/www.evimitasarla.net\/ev-dekorasyon-fikirleri-blog\/ev-dekorasyonunda-yukselen-trend-olan-ev-bitkilerinin-cinsleri-boyutlari-ve-tasarim-degerleri\/#primaryimage\"},\"thumbnailUrl\":\"https:\/\/www.evimitasarla.net\/ev-dekorasyon-fikirleri-blog\/wp-content\/uploads\/2018\/02\/1114123f8e22fafd39eafae608483892.jpg\",\"datePublished\":\"2018-02-16T20:36:20+00:00\",\"dateModified\":\"2025-03-05T10:47:15+00:00\",\"description\":\"Ev dekorasyonunda y\u00fckselen trend olan ev bitkilerini hakk\u0131nda ayd\u0131nlat\u0131c\u0131 bilgiler i\u00e7eren blog yaz\u0131m\u0131z\u0131 okumak, detaylar\u0131 \u00f6\u011frenmek ve daha fazla bilgi almak i\u00e7in t\u0131klay\u0131n!\",\"breadcrumb\":{\"@id\":\"https:\/\/www.evimitasarla.net\/ev-dekorasyon-fikirleri-blog\/ev-dekorasyonunda-yukselen-trend-olan-ev-bitkilerinin-cinsleri-boyutlari-ve-tasarim-degerleri\/#breadcrumb\"},\"inLanguage\":\"tr\",\"potentialAction\":[{\"@type\":\"ReadAction\",\"target\":[\"https:\/\/www.evimitasarla.net\/ev-dekorasyon-fikirleri-blog\/ev-dekorasyonunda-yukselen-trend-olan-ev-bitkilerinin-cinsleri-boyutlari-ve-tasarim-degerleri\/\"]}]},{\"@type\":\"ImageObject\",\"inLanguage\":\"tr\",\"@id\":\"https:\/\/www.evimitasarla.net\/ev-dekorasyon-fikirleri-blog\/ev-dekorasyonunda-yukselen-trend-olan-ev-bitkilerinin-cinsleri-boyutlari-ve-tasarim-degerleri\/#primaryimage\",\"url\":\"https:\/\/www.evimitasarla.net\/ev-dekorasyon-fikirleri-blog\/wp-content\/uploads\/2018\/02\/1114123f8e22fafd39eafae608483892.jpg\",\"contentUrl\":\"https:\/\/www.evimitasarla.net\/ev-dekorasyon-fikirleri-blog\/wp-content\/uploads\/2018\/02\/1114123f8e22fafd39eafae608483892.jpg\",\"width\":564,\"height\":752},{\"@type\":\"BreadcrumbList\",\"@id\":\"https:\/\/www.evimitasarla.net\/ev-dekorasyon-fikirleri-blog\/ev-dekorasyonunda-yukselen-trend-olan-ev-bitkilerinin-cinsleri-boyutlari-ve-tasarim-degerleri\/#breadcrumb\",\"itemListElement\":[{\"@type\":\"ListItem\",\"position\":1,\"name\":\"Ana sayfa\",\"item\":\"https:\/\/www.evimitasarla.net\/ev-dekorasyon-fikirleri-blog\/\"},{\"@type\":\"ListItem\",\"position\":2,\"name\":\"\u00c7e\u015fitli Dekorasyon \u00d6nerileri\",\"item\":\"https:\/\/www.evimitasarla.net\/ev-dekorasyon-fikirleri-blog\/category\/cesitli-dekorasyon-onerileri\/\"},{\"@type\":\"ListItem\",\"position\":3,\"name\":\"Dekorasyonda Y\u00fckselen De\u011fer: Ev Bitkileri\"}]},{\"@type\":\"WebSite\",\"@id\":\"https:\/\/www.evimitasarla.net\/ev-dekorasyon-fikirleri-blog\/#website\",\"url\":\"https:\/\/www.evimitasarla.net\/ev-dekorasyon-fikirleri-blog\/\",\"name\":\"Ev Dekorasyon Fikirleri\",\"description\":\"Evimi Tasarla\",\"publisher\":{\"@id\":\"https:\/\/www.evimitasarla.net\/ev-dekorasyon-fikirleri-blog\/#organization\"},\"potentialAction\":[{\"@type\":\"SearchAction\",\"target\":{\"@type\":\"EntryPoint\",\"urlTemplate\":\"https:\/\/www.evimitasarla.net\/ev-dekorasyon-fikirleri-blog\/?s={search_term_string}\"},\"query-input\":{\"@type\":\"PropertyValueSpecification\",\"valueRequired\":true,\"valueName\":\"search_term_string\"}}],\"inLanguage\":\"tr\"},{\"@type\":\"Organization\",\"@id\":\"https:\/\/www.evimitasarla.net\/ev-dekorasyon-fikirleri-blog\/#organization\",\"name\":\"Evimi Tasarla Online \u0130\u00e7 Mimarl\u0131k Hizmetleri\",\"url\":\"https:\/\/www.evimitasarla.net\/ev-dekorasyon-fikirleri-blog\/\",\"logo\":{\"@type\":\"ImageObject\",\"inLanguage\":\"tr\",\"@id\":\"https:\/\/www.evimitasarla.net\/ev-dekorasyon-fikirleri-blog\/#\/schema\/logo\/image\/\",\"url\":\"https:\/\/www.evimitasarla.net\/ev-dekorasyon-fikirleri-blog\/wp-content\/uploads\/2018\/12\/2018_ET_FinalLogoREV.jpg\",\"contentUrl\":\"https:\/\/www.evimitasarla.net\/ev-dekorasyon-fikirleri-blog\/wp-content\/uploads\/2018\/12\/2018_ET_FinalLogoREV.jpg\",\"width\":1063,\"height\":887,\"caption\":\"Evimi Tasarla Online \u0130\u00e7 Mimarl\u0131k Hizmetleri\"},\"image\":{\"@id\":\"https:\/\/www.evimitasarla.net\/ev-dekorasyon-fikirleri-blog\/#\/schema\/logo\/image\/\"},\"sameAs\":[\"https:\/\/www.instagram.com\/evimitasarla\/\",\"https:\/\/www.linkedin.com\/company\/evimitasarla.net\/\",\"https:\/\/tr.pinterest.com\/evimitasarlanet\/\",\"https:\/\/www.youtube.com\/channel\/UCZ7R9noTTMSTZHAPgD6NciA\"]},{\"@type\":\"Person\",\"@id\":\"https:\/\/www.evimitasarla.net\/ev-dekorasyon-fikirleri-blog\/#\/schema\/person\/411ed7220922be43f8c0460e586ce4db\",\"name\":\"Ebru Tamer\",\"image\":{\"@type\":\"ImageObject\",\"inLanguage\":\"tr\",\"@id\":\"https:\/\/www.evimitasarla.net\/ev-dekorasyon-fikirleri-blog\/#\/schema\/person\/image\/\",\"url\":\"https:\/\/secure.gravatar.com\/avatar\/5960b68b09650eec69e4e0ff62828379b67438699138a0e5c19aaca4ca016fbe?s=96&d=mm&r=g\",\"contentUrl\":\"https:\/\/secure.gravatar.com\/avatar\/5960b68b09650eec69e4e0ff62828379b67438699138a0e5c19aaca4ca016fbe?s=96&d=mm&r=g\",\"caption\":\"Ebru Tamer\"},\"url\":\"https:\/\/www.evimitasarla.net\/ev-dekorasyon-fikirleri-blog\/author\/ebru\/\"}]}<\/script>\n<!-- \/ Yoast SEO plugin. -->","yoast_head_json":{"title":"Ev Dekorasyonunda Y\u00fckselen De\u011fer: Ev Bitkileri | EvimiTasarla","description":"Ev dekorasyonunda y\u00fckselen trend olan ev bitkilerini hakk\u0131nda ayd\u0131nlat\u0131c\u0131 bilgiler i\u00e7eren blog yaz\u0131m\u0131z\u0131 okumak, detaylar\u0131 \u00f6\u011frenmek ve daha fazla bilgi almak i\u00e7in t\u0131klay\u0131n!","robots":{"index":"index","follow":"follow","max-snippet":"max-snippet:-1","max-image-preview":"max-image-preview:large","max-video-preview":"max-video-preview:-1"},"canonical":"https:\/\/www.evimitasarla.net\/ev-dekorasyon-fikirleri-blog\/ev-dekorasyonunda-yukselen-trend-olan-ev-bitkilerinin-cinsleri-boyutlari-ve-tasarim-degerleri\/","og_locale":"tr_TR","og_type":"article","og_title":"Ev Dekorasyonunda Y\u00fckselen De\u011fer: Ev Bitkileri | EvimiTasarla","og_description":"Ev dekorasyonunda y\u00fckselen trend olan ev bitkilerini hakk\u0131nda ayd\u0131nlat\u0131c\u0131 bilgiler i\u00e7eren blog yaz\u0131m\u0131z\u0131 okumak, detaylar\u0131 \u00f6\u011frenmek ve daha fazla bilgi almak i\u00e7in t\u0131klay\u0131n!","og_url":"https:\/\/www.evimitasarla.net\/ev-dekorasyon-fikirleri-blog\/ev-dekorasyonunda-yukselen-trend-olan-ev-bitkilerinin-cinsleri-boyutlari-ve-tasarim-degerleri\/","og_site_name":"Ev Dekorasyon Fikirleri","article_published_time":"2018-02-16T20:36:20+00:00","article_modified_time":"2025-03-05T10:47:15+00:00","og_image":[{"width":564,"height":752,"url":"https:\/\/www.evimitasarla.net\/ev-dekorasyon-fikirleri-blog\/wp-content\/uploads\/2018\/02\/1114123f8e22fafd39eafae608483892.jpg","type":"image\/jpeg"}],"author":"Ebru Tamer","twitter_card":"summary_large_image","twitter_misc":{"Yazan:":"Ebru Tamer","Tahmini okuma s\u00fcresi":"13 dakika"},"schema":{"@context":"https:\/\/schema.org","@graph":[{"@type":"Article","@id":"https:\/\/www.evimitasarla.net\/ev-dekorasyon-fikirleri-blog\/ev-dekorasyonunda-yukselen-trend-olan-ev-bitkilerinin-cinsleri-boyutlari-ve-tasarim-degerleri\/#article","isPartOf":{"@id":"https:\/\/www.evimitasarla.net\/ev-dekorasyon-fikirleri-blog\/ev-dekorasyonunda-yukselen-trend-olan-ev-bitkilerinin-cinsleri-boyutlari-ve-tasarim-degerleri\/"},"author":{"name":"Ebru Tamer","@id":"https:\/\/www.evimitasarla.net\/ev-dekorasyon-fikirleri-blog\/#\/schema\/person\/411ed7220922be43f8c0460e586ce4db"},"headline":"Dekorasyonda Y\u00fckselen De\u011fer: Ev Bitkileri","datePublished":"2018-02-16T20:36:20+00:00","dateModified":"2025-03-05T10:47:15+00:00","mainEntityOfPage":{"@id":"https:\/\/www.evimitasarla.net\/ev-dekorasyon-fikirleri-blog\/ev-dekorasyonunda-yukselen-trend-olan-ev-bitkilerinin-cinsleri-boyutlari-ve-tasarim-degerleri\/"},"wordCount":1420,"commentCount":0,"publisher":{"@id":"https:\/\/www.evimitasarla.net\/ev-dekorasyon-fikirleri-blog\/#organization"},"image":{"@id":"https:\/\/www.evimitasarla.net\/ev-dekorasyon-fikirleri-blog\/ev-dekorasyonunda-yukselen-trend-olan-ev-bitkilerinin-cinsleri-boyutlari-ve-tasarim-degerleri\/#primaryimage"},"thumbnailUrl":"https:\/\/www.evimitasarla.net\/ev-dekorasyon-fikirleri-blog\/wp-content\/uploads\/2018\/02\/1114123f8e22fafd39eafae608483892.jpg","articleSection":["\u00c7e\u015fitli Dekorasyon \u00d6nerileri"],"inLanguage":"tr","potentialAction":[{"@type":"CommentAction","name":"Comment","target":["https:\/\/www.evimitasarla.net\/ev-dekorasyon-fikirleri-blog\/ev-dekorasyonunda-yukselen-trend-olan-ev-bitkilerinin-cinsleri-boyutlari-ve-tasarim-degerleri\/#respond"]}]},{"@type":"WebPage","@id":"https:\/\/www.evimitasarla.net\/ev-dekorasyon-fikirleri-blog\/ev-dekorasyonunda-yukselen-trend-olan-ev-bitkilerinin-cinsleri-boyutlari-ve-tasarim-degerleri\/","url":"https:\/\/www.evimitasarla.net\/ev-dekorasyon-fikirleri-blog\/ev-dekorasyonunda-yukselen-trend-olan-ev-bitkilerinin-cinsleri-boyutlari-ve-tasarim-degerleri\/","name":"Ev Dekorasyonunda Y\u00fckselen De\u011fer: Ev Bitkileri | EvimiTasarla","isPartOf":{"@id":"https:\/\/www.evimitasarla.net\/ev-dekorasyon-fikirleri-blog\/#website"},"primaryImageOfPage":{"@id":"https:\/\/www.evimitasarla.net\/ev-dekorasyon-fikirleri-blog\/ev-dekorasyonunda-yukselen-trend-olan-ev-bitkilerinin-cinsleri-boyutlari-ve-tasarim-degerleri\/#primaryimage"},"image":{"@id":"https:\/\/www.evimitasarla.net\/ev-dekorasyon-fikirleri-blog\/ev-dekorasyonunda-yukselen-trend-olan-ev-bitkilerinin-cinsleri-boyutlari-ve-tasarim-degerleri\/#primaryimage"},"thumbnailUrl":"https:\/\/www.evimitasarla.net\/ev-dekorasyon-fikirleri-blog\/wp-content\/uploads\/2018\/02\/1114123f8e22fafd39eafae608483892.jpg","datePublished":"2018-02-16T20:36:20+00:00","dateModified":"2025-03-05T10:47:15+00:00","description":"Ev dekorasyonunda y\u00fckselen trend olan ev bitkilerini hakk\u0131nda ayd\u0131nlat\u0131c\u0131 bilgiler i\u00e7eren blog yaz\u0131m\u0131z\u0131 okumak, detaylar\u0131 \u00f6\u011frenmek ve daha fazla bilgi almak i\u00e7in t\u0131klay\u0131n!","breadcrumb":{"@id":"https:\/\/www.evimitasarla.net\/ev-dekorasyon-fikirleri-blog\/ev-dekorasyonunda-yukselen-trend-olan-ev-bitkilerinin-cinsleri-boyutlari-ve-tasarim-degerleri\/#breadcrumb"},"inLanguage":"tr","potentialAction":[{"@type":"ReadAction","target":["https:\/\/www.evimitasarla.net\/ev-dekorasyon-fikirleri-blog\/ev-dekorasyonunda-yukselen-trend-olan-ev-bitkilerinin-cinsleri-boyutlari-ve-tasarim-degerleri\/"]}]},{"@type":"ImageObject","inLanguage":"tr","@id":"https:\/\/www.evimitasarla.net\/ev-dekorasyon-fikirleri-blog\/ev-dekorasyonunda-yukselen-trend-olan-ev-bitkilerinin-cinsleri-boyutlari-ve-tasarim-degerleri\/#primaryimage","url":"https:\/\/www.evimitasarla.net\/ev-dekorasyon-fikirleri-blog\/wp-content\/uploads\/2018\/02\/1114123f8e22fafd39eafae608483892.jpg","contentUrl":"https:\/\/www.evimitasarla.net\/ev-dekorasyon-fikirleri-blog\/wp-content\/uploads\/2018\/02\/1114123f8e22fafd39eafae608483892.jpg","width":564,"height":752},{"@type":"BreadcrumbList","@id":"https:\/\/www.evimitasarla.net\/ev-dekorasyon-fikirleri-blog\/ev-dekorasyonunda-yukselen-trend-olan-ev-bitkilerinin-cinsleri-boyutlari-ve-tasarim-degerleri\/#breadcrumb","itemListElement":[{"@type":"ListItem","position":1,"name":"Ana sayfa","item":"https:\/\/www.evimitasarla.net\/ev-dekorasyon-fikirleri-blog\/"},{"@type":"ListItem","position":2,"name":"\u00c7e\u015fitli Dekorasyon \u00d6nerileri","item":"https:\/\/www.evimitasarla.net\/ev-dekorasyon-fikirleri-blog\/category\/cesitli-dekorasyon-onerileri\/"},{"@type":"ListItem","position":3,"name":"Dekorasyonda Y\u00fckselen De\u011fer: Ev Bitkileri"}]},{"@type":"WebSite","@id":"https:\/\/www.evimitasarla.net\/ev-dekorasyon-fikirleri-blog\/#website","url":"https:\/\/www.evimitasarla.net\/ev-dekorasyon-fikirleri-blog\/","name":"Ev Dekorasyon Fikirleri","description":"Evimi Tasarla","publisher":{"@id":"https:\/\/www.evimitasarla.net\/ev-dekorasyon-fikirleri-blog\/#organization"},"potentialAction":[{"@type":"SearchAction","target":{"@type":"EntryPoint","urlTemplate":"https:\/\/www.evimitasarla.net\/ev-dekorasyon-fikirleri-blog\/?s={search_term_string}"},"query-input":{"@type":"PropertyValueSpecification","valueRequired":true,"valueName":"search_term_string"}}],"inLanguage":"tr"},{"@type":"Organization","@id":"https:\/\/www.evimitasarla.net\/ev-dekorasyon-fikirleri-blog\/#organization","name":"Evimi Tasarla Online \u0130\u00e7 Mimarl\u0131k Hizmetleri","url":"https:\/\/www.evimitasarla.net\/ev-dekorasyon-fikirleri-blog\/","logo":{"@type":"ImageObject","inLanguage":"tr","@id":"https:\/\/www.evimitasarla.net\/ev-dekorasyon-fikirleri-blog\/#\/schema\/logo\/image\/","url":"https:\/\/www.evimitasarla.net\/ev-dekorasyon-fikirleri-blog\/wp-content\/uploads\/2018\/12\/2018_ET_FinalLogoREV.jpg","contentUrl":"https:\/\/www.evimitasarla.net\/ev-dekorasyon-fikirleri-blog\/wp-content\/uploads\/2018\/12\/2018_ET_FinalLogoREV.jpg","width":1063,"height":887,"caption":"Evimi Tasarla Online \u0130\u00e7 Mimarl\u0131k Hizmetleri"},"image":{"@id":"https:\/\/www.evimitasarla.net\/ev-dekorasyon-fikirleri-blog\/#\/schema\/logo\/image\/"},"sameAs":["https:\/\/www.instagram.com\/evimitasarla\/","https:\/\/www.linkedin.com\/company\/evimitasarla.net\/","https:\/\/tr.pinterest.com\/evimitasarlanet\/","https:\/\/www.youtube.com\/channel\/UCZ7R9noTTMSTZHAPgD6NciA"]},{"@type":"Person","@id":"https:\/\/www.evimitasarla.net\/ev-dekorasyon-fikirleri-blog\/#\/schema\/person\/411ed7220922be43f8c0460e586ce4db","name":"Ebru Tamer","image":{"@type":"ImageObject","inLanguage":"tr","@id":"https:\/\/www.evimitasarla.net\/ev-dekorasyon-fikirleri-blog\/#\/schema\/person\/image\/","url":"https:\/\/secure.gravatar.com\/avatar\/5960b68b09650eec69e4e0ff62828379b67438699138a0e5c19aaca4ca016fbe?s=96&d=mm&r=g","contentUrl":"https:\/\/secure.gravatar.com\/avatar\/5960b68b09650eec69e4e0ff62828379b67438699138a0e5c19aaca4ca016fbe?s=96&d=mm&r=g","caption":"Ebru Tamer"},"url":"https:\/\/www.evimitasarla.net\/ev-dekorasyon-fikirleri-blog\/author\/ebru\/"}]}},"_links":{"self":[{"href":"https:\/\/www.evimitasarla.net\/ev-dekorasyon-fikirleri-blog\/wp-json\/wp\/v2\/posts\/916","targetHints":{"allow":["GET"]}}],"collection":[{"href":"https:\/\/www.evimitasarla.net\/ev-dekorasyon-fikirleri-blog\/wp-json\/wp\/v2\/posts"}],"about":[{"href":"https:\/\/www.evimitasarla.net\/ev-dekorasyon-fikirleri-blog\/wp-json\/wp\/v2\/types\/post"}],"author":[{"embeddable":true,"href":"https:\/\/www.evimitasarla.net\/ev-dekorasyon-fikirleri-blog\/wp-json\/wp\/v2\/users\/7"}],"replies":[{"embeddable":true,"href":"https:\/\/www.evimitasarla.net\/ev-dekorasyon-fikirleri-blog\/wp-json\/wp\/v2\/comments?post=916"}],"version-history":[{"count":18,"href":"https:\/\/www.evimitasarla.net\/ev-dekorasyon-fikirleri-blog\/wp-json\/wp\/v2\/posts\/916\/revisions"}],"predecessor-version":[{"id":5988,"href":"https:\/\/www.evimitasarla.net\/ev-dekorasyon-fikirleri-blog\/wp-json\/wp\/v2\/posts\/916\/revisions\/5988"}],"wp:featuredmedia":[{"embeddable":true,"href":"https:\/\/www.evimitasarla.net\/ev-dekorasyon-fikirleri-blog\/wp-json\/wp\/v2\/media\/949"}],"wp:attachment":[{"href":"https:\/\/www.evimitasarla.net\/ev-dekorasyon-fikirleri-blog\/wp-json\/wp\/v2\/media?parent=916"}],"wp:term":[{"taxonomy":"category","embeddable":true,"href":"https:\/\/www.evimitasarla.net\/ev-dekorasyon-fikirleri-blog\/wp-json\/wp\/v2\/categories?post=916"},{"taxonomy":"post_tag","embeddable":true,"href":"https:\/\/www.evimitasarla.net\/ev-dekorasyon-fikirleri-blog\/wp-json\/wp\/v2\/tags?post=916"}],"curies":[{"name":"wp","href":"https:\/\/api.w.org\/{rel}","templated":true}]}}