{"id":6505,"date":"2026-01-08T13:52:30","date_gmt":"2026-01-08T10:52:30","guid":{"rendered":"https:\/\/www.evimitasarla.net\/ev-dekorasyon-fikirleri-blog\/?p=6505"},"modified":"2026-01-08T13:52:31","modified_gmt":"2026-01-08T10:52:31","slug":"yeni-yil-hedeflerinin-mekansal-karsiligi-yasam-alanlari-aliskanliklarimizi-nasil-sekillendiriyor","status":"publish","type":"post","link":"https:\/\/www.evimitasarla.net\/ev-dekorasyon-fikirleri-blog\/yeni-yil-hedeflerinin-mekansal-karsiligi-yasam-alanlari-aliskanliklarimizi-nasil-sekillendiriyor\/","title":{"rendered":"Yeni Y\u0131l Hedeflerinin Mek\u00e2nsal Kar\u015f\u0131l\u0131\u011f\u0131: Ya\u015fam Alanlar\u0131 Al\u0131\u015fkanl\u0131klar\u0131m\u0131z\u0131 Nas\u0131l \u015eekillendiriyor?"},"content":{"rendered":"\n<p>Yeni y\u0131l hedefleri \u00e7o\u011funlukla zihinsel bir defterde ba\u015flar: daha \u00e7ok okumak, daha \u00e7ok \u00fcretmek, daha \u00e7ok spor yapmak, d\u00fczenli olmak, rahatlamak, hayalini kurdu\u011fumuz hobilere zaman ay\u0131rmak ya da daha sosyal olmak\u2026<br>Fakat ilgin\u00e7tir: t\u00fcm bu hedeflerin hayata ge\u00e7ip ge\u00e7meyece\u011fini belirleyen en g\u00fc\u00e7l\u00fc tetikleyicilerden biri \u00e7o\u011fu zaman <strong>ya\u015fad\u0131\u011f\u0131m\u0131z mek\u00e2n\u0131n bize sundu\u011fu destek<\/strong> olur.<\/p>\n\n\n\n<p>Yeni y\u0131l d\u00f6neminde al\u0131nan kararlar\u0131n \u00f6nemli bir k\u0131sm\u0131 birka\u00e7 hafta i\u00e7inde unutulurken, baz\u0131 hedeflerin do\u011fal bir rutin haline gelmesi tesad\u00fcf de\u011fildir. Bunun \u00f6nemli sebeplerinden biri davran\u0131\u015f ile mek\u00e2n aras\u0131ndaki g\u00fc\u00e7l\u00fc ili\u015fkidir. Tasar\u0131m d\u00fcnyas\u0131nda, davran\u0131\u015f bilimlerinde ve \u00e7evresel psikolojide s\u0131k\u00e7a ge\u00e7en bir kavram vard\u0131r: <strong>\u201cMek\u00e2n davran\u0131\u015f\u0131 \u015fekillendirir.\u201d<\/strong><\/p>\n\n\n\n<p>Bir ba\u015fka deyi\u015fle; hedef yaln\u0131zca zihinsel bir karar olmaktan \u00e7\u0131k\u0131p fiziksel bir kar\u015f\u0131l\u0131k buldu\u011funda, hayat\u0131m\u0131za daha do\u011fal yerle\u015fme ihtimali artar.<\/p>\n\n\n\n<h2 class=\"wp-block-heading\"><strong>Hedef Belirlemek Yetmez: Hedefin Mek\u00e2nsal Kar\u015f\u0131l\u0131\u011f\u0131n\u0131 Tan\u0131mlamak Gerekir<\/strong><\/h2>\n\n\n\n<p>Bir hedefin s\u00fcrd\u00fcr\u00fclebilir olmas\u0131, o hedef i\u00e7in gerekli davran\u0131\u015flar\u0131n g\u00fcnl\u00fck ya\u015fam i\u00e7inde do\u011fal olarak ger\u00e7ekle\u015febilmesiyle m\u00fcmk\u00fcnd\u00fcr. Bu noktada tasar\u0131m devreye girer.<\/p>\n\n\n\n<p>\u00d6rne\u011fin:<br>\u201cDaha \u00e7ok okumak istiyorum\u201d diyorsak, evde bunu destekleyen k\u00fc\u00e7\u00fck bir okuma alan\u0131na ihtiya\u00e7 duyar\u0131z.<br>Ya da \u201cDaha \u00e7ok \u00fcretmek ve odaklanmak istiyorum\u201d diyorsak, \u00e7al\u0131\u015fma k\u00f6\u015fesinin \u0131\u015f\u0131\u011f\u0131, ergonomisi ve d\u00fczeni \u00f6nem kazan\u0131r.<\/p>\n\n\n\n<p>Hedefin <strong>\u201cnerede v\u00fccut bulaca\u011f\u0131\u201d<\/strong> sorusu, y\u0131ll\u0131k planlar\u0131m\u0131z kadar de\u011ferli hale gelir.<\/p>\n\n\n\n<h2 class=\"wp-block-heading\"><strong>Hedef \u2192 Mek\u00e2nsal Kar\u015f\u0131l\u0131k E\u015fle\u015fmeleri<\/strong><\/h2>\n\n\n\n<p>2025\u2019in en pop\u00fcler ki\u015fisel hedefleri \u00fczerinden ilerlersek, bu hedeflerin mek\u00e2nsal kar\u015f\u0131l\u0131klar\u0131 \u015f\u00f6yle ortaya \u00e7\u0131kar:<\/p>\n\n\n\n<h3 class=\"wp-block-heading\"><strong>1. Daha \u00dcretken Olmak<\/strong><\/h3>\n\n\n\n<ul class=\"wp-block-list\">\n<li><strong>Mek\u00e2nsal kar\u015f\u0131l\u0131k:<\/strong> Mini \u00e7al\u0131\u015fma k\u00f6\u015fesi<\/li>\n\n\n\n<li><strong>Ana bile\u015fenler:<\/strong> do\u011fru ayd\u0131nlatma, ergonomi, masa d\u00fczeni, kablo y\u00f6netimi, mod\u00fcler raflar<\/li>\n\n\n\n<li><strong>Neden i\u015fe yarar:<\/strong> \u00c7evresel uyaranlar dikkat da\u011f\u0131t\u0131c\u0131 de\u011fil destekleyicidir; dijital ve fiziksel karma\u015fa azalt\u0131l\u0131r; oturur oturmaz i\u015fe ba\u011flanmay\u0131 kolayla\u015ft\u0131r\u0131r.<\/li>\n<\/ul>\n\n\n\n<figure class=\"wp-block-image size-large\"><a href=\"https:\/\/www.evimitasarla.net\/ev-dekorasyon-fikirleri-blog\/wp-content\/uploads\/2026\/01\/36b719eb2cd278090baf5da013afc51e.jpg\"><img loading=\"lazy\" decoding=\"async\" width=\"683\" height=\"1024\" src=\"https:\/\/www.evimitasarla.net\/ev-dekorasyon-fikirleri-blog\/wp-content\/uploads\/2026\/01\/36b719eb2cd278090baf5da013afc51e-683x1024.jpg\" alt=\"\" class=\"wp-image-6507\" srcset=\"https:\/\/www.evimitasarla.net\/ev-dekorasyon-fikirleri-blog\/wp-content\/uploads\/2026\/01\/36b719eb2cd278090baf5da013afc51e-683x1024.jpg 683w, https:\/\/www.evimitasarla.net\/ev-dekorasyon-fikirleri-blog\/wp-content\/uploads\/2026\/01\/36b719eb2cd278090baf5da013afc51e-200x300.jpg 200w, https:\/\/www.evimitasarla.net\/ev-dekorasyon-fikirleri-blog\/wp-content\/uploads\/2026\/01\/36b719eb2cd278090baf5da013afc51e-768x1152.jpg 768w, https:\/\/www.evimitasarla.net\/ev-dekorasyon-fikirleri-blog\/wp-content\/uploads\/2026\/01\/36b719eb2cd278090baf5da013afc51e.jpg 1024w\" sizes=\"auto, (max-width: 683px) 100vw, 683px\" \/><\/a><\/figure>\n\n\n\n<h3 class=\"wp-block-heading\"><strong>2. Daha \u00c7ok Okumak<\/strong><\/h3>\n\n\n\n<ul class=\"wp-block-list\">\n<li><strong>Mek\u00e2nsal kar\u015f\u0131l\u0131k:<\/strong> Okuma alan\u0131<\/li>\n\n\n\n<li><strong>Ana bile\u015fenler:<\/strong> rahat bir tekli koltuk, el lambas\u0131, tekstil (\u015fal, minder), k\u00fc\u00e7\u00fck sehpa, kitap raf\u0131<\/li>\n\n\n\n<li><strong>Neden i\u015fe yarar:<\/strong> Okumay\u0131 \u201caktivite\u201d olmaktan \u00e7\u0131kar\u0131p \u201crit\u00fcel\u201d haline getirir.<\/li>\n<\/ul>\n\n\n\n<figure class=\"wp-block-image size-large\"><a href=\"https:\/\/www.evimitasarla.net\/ev-dekorasyon-fikirleri-blog\/wp-content\/uploads\/2026\/01\/5d7ca3794cc8b886ba3f56903dfe9217.jpg\"><img loading=\"lazy\" decoding=\"async\" width=\"683\" height=\"1024\" src=\"https:\/\/www.evimitasarla.net\/ev-dekorasyon-fikirleri-blog\/wp-content\/uploads\/2026\/01\/5d7ca3794cc8b886ba3f56903dfe9217-683x1024.jpg\" alt=\"\" class=\"wp-image-6506\" srcset=\"https:\/\/www.evimitasarla.net\/ev-dekorasyon-fikirleri-blog\/wp-content\/uploads\/2026\/01\/5d7ca3794cc8b886ba3f56903dfe9217-683x1024.jpg 683w, https:\/\/www.evimitasarla.net\/ev-dekorasyon-fikirleri-blog\/wp-content\/uploads\/2026\/01\/5d7ca3794cc8b886ba3f56903dfe9217-200x300.jpg 200w, https:\/\/www.evimitasarla.net\/ev-dekorasyon-fikirleri-blog\/wp-content\/uploads\/2026\/01\/5d7ca3794cc8b886ba3f56903dfe9217-768x1152.jpg 768w, https:\/\/www.evimitasarla.net\/ev-dekorasyon-fikirleri-blog\/wp-content\/uploads\/2026\/01\/5d7ca3794cc8b886ba3f56903dfe9217-1024x1536.jpg 1024w, https:\/\/www.evimitasarla.net\/ev-dekorasyon-fikirleri-blog\/wp-content\/uploads\/2026\/01\/5d7ca3794cc8b886ba3f56903dfe9217.jpg 1200w\" sizes=\"auto, (max-width: 683px) 100vw, 683px\" \/><\/a><\/figure>\n\n\n\n<h3 class=\"wp-block-heading\"><strong>3. D\u00fczenli Olmak<\/strong><\/h3>\n\n\n\n<ul class=\"wp-block-list\">\n<li><strong>Mek\u00e2nsal kar\u015f\u0131l\u0131k:<\/strong> Depolama &amp; ak\u0131\u015f \u00e7\u00f6z\u00fcmleri<\/li>\n\n\n\n<li><strong>Ana bile\u015fenler:<\/strong> kutular, mod\u00fcler dolap sistemleri, giri\u015f alan\u0131 d\u00fczeni, mutfak i\u00e7i raf sistemleri<\/li>\n\n\n\n<li><strong>Neden i\u015fe yarar:<\/strong> Rutinleri h\u0131zland\u0131r\u0131r ve karar yorgunlu\u011funu azalt\u0131r.<\/li>\n<\/ul>\n\n\n\n<figure class=\"wp-block-image size-large\"><a href=\"https:\/\/www.evimitasarla.net\/ev-dekorasyon-fikirleri-blog\/wp-content\/uploads\/2026\/01\/ea44e061f2e1b43a67754dd03eb3d07f.jpg\"><img loading=\"lazy\" decoding=\"async\" width=\"559\" height=\"1024\" src=\"https:\/\/www.evimitasarla.net\/ev-dekorasyon-fikirleri-blog\/wp-content\/uploads\/2026\/01\/ea44e061f2e1b43a67754dd03eb3d07f-559x1024.jpg\" alt=\"\" class=\"wp-image-6509\" srcset=\"https:\/\/www.evimitasarla.net\/ev-dekorasyon-fikirleri-blog\/wp-content\/uploads\/2026\/01\/ea44e061f2e1b43a67754dd03eb3d07f-559x1024.jpg 559w, https:\/\/www.evimitasarla.net\/ev-dekorasyon-fikirleri-blog\/wp-content\/uploads\/2026\/01\/ea44e061f2e1b43a67754dd03eb3d07f-164x300.jpg 164w, https:\/\/www.evimitasarla.net\/ev-dekorasyon-fikirleri-blog\/wp-content\/uploads\/2026\/01\/ea44e061f2e1b43a67754dd03eb3d07f.jpg 736w\" sizes=\"auto, (max-width: 559px) 100vw, 559px\" \/><\/a><\/figure>\n\n\n\n<h3 class=\"wp-block-heading\"><strong>4. Sakinlemek &amp; Nefes Almak<\/strong><\/h3>\n\n\n\n<ul class=\"wp-block-list\">\n<li><strong>Mek\u00e2nsal kar\u015f\u0131l\u0131k:<\/strong> Lo\u015f ayd\u0131nlatmal\u0131 mini dinlenme alan\u0131<\/li>\n\n\n\n<li><strong>Ana bile\u015fenler:<\/strong> do\u011fal dokular, n\u00f6tr renk paleti, aromatik destek, bitkiler<\/li>\n\n\n\n<li><strong>Neden i\u015fe yarar:<\/strong> Mek\u00e2n sinir sistemini reg\u00fcle eden bir rol \u00fcstlenir.<\/li>\n<\/ul>\n\n\n\n<figure class=\"wp-block-image size-full\"><a href=\"https:\/\/www.evimitasarla.net\/ev-dekorasyon-fikirleri-blog\/wp-content\/uploads\/2026\/01\/0feb38ece57e43d2cbeda4a3077a9850.jpg\"><img loading=\"lazy\" decoding=\"async\" width=\"473\" height=\"844\" src=\"https:\/\/www.evimitasarla.net\/ev-dekorasyon-fikirleri-blog\/wp-content\/uploads\/2026\/01\/0feb38ece57e43d2cbeda4a3077a9850.jpg\" alt=\"\" class=\"wp-image-6510\" srcset=\"https:\/\/www.evimitasarla.net\/ev-dekorasyon-fikirleri-blog\/wp-content\/uploads\/2026\/01\/0feb38ece57e43d2cbeda4a3077a9850.jpg 473w, https:\/\/www.evimitasarla.net\/ev-dekorasyon-fikirleri-blog\/wp-content\/uploads\/2026\/01\/0feb38ece57e43d2cbeda4a3077a9850-168x300.jpg 168w\" sizes=\"auto, (max-width: 473px) 100vw, 473px\" \/><\/a><\/figure>\n\n\n\n<h3 class=\"wp-block-heading\"><strong>5. Hobi Edinmek &amp; S\u00fcrd\u00fcrebilmek<\/strong><\/h3>\n\n\n\n<ul class=\"wp-block-list\">\n<li><strong>Mek\u00e2nsal kar\u015f\u0131l\u0131k:<\/strong> Craft \/ \u00fcretim alan\u0131<\/li>\n\n\n\n<li><strong>Ana bile\u015fenler:<\/strong> mod\u00fcler masa, saklama \u00e7\u00f6z\u00fcmleri, \u0131\u015f\u0131k, temiz-zor kirlenen y\u00fczeyler<\/li>\n\n\n\n<li><strong>Neden i\u015fe yarar:<\/strong> Hobiyi \u201c\u00e7aba gerektiren\u201d de\u011fil \u201ceri\u015filebilir\u201d hale getirir.<\/li>\n<\/ul>\n\n\n\n<figure class=\"wp-block-image size-large\"><a href=\"https:\/\/www.evimitasarla.net\/ev-dekorasyon-fikirleri-blog\/wp-content\/uploads\/2026\/01\/PHOTO-2026-01-08-13-34-06.jpg\"><img loading=\"lazy\" decoding=\"async\" width=\"683\" height=\"1024\" src=\"https:\/\/www.evimitasarla.net\/ev-dekorasyon-fikirleri-blog\/wp-content\/uploads\/2026\/01\/PHOTO-2026-01-08-13-34-06-683x1024.jpg\" alt=\"\" class=\"wp-image-6512\" srcset=\"https:\/\/www.evimitasarla.net\/ev-dekorasyon-fikirleri-blog\/wp-content\/uploads\/2026\/01\/PHOTO-2026-01-08-13-34-06-683x1024.jpg 683w, https:\/\/www.evimitasarla.net\/ev-dekorasyon-fikirleri-blog\/wp-content\/uploads\/2026\/01\/PHOTO-2026-01-08-13-34-06-200x300.jpg 200w, https:\/\/www.evimitasarla.net\/ev-dekorasyon-fikirleri-blog\/wp-content\/uploads\/2026\/01\/PHOTO-2026-01-08-13-34-06-768x1152.jpg 768w, https:\/\/www.evimitasarla.net\/ev-dekorasyon-fikirleri-blog\/wp-content\/uploads\/2026\/01\/PHOTO-2026-01-08-13-34-06.jpg 896w\" sizes=\"auto, (max-width: 683px) 100vw, 683px\" \/><\/a><\/figure>\n\n\n\n<h3 class=\"wp-block-heading\"><strong>6. Sosyal Olmak<\/strong><\/h3>\n\n\n\n<ul class=\"wp-block-list\">\n<li><strong>Mek\u00e2nsal kar\u015f\u0131l\u0131k:<\/strong> Ya\u015fam alan\u0131nda oturma d\u00fczeni optimizasyonu<\/li>\n\n\n\n<li><strong>Ana bile\u015fenler:<\/strong> koltuklar\u0131n birbirine d\u00f6n\u00fck yerle\u015fimi, ek oturma birimleri, ikram k\u00f6\u015fesi<\/li>\n\n\n\n<li><strong>Neden i\u015fe yarar:<\/strong> Konu\u015fmay\u0131, payla\u015f\u0131m\u0131 ve masa etraf\u0131nda toplanmay\u0131 kolayla\u015ft\u0131r\u0131r.<\/li>\n<\/ul>\n\n\n\n<figure class=\"wp-block-image size-large\"><a href=\"https:\/\/www.evimitasarla.net\/ev-dekorasyon-fikirleri-blog\/wp-content\/uploads\/2026\/01\/v2-qeoyo-swqm8.webp\"><img loading=\"lazy\" decoding=\"async\" width=\"1024\" height=\"702\" src=\"https:\/\/www.evimitasarla.net\/ev-dekorasyon-fikirleri-blog\/wp-content\/uploads\/2026\/01\/v2-qeoyo-swqm8-1024x702.webp\" alt=\"\" class=\"wp-image-6513\" srcset=\"https:\/\/www.evimitasarla.net\/ev-dekorasyon-fikirleri-blog\/wp-content\/uploads\/2026\/01\/v2-qeoyo-swqm8-1024x702.webp 1024w, https:\/\/www.evimitasarla.net\/ev-dekorasyon-fikirleri-blog\/wp-content\/uploads\/2026\/01\/v2-qeoyo-swqm8-300x206.webp 300w, https:\/\/www.evimitasarla.net\/ev-dekorasyon-fikirleri-blog\/wp-content\/uploads\/2026\/01\/v2-qeoyo-swqm8-768x527.webp 768w, https:\/\/www.evimitasarla.net\/ev-dekorasyon-fikirleri-blog\/wp-content\/uploads\/2026\/01\/v2-qeoyo-swqm8.webp 1213w\" sizes=\"auto, (max-width: 1024px) 100vw, 1024px\" \/><\/a><\/figure>\n\n\n\n<h2 class=\"wp-block-heading\"><strong>Tasar\u0131m Psikolojisi Ne S\u00f6yl\u00fcyor?<\/strong><\/h2>\n\n\n\n<p>\u00c7evresel psikoloji bu durumu basit bir form\u00fclle a\u00e7\u0131klar:<\/p>\n\n\n\n<blockquote class=\"wp-block-quote is-layout-flow wp-block-quote-is-layout-flow\">\n<p><strong>Davran\u0131\u015f = Ki\u015fi + Ba\u011flam<\/strong><\/p>\n<\/blockquote>\n\n\n\n<p>Yeni y\u0131l hedefleri \u201cki\u015fisel motivasyon\u201d taraf\u0131nda g\u00fc\u00e7l\u00fc olabilir; ancak ba\u011flam yani <strong>mek\u00e2nsal destek<\/strong> eksikse davran\u0131\u015f rutine d\u00f6n\u00fc\u015fmez.<\/p>\n\n\n\n<p>\u00d6rne\u011fin spor hedefi i\u00e7in:<\/p>\n\n\n\n<ul class=\"wp-block-list\">\n<li>yoga mat\u0131n\u0131n dolapta saklanmas\u0131 \u2192 davran\u0131\u015f\u0131 zorla\u015ft\u0131r\u0131r<\/li>\n\n\n\n<li>mat\u0131n a\u00e7\u0131k durmas\u0131 veya kolay ula\u015f\u0131l\u0131r olmas\u0131 \u2192 davran\u0131\u015f\u0131 kolayla\u015ft\u0131r\u0131r<\/li>\n<\/ul>\n\n\n\n<p>Bu k\u00fc\u00e7\u00fck farklar uzun vadede b\u00fcy\u00fck sonu\u00e7lar do\u011furur. Tam da bu y\u00fczden tasar\u0131m yaln\u0131zca estetik bir u\u011fra\u015f de\u011fil; davran\u0131\u015f\u0131 kolayla\u015ft\u0131ran bir ara\u00e7t\u0131r.<\/p>\n\n\n\n<h2 class=\"wp-block-heading\"><strong>Evde Mikro Kurgular\u0131n Y\u00fckseli\u015fi<\/strong><\/h2>\n\n\n\n<p>Son y\u0131llarda \u00f6zellikle k\u00fc\u00e7\u00fck metrekareli evlerde \u201cmikro kurgu\u201d olarak adland\u0131rabilece\u011fimiz alanlar ortaya \u00e7\u0131kt\u0131:<\/p>\n\n\n\n<ul class=\"wp-block-list\">\n<li>mikro \u00e7al\u0131\u015fma alan\u0131<\/li>\n\n\n\n<li>mikro k\u00fct\u00fcphane<\/li>\n\n\n\n<li>kahve &amp; \u00e7ay k\u00f6\u015fesi<\/li>\n\n\n\n<li>su istasyonu<\/li>\n\n\n\n<li>mini yoga alan\u0131<\/li>\n\n\n\n<li>hobi masas\u0131<\/li>\n<\/ul>\n\n\n\n<p>Bu yakla\u015f\u0131m yeni y\u0131l hedefleriyle g\u00fc\u00e7l\u00fc bir \u015fekilde kesi\u015fiyor. \u00c7\u00fcnk\u00fc mikro alanlar hem ekonomik hem uygulanabilir hem de d\u00f6n\u00fc\u015f\u00fcm i\u00e7in g\u00fc\u00e7l\u00fc bir ba\u015flang\u0131\u00e7 sunuyor.<\/p>\n\n\n\n<h2 class=\"wp-block-heading\"><strong>Yeni Y\u0131la Girerken Sorulmas\u0131 Gereken Soru \u015eu:<\/strong><\/h2>\n\n\n\n<blockquote class=\"wp-block-quote is-layout-flow wp-block-quote-is-layout-flow\">\n<p>\u201cHedefim i\u00e7in evde hangi alan bana destek oluyor? Hangisi engel oluyor?\u201d<\/p>\n<\/blockquote>\n\n\n\n<p>\u00d6rne\u011fin:<br>Hedef daha fazla kitap okumaksa, fakat kitaplar g\u00f6z hizas\u0131nda de\u011filse veya \u0131\u015f\u0131k yetersizse, hedef motivasyona ba\u011f\u0131ml\u0131 kal\u0131r.<br>Hedef \u00fcretkenlikse ama \u00e7al\u0131\u015fma alan\u0131 yemek masas\u0131na y\u0131\u011f\u0131lm\u0131\u015fsa, odaklanma bozulur.<\/p>\n\n\n\n<p>Bir mek\u00e2n bazen yaln\u0131zca yenilenmeyi de\u011fil; davran\u0131\u015f\u0131 yeniden in\u015fa etmeyi gerektirir.<\/p>\n\n\n\n<h2 class=\"wp-block-heading\"><strong>Sonu\u00e7: \u0130\u00e7 Mek\u00e2nlar Rit\u00fcelleri Belirler<\/strong><\/h2>\n\n\n\n<p>Yeni y\u0131l hedeflerinin s\u00fcrd\u00fcr\u00fclebilir olmas\u0131n\u0131n en g\u00fc\u00e7l\u00fc yollar\u0131ndan biri, bu hedefleri <strong>mek\u00e2nsal olarak g\u00f6r\u00fcn\u00fcr ve eri\u015filebilir k\u0131lmakt\u0131r<\/strong>. Tasar\u0131m bu s\u00fcre\u00e7te estetikten \u00e7ok daha b\u00fcy\u00fck bir rol oynar; davran\u0131\u015fa \u00e7er\u00e7eve sa\u011flar.<\/p>\n\n\n\n<p>2026\u2019ya girerken soru \u015fudur:<br>Hedef mi mek\u00e2na uyacak, yoksa mek\u00e2n m\u0131 hedefi destekleyeceek?<\/p>\n\n\n\n<h3 class=\"wp-block-heading\"><strong>Evde De\u011fi\u015fim Ba\u015flatmak \u0130steyenler \u0130\u00e7in K\u00fc\u00e7\u00fck Bir Not:<\/strong><\/h3>\n\n\n\n<p>E\u011fer yeni y\u0131l hedeflerinizin mek\u00e2nsal kar\u015f\u0131l\u0131\u011f\u0131n\u0131 yaln\u0131z b\u0131rakmak istemiyorsan\u0131z; EvimiTasarla\u2019n\u0131n online tasar\u0131m yakla\u015f\u0131m\u0131 tam burada devreye giriyor.<br>Ya\u015fam alan\u0131n\u0131z\u0131 analiz edip ihtiya\u00e7lara g\u00f6re ki\u015fiselle\u015ftirilmi\u015f \u00e7\u00f6z\u00fcmler sunuyor; k\u00fc\u00e7\u00fck m\u00fcdahalelerle ba\u015flay\u0131p b\u00fcy\u00fck d\u00f6n\u00fc\u015f\u00fcmlere kadar ilerleyebiliyoruz.<\/p>\n\n\n\n<p>Yeni y\u0131lda hedefleriniz i\u00e7in evde \u00f6zel bir alan yaratmak, \u00e7al\u0131\u015fma k\u00f6\u015fesi kurmak, oturma d\u00fczenini optimize etmek, depolama \u00e7\u00f6z\u00fcmlerini iyile\u015ftirmek ya da komple bir oda planlamak istiyorsan\u0131z; <strong>EvimiTasarla\u2019n\u0131n Online Tasar\u0131m Paketlerini<\/strong> inceleyebilirsiniz.<\/p>\n\n\n\n<p>\u27a1 <strong><a href=\"https:\/\/www.evimitasarla.net\/dekorasyon-danismanligi-hd-102105\">Dekorasyon Dan\u0131\u015fmanl\u0131\u011f\u0131<\/a> <\/strong> \u2013 Evdeki tek bir mekan i\u00e7in g\u00f6rseller e\u015fli\u011finde uzman bir tasar\u0131mc\u0131dan online mimari g\u00f6r\u00fc\u015f al\u0131n\u0131r<br>\u27a1 <strong><a href=\"https:\/\/www.evimitasarla.net\/aksesuar-secimi-hd-102164\">Aksesuar Tasar\u0131m\u0131 Paketi<\/a><\/strong> \u2013 Tek bir odan\u0131n, malzeme-renk-ruhunun yepyeni aksesuar se\u00e7imleriyle de\u011fi\u015ftirme<br>\u27a1 <a href=\"https:\/\/www.evimitasarla.net\/duvar-dekorasyonu-hd-102108\"><strong>Duvar Tasar\u0131m Paketi<\/strong> <\/a>\u2013 Belli bir alan i\u00e7in ki\u015fisel ihtiya\u00e7lara g\u00f6re \u00e7al\u0131\u015fma veya okuma alan\u0131 olu\u015fturma \u00f6nerileri projelendirilir<br>\u27a1 <strong><a href=\"https:\/\/www.evimitasarla.net\/salon-dekorasyonu-hd-102109\">Salon Tasar\u0131m\u0131 Paketi<\/a><\/strong>  \u2013 Salonunuz yeni hedeflere g\u00f6re ba\u015ftan a\u015fa\u011f\u0131 tasarlan\u0131p \u00fcr\u00fcnlerin se\u00e7ilece\u011fi premium  hizmet<\/p>\n\n\n\n<p>Yeni y\u0131lda sadece hedeflerinizi de\u011fil, hedeflerinizi destekleyen <strong>ya\u015fam alan\u0131n\u0131z\u0131 da tasarlamak<\/strong> isterseniz:<br><strong><a href=\"http:\/\/www.evimitasarla.net\">evimitasarla.net<\/a><\/strong> \u00fczerinden kolayca ba\u015fvurabilirsiniz.<\/p>\n\n\n\n<h3 class=\"wp-block-heading\"><\/h3>\n\n\n\n<p><\/p>\n","protected":false},"excerpt":{"rendered":"<p>Yeni y\u0131l hedefleri \u00e7o\u011funlukla zihinsel bir defterde ba\u015flar: daha \u00e7ok okumak, daha \u00e7ok \u00fcretmek, daha \u00e7ok spor yapmak, d\u00fczenli olmak, rahatlamak, hayalini kurdu\u011fumuz hobilere zaman ay\u0131rmak ya da daha sosyal olmak\u2026Fakat ilgin\u00e7tir: t\u00fcm bu hedeflerin hayata ge\u00e7ip ge\u00e7meyece\u011fini belirleyen en g\u00fc\u00e7l\u00fc tetikleyicilerden biri \u00e7o\u011fu zaman ya\u015fad\u0131\u011f\u0131m\u0131z mek\u00e2n\u0131n bize sundu\u011fu destek olur. Yeni y\u0131l d\u00f6neminde al\u0131nan &#8230; <a title=\"Yeni Y\u0131l Hedeflerinin Mek\u00e2nsal Kar\u015f\u0131l\u0131\u011f\u0131: Ya\u015fam Alanlar\u0131 Al\u0131\u015fkanl\u0131klar\u0131m\u0131z\u0131 Nas\u0131l \u015eekillendiriyor?\" class=\"read-more\" href=\"https:\/\/www.evimitasarla.net\/ev-dekorasyon-fikirleri-blog\/yeni-yil-hedeflerinin-mekansal-karsiligi-yasam-alanlari-aliskanliklarimizi-nasil-sekillendiriyor\/\" aria-label=\"Read more about Yeni Y\u0131l Hedeflerinin Mek\u00e2nsal Kar\u015f\u0131l\u0131\u011f\u0131: Ya\u015fam Alanlar\u0131 Al\u0131\u015fkanl\u0131klar\u0131m\u0131z\u0131 Nas\u0131l \u015eekillendiriyor?\">Read more<\/a><\/p>\n","protected":false},"author":1,"featured_media":0,"comment_status":"open","ping_status":"open","sticky":false,"template":"","format":"standard","meta":{"footnotes":""},"categories":[1],"tags":[],"class_list":["post-6505","post","type-post","status-publish","format-standard","hentry","category-ev-dekorasyonu","infinite-scroll-item","masonry-post","generate-columns","tablet-grid-50","mobile-grid-100","grid-parent","grid-33"],"yoast_head":"<!-- This site is optimized with the Yoast SEO plugin v26.4 - https:\/\/yoast.com\/wordpress\/plugins\/seo\/ -->\n<title>Yeni Y\u0131l Hedeflerinin Mek\u00e2nsal Kar\u015f\u0131l\u0131\u011f\u0131: Ya\u015fam Alanlar\u0131 Al\u0131\u015fkanl\u0131klar\u0131m\u0131z\u0131 Nas\u0131l \u015eekillendiriyor? - Ev Dekorasyon Fikirleri<\/title>\n<meta name=\"robots\" content=\"index, follow, max-snippet:-1, max-image-preview:large, max-video-preview:-1\" \/>\n<link rel=\"canonical\" href=\"https:\/\/www.evimitasarla.net\/ev-dekorasyon-fikirleri-blog\/yeni-yil-hedeflerinin-mekansal-karsiligi-yasam-alanlari-aliskanliklarimizi-nasil-sekillendiriyor\/\" \/>\n<meta property=\"og:locale\" content=\"tr_TR\" \/>\n<meta property=\"og:type\" content=\"article\" \/>\n<meta property=\"og:title\" content=\"Yeni Y\u0131l Hedeflerinin Mek\u00e2nsal Kar\u015f\u0131l\u0131\u011f\u0131: Ya\u015fam Alanlar\u0131 Al\u0131\u015fkanl\u0131klar\u0131m\u0131z\u0131 Nas\u0131l \u015eekillendiriyor? - Ev Dekorasyon Fikirleri\" \/>\n<meta property=\"og:description\" content=\"Yeni y\u0131l hedefleri \u00e7o\u011funlukla zihinsel bir defterde ba\u015flar: daha \u00e7ok okumak, daha \u00e7ok \u00fcretmek, daha \u00e7ok spor yapmak, d\u00fczenli olmak, rahatlamak, hayalini kurdu\u011fumuz hobilere zaman ay\u0131rmak ya da daha sosyal olmak\u2026Fakat ilgin\u00e7tir: t\u00fcm bu hedeflerin hayata ge\u00e7ip ge\u00e7meyece\u011fini belirleyen en g\u00fc\u00e7l\u00fc tetikleyicilerden biri \u00e7o\u011fu zaman ya\u015fad\u0131\u011f\u0131m\u0131z mek\u00e2n\u0131n bize sundu\u011fu destek olur. Yeni y\u0131l d\u00f6neminde al\u0131nan ... Read more\" \/>\n<meta property=\"og:url\" content=\"https:\/\/www.evimitasarla.net\/ev-dekorasyon-fikirleri-blog\/yeni-yil-hedeflerinin-mekansal-karsiligi-yasam-alanlari-aliskanliklarimizi-nasil-sekillendiriyor\/\" \/>\n<meta property=\"og:site_name\" content=\"Ev Dekorasyon Fikirleri\" \/>\n<meta property=\"article:published_time\" content=\"2026-01-08T10:52:30+00:00\" \/>\n<meta property=\"article:modified_time\" content=\"2026-01-08T10:52:31+00:00\" \/>\n<meta property=\"og:image\" content=\"https:\/\/www.evimitasarla.net\/ev-dekorasyon-fikirleri-blog\/wp-content\/uploads\/2026\/01\/36b719eb2cd278090baf5da013afc51e.jpg\" \/>\n\t<meta property=\"og:image:width\" content=\"1024\" \/>\n\t<meta property=\"og:image:height\" content=\"1536\" \/>\n\t<meta property=\"og:image:type\" content=\"image\/jpeg\" \/>\n<meta name=\"author\" content=\"EvimiTasarla\" \/>\n<meta name=\"twitter:card\" content=\"summary_large_image\" \/>\n<meta name=\"twitter:label1\" content=\"Yazan:\" \/>\n\t<meta name=\"twitter:data1\" content=\"EvimiTasarla\" \/>\n\t<meta name=\"twitter:label2\" content=\"Tahmini okuma s\u00fcresi\" \/>\n\t<meta name=\"twitter:data2\" content=\"6 dakika\" \/>\n<script type=\"application\/ld+json\" class=\"yoast-schema-graph\">{\"@context\":\"https:\/\/schema.org\",\"@graph\":[{\"@type\":\"Article\",\"@id\":\"https:\/\/www.evimitasarla.net\/ev-dekorasyon-fikirleri-blog\/yeni-yil-hedeflerinin-mekansal-karsiligi-yasam-alanlari-aliskanliklarimizi-nasil-sekillendiriyor\/#article\",\"isPartOf\":{\"@id\":\"https:\/\/www.evimitasarla.net\/ev-dekorasyon-fikirleri-blog\/yeni-yil-hedeflerinin-mekansal-karsiligi-yasam-alanlari-aliskanliklarimizi-nasil-sekillendiriyor\/\"},\"author\":{\"name\":\"EvimiTasarla\",\"@id\":\"https:\/\/www.evimitasarla.net\/ev-dekorasyon-fikirleri-blog\/#\/schema\/person\/02569bc2214f854a98f4c42c5e393608\"},\"headline\":\"Yeni Y\u0131l Hedeflerinin Mek\u00e2nsal Kar\u015f\u0131l\u0131\u011f\u0131: Ya\u015fam Alanlar\u0131 Al\u0131\u015fkanl\u0131klar\u0131m\u0131z\u0131 Nas\u0131l \u015eekillendiriyor?\",\"datePublished\":\"2026-01-08T10:52:30+00:00\",\"dateModified\":\"2026-01-08T10:52:31+00:00\",\"mainEntityOfPage\":{\"@id\":\"https:\/\/www.evimitasarla.net\/ev-dekorasyon-fikirleri-blog\/yeni-yil-hedeflerinin-mekansal-karsiligi-yasam-alanlari-aliskanliklarimizi-nasil-sekillendiriyor\/\"},\"wordCount\":1166,\"commentCount\":0,\"publisher\":{\"@id\":\"https:\/\/www.evimitasarla.net\/ev-dekorasyon-fikirleri-blog\/#organization\"},\"image\":{\"@id\":\"https:\/\/www.evimitasarla.net\/ev-dekorasyon-fikirleri-blog\/yeni-yil-hedeflerinin-mekansal-karsiligi-yasam-alanlari-aliskanliklarimizi-nasil-sekillendiriyor\/#primaryimage\"},\"thumbnailUrl\":\"https:\/\/www.evimitasarla.net\/ev-dekorasyon-fikirleri-blog\/wp-content\/uploads\/2026\/01\/36b719eb2cd278090baf5da013afc51e-683x1024.jpg\",\"articleSection\":[\"Ev Dekorasyonu\"],\"inLanguage\":\"tr\",\"potentialAction\":[{\"@type\":\"CommentAction\",\"name\":\"Comment\",\"target\":[\"https:\/\/www.evimitasarla.net\/ev-dekorasyon-fikirleri-blog\/yeni-yil-hedeflerinin-mekansal-karsiligi-yasam-alanlari-aliskanliklarimizi-nasil-sekillendiriyor\/#respond\"]}]},{\"@type\":\"WebPage\",\"@id\":\"https:\/\/www.evimitasarla.net\/ev-dekorasyon-fikirleri-blog\/yeni-yil-hedeflerinin-mekansal-karsiligi-yasam-alanlari-aliskanliklarimizi-nasil-sekillendiriyor\/\",\"url\":\"https:\/\/www.evimitasarla.net\/ev-dekorasyon-fikirleri-blog\/yeni-yil-hedeflerinin-mekansal-karsiligi-yasam-alanlari-aliskanliklarimizi-nasil-sekillendiriyor\/\",\"name\":\"Yeni Y\u0131l Hedeflerinin Mek\u00e2nsal Kar\u015f\u0131l\u0131\u011f\u0131: Ya\u015fam Alanlar\u0131 Al\u0131\u015fkanl\u0131klar\u0131m\u0131z\u0131 Nas\u0131l \u015eekillendiriyor? - Ev Dekorasyon Fikirleri\",\"isPartOf\":{\"@id\":\"https:\/\/www.evimitasarla.net\/ev-dekorasyon-fikirleri-blog\/#website\"},\"primaryImageOfPage\":{\"@id\":\"https:\/\/www.evimitasarla.net\/ev-dekorasyon-fikirleri-blog\/yeni-yil-hedeflerinin-mekansal-karsiligi-yasam-alanlari-aliskanliklarimizi-nasil-sekillendiriyor\/#primaryimage\"},\"image\":{\"@id\":\"https:\/\/www.evimitasarla.net\/ev-dekorasyon-fikirleri-blog\/yeni-yil-hedeflerinin-mekansal-karsiligi-yasam-alanlari-aliskanliklarimizi-nasil-sekillendiriyor\/#primaryimage\"},\"thumbnailUrl\":\"https:\/\/www.evimitasarla.net\/ev-dekorasyon-fikirleri-blog\/wp-content\/uploads\/2026\/01\/36b719eb2cd278090baf5da013afc51e-683x1024.jpg\",\"datePublished\":\"2026-01-08T10:52:30+00:00\",\"dateModified\":\"2026-01-08T10:52:31+00:00\",\"breadcrumb\":{\"@id\":\"https:\/\/www.evimitasarla.net\/ev-dekorasyon-fikirleri-blog\/yeni-yil-hedeflerinin-mekansal-karsiligi-yasam-alanlari-aliskanliklarimizi-nasil-sekillendiriyor\/#breadcrumb\"},\"inLanguage\":\"tr\",\"potentialAction\":[{\"@type\":\"ReadAction\",\"target\":[\"https:\/\/www.evimitasarla.net\/ev-dekorasyon-fikirleri-blog\/yeni-yil-hedeflerinin-mekansal-karsiligi-yasam-alanlari-aliskanliklarimizi-nasil-sekillendiriyor\/\"]}]},{\"@type\":\"ImageObject\",\"inLanguage\":\"tr\",\"@id\":\"https:\/\/www.evimitasarla.net\/ev-dekorasyon-fikirleri-blog\/yeni-yil-hedeflerinin-mekansal-karsiligi-yasam-alanlari-aliskanliklarimizi-nasil-sekillendiriyor\/#primaryimage\",\"url\":\"https:\/\/www.evimitasarla.net\/ev-dekorasyon-fikirleri-blog\/wp-content\/uploads\/2026\/01\/36b719eb2cd278090baf5da013afc51e.jpg\",\"contentUrl\":\"https:\/\/www.evimitasarla.net\/ev-dekorasyon-fikirleri-blog\/wp-content\/uploads\/2026\/01\/36b719eb2cd278090baf5da013afc51e.jpg\",\"width\":1024,\"height\":1536},{\"@type\":\"BreadcrumbList\",\"@id\":\"https:\/\/www.evimitasarla.net\/ev-dekorasyon-fikirleri-blog\/yeni-yil-hedeflerinin-mekansal-karsiligi-yasam-alanlari-aliskanliklarimizi-nasil-sekillendiriyor\/#breadcrumb\",\"itemListElement\":[{\"@type\":\"ListItem\",\"position\":1,\"name\":\"Ana sayfa\",\"item\":\"https:\/\/www.evimitasarla.net\/ev-dekorasyon-fikirleri-blog\/\"},{\"@type\":\"ListItem\",\"position\":2,\"name\":\"Ev Dekorasyonu\",\"item\":\"https:\/\/www.evimitasarla.net\/ev-dekorasyon-fikirleri-blog\/category\/ev-dekorasyonu\/\"},{\"@type\":\"ListItem\",\"position\":3,\"name\":\"Yeni Y\u0131l Hedeflerinin Mek\u00e2nsal Kar\u015f\u0131l\u0131\u011f\u0131: Ya\u015fam Alanlar\u0131 Al\u0131\u015fkanl\u0131klar\u0131m\u0131z\u0131 Nas\u0131l \u015eekillendiriyor?\"}]},{\"@type\":\"WebSite\",\"@id\":\"https:\/\/www.evimitasarla.net\/ev-dekorasyon-fikirleri-blog\/#website\",\"url\":\"https:\/\/www.evimitasarla.net\/ev-dekorasyon-fikirleri-blog\/\",\"name\":\"Ev Dekorasyon Fikirleri\",\"description\":\"Evimi Tasarla\",\"publisher\":{\"@id\":\"https:\/\/www.evimitasarla.net\/ev-dekorasyon-fikirleri-blog\/#organization\"},\"potentialAction\":[{\"@type\":\"SearchAction\",\"target\":{\"@type\":\"EntryPoint\",\"urlTemplate\":\"https:\/\/www.evimitasarla.net\/ev-dekorasyon-fikirleri-blog\/?s={search_term_string}\"},\"query-input\":{\"@type\":\"PropertyValueSpecification\",\"valueRequired\":true,\"valueName\":\"search_term_string\"}}],\"inLanguage\":\"tr\"},{\"@type\":\"Organization\",\"@id\":\"https:\/\/www.evimitasarla.net\/ev-dekorasyon-fikirleri-blog\/#organization\",\"name\":\"Evimi Tasarla Online \u0130\u00e7 Mimarl\u0131k Hizmetleri\",\"url\":\"https:\/\/www.evimitasarla.net\/ev-dekorasyon-fikirleri-blog\/\",\"logo\":{\"@type\":\"ImageObject\",\"inLanguage\":\"tr\",\"@id\":\"https:\/\/www.evimitasarla.net\/ev-dekorasyon-fikirleri-blog\/#\/schema\/logo\/image\/\",\"url\":\"https:\/\/www.evimitasarla.net\/ev-dekorasyon-fikirleri-blog\/wp-content\/uploads\/2018\/12\/2018_ET_FinalLogoREV.jpg\",\"contentUrl\":\"https:\/\/www.evimitasarla.net\/ev-dekorasyon-fikirleri-blog\/wp-content\/uploads\/2018\/12\/2018_ET_FinalLogoREV.jpg\",\"width\":1063,\"height\":887,\"caption\":\"Evimi Tasarla Online \u0130\u00e7 Mimarl\u0131k Hizmetleri\"},\"image\":{\"@id\":\"https:\/\/www.evimitasarla.net\/ev-dekorasyon-fikirleri-blog\/#\/schema\/logo\/image\/\"},\"sameAs\":[\"https:\/\/www.instagram.com\/evimitasarla\/\",\"https:\/\/www.linkedin.com\/company\/evimitasarla.net\/\",\"https:\/\/tr.pinterest.com\/evimitasarlanet\/\",\"https:\/\/www.youtube.com\/channel\/UCZ7R9noTTMSTZHAPgD6NciA\"]},{\"@type\":\"Person\",\"@id\":\"https:\/\/www.evimitasarla.net\/ev-dekorasyon-fikirleri-blog\/#\/schema\/person\/02569bc2214f854a98f4c42c5e393608\",\"name\":\"EvimiTasarla\",\"image\":{\"@type\":\"ImageObject\",\"inLanguage\":\"tr\",\"@id\":\"https:\/\/www.evimitasarla.net\/ev-dekorasyon-fikirleri-blog\/#\/schema\/person\/image\/\",\"url\":\"https:\/\/secure.gravatar.com\/avatar\/839a6825c538f720cfa1a8cd27d7a8498dbf8f63b568f865bce029a5053076dd?s=96&d=mm&r=g\",\"contentUrl\":\"https:\/\/secure.gravatar.com\/avatar\/839a6825c538f720cfa1a8cd27d7a8498dbf8f63b568f865bce029a5053076dd?s=96&d=mm&r=g\",\"caption\":\"EvimiTasarla\"},\"url\":\"https:\/\/www.evimitasarla.net\/ev-dekorasyon-fikirleri-blog\/author\/admin\/\"}]}<\/script>\n<!-- \/ Yoast SEO plugin. -->","yoast_head_json":{"title":"Yeni Y\u0131l Hedeflerinin Mek\u00e2nsal Kar\u015f\u0131l\u0131\u011f\u0131: Ya\u015fam Alanlar\u0131 Al\u0131\u015fkanl\u0131klar\u0131m\u0131z\u0131 Nas\u0131l \u015eekillendiriyor? - Ev Dekorasyon Fikirleri","robots":{"index":"index","follow":"follow","max-snippet":"max-snippet:-1","max-image-preview":"max-image-preview:large","max-video-preview":"max-video-preview:-1"},"canonical":"https:\/\/www.evimitasarla.net\/ev-dekorasyon-fikirleri-blog\/yeni-yil-hedeflerinin-mekansal-karsiligi-yasam-alanlari-aliskanliklarimizi-nasil-sekillendiriyor\/","og_locale":"tr_TR","og_type":"article","og_title":"Yeni Y\u0131l Hedeflerinin Mek\u00e2nsal Kar\u015f\u0131l\u0131\u011f\u0131: Ya\u015fam Alanlar\u0131 Al\u0131\u015fkanl\u0131klar\u0131m\u0131z\u0131 Nas\u0131l \u015eekillendiriyor? - Ev Dekorasyon Fikirleri","og_description":"Yeni y\u0131l hedefleri \u00e7o\u011funlukla zihinsel bir defterde ba\u015flar: daha \u00e7ok okumak, daha \u00e7ok \u00fcretmek, daha \u00e7ok spor yapmak, d\u00fczenli olmak, rahatlamak, hayalini kurdu\u011fumuz hobilere zaman ay\u0131rmak ya da daha sosyal olmak\u2026Fakat ilgin\u00e7tir: t\u00fcm bu hedeflerin hayata ge\u00e7ip ge\u00e7meyece\u011fini belirleyen en g\u00fc\u00e7l\u00fc tetikleyicilerden biri \u00e7o\u011fu zaman ya\u015fad\u0131\u011f\u0131m\u0131z mek\u00e2n\u0131n bize sundu\u011fu destek olur. Yeni y\u0131l d\u00f6neminde al\u0131nan ... Read more","og_url":"https:\/\/www.evimitasarla.net\/ev-dekorasyon-fikirleri-blog\/yeni-yil-hedeflerinin-mekansal-karsiligi-yasam-alanlari-aliskanliklarimizi-nasil-sekillendiriyor\/","og_site_name":"Ev Dekorasyon Fikirleri","article_published_time":"2026-01-08T10:52:30+00:00","article_modified_time":"2026-01-08T10:52:31+00:00","og_image":[{"width":1024,"height":1536,"url":"https:\/\/www.evimitasarla.net\/ev-dekorasyon-fikirleri-blog\/wp-content\/uploads\/2026\/01\/36b719eb2cd278090baf5da013afc51e.jpg","type":"image\/jpeg"}],"author":"EvimiTasarla","twitter_card":"summary_large_image","twitter_misc":{"Yazan:":"EvimiTasarla","Tahmini okuma s\u00fcresi":"6 dakika"},"schema":{"@context":"https:\/\/schema.org","@graph":[{"@type":"Article","@id":"https:\/\/www.evimitasarla.net\/ev-dekorasyon-fikirleri-blog\/yeni-yil-hedeflerinin-mekansal-karsiligi-yasam-alanlari-aliskanliklarimizi-nasil-sekillendiriyor\/#article","isPartOf":{"@id":"https:\/\/www.evimitasarla.net\/ev-dekorasyon-fikirleri-blog\/yeni-yil-hedeflerinin-mekansal-karsiligi-yasam-alanlari-aliskanliklarimizi-nasil-sekillendiriyor\/"},"author":{"name":"EvimiTasarla","@id":"https:\/\/www.evimitasarla.net\/ev-dekorasyon-fikirleri-blog\/#\/schema\/person\/02569bc2214f854a98f4c42c5e393608"},"headline":"Yeni Y\u0131l Hedeflerinin Mek\u00e2nsal Kar\u015f\u0131l\u0131\u011f\u0131: Ya\u015fam Alanlar\u0131 Al\u0131\u015fkanl\u0131klar\u0131m\u0131z\u0131 Nas\u0131l \u015eekillendiriyor?","datePublished":"2026-01-08T10:52:30+00:00","dateModified":"2026-01-08T10:52:31+00:00","mainEntityOfPage":{"@id":"https:\/\/www.evimitasarla.net\/ev-dekorasyon-fikirleri-blog\/yeni-yil-hedeflerinin-mekansal-karsiligi-yasam-alanlari-aliskanliklarimizi-nasil-sekillendiriyor\/"},"wordCount":1166,"commentCount":0,"publisher":{"@id":"https:\/\/www.evimitasarla.net\/ev-dekorasyon-fikirleri-blog\/#organization"},"image":{"@id":"https:\/\/www.evimitasarla.net\/ev-dekorasyon-fikirleri-blog\/yeni-yil-hedeflerinin-mekansal-karsiligi-yasam-alanlari-aliskanliklarimizi-nasil-sekillendiriyor\/#primaryimage"},"thumbnailUrl":"https:\/\/www.evimitasarla.net\/ev-dekorasyon-fikirleri-blog\/wp-content\/uploads\/2026\/01\/36b719eb2cd278090baf5da013afc51e-683x1024.jpg","articleSection":["Ev Dekorasyonu"],"inLanguage":"tr","potentialAction":[{"@type":"CommentAction","name":"Comment","target":["https:\/\/www.evimitasarla.net\/ev-dekorasyon-fikirleri-blog\/yeni-yil-hedeflerinin-mekansal-karsiligi-yasam-alanlari-aliskanliklarimizi-nasil-sekillendiriyor\/#respond"]}]},{"@type":"WebPage","@id":"https:\/\/www.evimitasarla.net\/ev-dekorasyon-fikirleri-blog\/yeni-yil-hedeflerinin-mekansal-karsiligi-yasam-alanlari-aliskanliklarimizi-nasil-sekillendiriyor\/","url":"https:\/\/www.evimitasarla.net\/ev-dekorasyon-fikirleri-blog\/yeni-yil-hedeflerinin-mekansal-karsiligi-yasam-alanlari-aliskanliklarimizi-nasil-sekillendiriyor\/","name":"Yeni Y\u0131l Hedeflerinin Mek\u00e2nsal Kar\u015f\u0131l\u0131\u011f\u0131: Ya\u015fam Alanlar\u0131 Al\u0131\u015fkanl\u0131klar\u0131m\u0131z\u0131 Nas\u0131l \u015eekillendiriyor? - Ev Dekorasyon Fikirleri","isPartOf":{"@id":"https:\/\/www.evimitasarla.net\/ev-dekorasyon-fikirleri-blog\/#website"},"primaryImageOfPage":{"@id":"https:\/\/www.evimitasarla.net\/ev-dekorasyon-fikirleri-blog\/yeni-yil-hedeflerinin-mekansal-karsiligi-yasam-alanlari-aliskanliklarimizi-nasil-sekillendiriyor\/#primaryimage"},"image":{"@id":"https:\/\/www.evimitasarla.net\/ev-dekorasyon-fikirleri-blog\/yeni-yil-hedeflerinin-mekansal-karsiligi-yasam-alanlari-aliskanliklarimizi-nasil-sekillendiriyor\/#primaryimage"},"thumbnailUrl":"https:\/\/www.evimitasarla.net\/ev-dekorasyon-fikirleri-blog\/wp-content\/uploads\/2026\/01\/36b719eb2cd278090baf5da013afc51e-683x1024.jpg","datePublished":"2026-01-08T10:52:30+00:00","dateModified":"2026-01-08T10:52:31+00:00","breadcrumb":{"@id":"https:\/\/www.evimitasarla.net\/ev-dekorasyon-fikirleri-blog\/yeni-yil-hedeflerinin-mekansal-karsiligi-yasam-alanlari-aliskanliklarimizi-nasil-sekillendiriyor\/#breadcrumb"},"inLanguage":"tr","potentialAction":[{"@type":"ReadAction","target":["https:\/\/www.evimitasarla.net\/ev-dekorasyon-fikirleri-blog\/yeni-yil-hedeflerinin-mekansal-karsiligi-yasam-alanlari-aliskanliklarimizi-nasil-sekillendiriyor\/"]}]},{"@type":"ImageObject","inLanguage":"tr","@id":"https:\/\/www.evimitasarla.net\/ev-dekorasyon-fikirleri-blog\/yeni-yil-hedeflerinin-mekansal-karsiligi-yasam-alanlari-aliskanliklarimizi-nasil-sekillendiriyor\/#primaryimage","url":"https:\/\/www.evimitasarla.net\/ev-dekorasyon-fikirleri-blog\/wp-content\/uploads\/2026\/01\/36b719eb2cd278090baf5da013afc51e.jpg","contentUrl":"https:\/\/www.evimitasarla.net\/ev-dekorasyon-fikirleri-blog\/wp-content\/uploads\/2026\/01\/36b719eb2cd278090baf5da013afc51e.jpg","width":1024,"height":1536},{"@type":"BreadcrumbList","@id":"https:\/\/www.evimitasarla.net\/ev-dekorasyon-fikirleri-blog\/yeni-yil-hedeflerinin-mekansal-karsiligi-yasam-alanlari-aliskanliklarimizi-nasil-sekillendiriyor\/#breadcrumb","itemListElement":[{"@type":"ListItem","position":1,"name":"Ana sayfa","item":"https:\/\/www.evimitasarla.net\/ev-dekorasyon-fikirleri-blog\/"},{"@type":"ListItem","position":2,"name":"Ev Dekorasyonu","item":"https:\/\/www.evimitasarla.net\/ev-dekorasyon-fikirleri-blog\/category\/ev-dekorasyonu\/"},{"@type":"ListItem","position":3,"name":"Yeni Y\u0131l Hedeflerinin Mek\u00e2nsal Kar\u015f\u0131l\u0131\u011f\u0131: Ya\u015fam Alanlar\u0131 Al\u0131\u015fkanl\u0131klar\u0131m\u0131z\u0131 Nas\u0131l \u015eekillendiriyor?"}]},{"@type":"WebSite","@id":"https:\/\/www.evimitasarla.net\/ev-dekorasyon-fikirleri-blog\/#website","url":"https:\/\/www.evimitasarla.net\/ev-dekorasyon-fikirleri-blog\/","name":"Ev Dekorasyon Fikirleri","description":"Evimi Tasarla","publisher":{"@id":"https:\/\/www.evimitasarla.net\/ev-dekorasyon-fikirleri-blog\/#organization"},"potentialAction":[{"@type":"SearchAction","target":{"@type":"EntryPoint","urlTemplate":"https:\/\/www.evimitasarla.net\/ev-dekorasyon-fikirleri-blog\/?s={search_term_string}"},"query-input":{"@type":"PropertyValueSpecification","valueRequired":true,"valueName":"search_term_string"}}],"inLanguage":"tr"},{"@type":"Organization","@id":"https:\/\/www.evimitasarla.net\/ev-dekorasyon-fikirleri-blog\/#organization","name":"Evimi Tasarla Online \u0130\u00e7 Mimarl\u0131k Hizmetleri","url":"https:\/\/www.evimitasarla.net\/ev-dekorasyon-fikirleri-blog\/","logo":{"@type":"ImageObject","inLanguage":"tr","@id":"https:\/\/www.evimitasarla.net\/ev-dekorasyon-fikirleri-blog\/#\/schema\/logo\/image\/","url":"https:\/\/www.evimitasarla.net\/ev-dekorasyon-fikirleri-blog\/wp-content\/uploads\/2018\/12\/2018_ET_FinalLogoREV.jpg","contentUrl":"https:\/\/www.evimitasarla.net\/ev-dekorasyon-fikirleri-blog\/wp-content\/uploads\/2018\/12\/2018_ET_FinalLogoREV.jpg","width":1063,"height":887,"caption":"Evimi Tasarla Online \u0130\u00e7 Mimarl\u0131k Hizmetleri"},"image":{"@id":"https:\/\/www.evimitasarla.net\/ev-dekorasyon-fikirleri-blog\/#\/schema\/logo\/image\/"},"sameAs":["https:\/\/www.instagram.com\/evimitasarla\/","https:\/\/www.linkedin.com\/company\/evimitasarla.net\/","https:\/\/tr.pinterest.com\/evimitasarlanet\/","https:\/\/www.youtube.com\/channel\/UCZ7R9noTTMSTZHAPgD6NciA"]},{"@type":"Person","@id":"https:\/\/www.evimitasarla.net\/ev-dekorasyon-fikirleri-blog\/#\/schema\/person\/02569bc2214f854a98f4c42c5e393608","name":"EvimiTasarla","image":{"@type":"ImageObject","inLanguage":"tr","@id":"https:\/\/www.evimitasarla.net\/ev-dekorasyon-fikirleri-blog\/#\/schema\/person\/image\/","url":"https:\/\/secure.gravatar.com\/avatar\/839a6825c538f720cfa1a8cd27d7a8498dbf8f63b568f865bce029a5053076dd?s=96&d=mm&r=g","contentUrl":"https:\/\/secure.gravatar.com\/avatar\/839a6825c538f720cfa1a8cd27d7a8498dbf8f63b568f865bce029a5053076dd?s=96&d=mm&r=g","caption":"EvimiTasarla"},"url":"https:\/\/www.evimitasarla.net\/ev-dekorasyon-fikirleri-blog\/author\/admin\/"}]}},"_links":{"self":[{"href":"https:\/\/www.evimitasarla.net\/ev-dekorasyon-fikirleri-blog\/wp-json\/wp\/v2\/posts\/6505","targetHints":{"allow":["GET"]}}],"collection":[{"href":"https:\/\/www.evimitasarla.net\/ev-dekorasyon-fikirleri-blog\/wp-json\/wp\/v2\/posts"}],"about":[{"href":"https:\/\/www.evimitasarla.net\/ev-dekorasyon-fikirleri-blog\/wp-json\/wp\/v2\/types\/post"}],"author":[{"embeddable":true,"href":"https:\/\/www.evimitasarla.net\/ev-dekorasyon-fikirleri-blog\/wp-json\/wp\/v2\/users\/1"}],"replies":[{"embeddable":true,"href":"https:\/\/www.evimitasarla.net\/ev-dekorasyon-fikirleri-blog\/wp-json\/wp\/v2\/comments?post=6505"}],"version-history":[{"count":1,"href":"https:\/\/www.evimitasarla.net\/ev-dekorasyon-fikirleri-blog\/wp-json\/wp\/v2\/posts\/6505\/revisions"}],"predecessor-version":[{"id":6514,"href":"https:\/\/www.evimitasarla.net\/ev-dekorasyon-fikirleri-blog\/wp-json\/wp\/v2\/posts\/6505\/revisions\/6514"}],"wp:attachment":[{"href":"https:\/\/www.evimitasarla.net\/ev-dekorasyon-fikirleri-blog\/wp-json\/wp\/v2\/media?parent=6505"}],"wp:term":[{"taxonomy":"category","embeddable":true,"href":"https:\/\/www.evimitasarla.net\/ev-dekorasyon-fikirleri-blog\/wp-json\/wp\/v2\/categories?post=6505"},{"taxonomy":"post_tag","embeddable":true,"href":"https:\/\/www.evimitasarla.net\/ev-dekorasyon-fikirleri-blog\/wp-json\/wp\/v2\/tags?post=6505"}],"curies":[{"name":"wp","href":"https:\/\/api.w.org\/{rel}","templated":true}]}}