{"id":6414,"date":"2025-11-10T22:21:14","date_gmt":"2025-11-10T19:21:14","guid":{"rendered":"https:\/\/www.evimitasarla.net\/ev-dekorasyon-fikirleri-blog\/?p=6414"},"modified":"2025-12-01T11:58:36","modified_gmt":"2025-12-01T08:58:36","slug":"evde-yesil-alan-yaratmanin-5-yolu-balkonunu-mini-ormana-donustur","status":"publish","type":"post","link":"https:\/\/www.evimitasarla.net\/ev-dekorasyon-fikirleri-blog\/evde-yesil-alan-yaratmanin-5-yolu-balkonunu-mini-ormana-donustur\/","title":{"rendered":"Evde Ye\u015fil Alan Yaratman\u0131n 5 Yolu: Balkonunu Mini Ormana D\u00f6n\u00fc\u015ft\u00fcr"},"content":{"rendered":"\n<p>\u015eehir hayat\u0131n\u0131n temposu i\u00e7inde do\u011fayla ba\u011f kurmak \u00e7o\u011fu zaman zorla\u015f\u0131yor. Ancak iyi haber \u015fu: Kendi evinde, hatta k\u00fc\u00e7\u00fck bir balkonda bile do\u011fan\u0131n huzurunu hissedebilirsin. Sonbahar\u0131n sonlar\u0131na gelmi\u015f olsak bile birka\u00e7 yarat\u0131c\u0131 dokunu\u015f ve do\u011fru bitki se\u00e7imiyle, <a href=\"https:\/\/www.evimitasarla.net\/ev-dekorasyon-fikirleri-blog\/kucuk-balkonlarda-yesil-alanlar-yaratmak\/\">balkonunu <strong>mini bir ormana<\/strong><\/a> d\u00f6n\u00fc\u015ft\u00fcrmek m\u00fcmk\u00fcn! \ud83c\udf31<\/p>\n\n\n\n<p>Evde ye\u015fil alan yaratmak sadece estetik de\u011fil, ayn\u0131 zamanda <strong>psikolojik bir denge unsuru<\/strong>. Ye\u015filin tonlar\u0131 stresi azalt\u0131r, mekana ferahl\u0131k katar ve ya\u015fam alan\u0131n\u0131z\u0131 daha sa\u011fl\u0131kl\u0131 hale getirir. \u0130\u015fte salonunun bir k\u00f6\u015fesini ya da balkonunu do\u011fan\u0131n kalbine d\u00f6n\u00fc\u015ft\u00fcrmenin d\u00f6rt pratik yolu:<\/p>\n\n\n\n<h2 class=\"wp-block-heading\"><strong>1. Bitkileri Kat Kat Kullan\u0131n: Dikey Bah\u00e7e Etkisi<\/strong><\/h2>\n\n\n\n<p>K\u00fc\u00e7\u00fck alanlarda hacmi verimli kullanman\u0131n en etkili yollar\u0131ndan biri <strong>dikey d\u00fczenleme<\/strong>dir. Farkl\u0131 y\u00fcksekliklerde saks\u0131lar, ask\u0131l\u0131 raflar veya duvara monte edilen bitki panelleriyle katmanl\u0131 bir g\u00f6r\u00fcn\u00fcm elde edebilirsin. Raflarda sukulentleri, orta y\u00fckseklikte yaprakl\u0131 bitkilerle; zeminde ise b\u00fcy\u00fck saks\u0131larda bambu, areka palmiyesi veya monsera gibi tropik bitkilerle dengelemeyi dene.<br>Bu sayede salonunda veya balkonunda <strong>do\u011fal bir kompozisyon<\/strong> olu\u015furabilirsin.<\/p>\n\n\n\n<figure class=\"wp-block-gallery has-nested-images columns-default is-cropped wp-block-gallery-1 is-layout-flex wp-block-gallery-is-layout-flex\">\n<figure class=\"wp-block-image size-large\"><a href=\"https:\/\/www.evimitasarla.net\/ev-dekorasyon-fikirleri-blog\/wp-content\/uploads\/2025\/11\/balkon-bahce-3-1.jpg\"><img loading=\"lazy\" decoding=\"async\" width=\"450\" height=\"700\" data-id=\"6422\" src=\"https:\/\/www.evimitasarla.net\/ev-dekorasyon-fikirleri-blog\/wp-content\/uploads\/2025\/11\/balkon-bahce-3-1.jpg\" alt=\"dikey bitki yerle\u015fimi\" class=\"wp-image-6422\" srcset=\"https:\/\/www.evimitasarla.net\/ev-dekorasyon-fikirleri-blog\/wp-content\/uploads\/2025\/11\/balkon-bahce-3-1.jpg 450w, https:\/\/www.evimitasarla.net\/ev-dekorasyon-fikirleri-blog\/wp-content\/uploads\/2025\/11\/balkon-bahce-3-1-193x300.jpg 193w\" sizes=\"auto, (max-width: 450px) 100vw, 450px\" \/><\/a><\/figure>\n<\/figure>\n\n\n\n<h2 class=\"wp-block-heading\"><strong>2. Do\u011fal Malzemelerle S\u0131cak Bir Atmosfer Kur<\/strong><\/h2>\n\n\n\n<p>Bitkiler kadar onlar\u0131 ta\u015f\u0131yan <strong>malzeme se\u00e7imi<\/strong> de do\u011fayla ba\u011f kurman\u0131 sa\u011flar. Ah\u015fap, bambu, ta\u015f ya da rattan detaylar, balkonunu sade ama s\u0131cak bir alana d\u00f6n\u00fc\u015ft\u00fcr\u00fcr.<br>Zemin kaplamas\u0131nda do\u011fal tonlarda <strong>ah\u015fap deck<\/strong> kullanabilir, saks\u0131 se\u00e7iminde ise <strong>terracotta veya seramik y\u00fczeyleri<\/strong> tercih edebilirsin. Farkl\u0131 doku ve tonlar\u0131 bir araya getirebilirsin: ah\u015fap zemin, has\u0131r oturma pufu, ta\u015f detayl\u0131 saks\u0131lar. E\u011fer salonunda bir ye\u015fil k\u00f6\u015fe yaratacaksan malzeme b\u00fct\u00fcnl\u00fc\u011f\u00fc, mekan\u0131 uyumlu bir do\u011fa k\u00f6\u015fesine \u00e7evirir.<\/p>\n\n\n\n<figure class=\"wp-block-image size-large\"><a href=\"https:\/\/www.evimitasarla.net\/ev-dekorasyon-fikirleri-blog\/wp-content\/uploads\/2025\/11\/balkon-bahce-2-2.jpg\"><img loading=\"lazy\" decoding=\"async\" width=\"681\" height=\"1024\" src=\"https:\/\/www.evimitasarla.net\/ev-dekorasyon-fikirleri-blog\/wp-content\/uploads\/2025\/11\/balkon-bahce-2-2-681x1024.jpg\" alt=\"\" class=\"wp-image-6425\" srcset=\"https:\/\/www.evimitasarla.net\/ev-dekorasyon-fikirleri-blog\/wp-content\/uploads\/2025\/11\/balkon-bahce-2-2-681x1024.jpg 681w, https:\/\/www.evimitasarla.net\/ev-dekorasyon-fikirleri-blog\/wp-content\/uploads\/2025\/11\/balkon-bahce-2-2-199x300.jpg 199w, https:\/\/www.evimitasarla.net\/ev-dekorasyon-fikirleri-blog\/wp-content\/uploads\/2025\/11\/balkon-bahce-2-2.jpg 735w\" sizes=\"auto, (max-width: 681px) 100vw, 681px\" \/><\/a><\/figure>\n\n\n\n<h2 class=\"wp-block-heading\"><strong>3. I\u015f\u0131k ve Renk Dengesiyle Do\u011fay\u0131 Vurgulay\u0131n<\/strong><\/h2>\n\n\n\n<p>Ye\u015filin etkisini art\u0131rmak i\u00e7in do\u011fru <strong>ayd\u0131nlatma<\/strong> ve renk kullan\u0131m\u0131 b\u00fcy\u00fck fark yarat\u0131r. G\u00fcn\u00fcn farkl\u0131 saatlerinde k\u0131sa bir \u0131\u015f\u0131k taramas\u0131 yaparak hangi cephenin direkt\/indirekt \u0131\u015f\u0131k ald\u0131\u011f\u0131n\u0131 notla. Salonda t\u00fcl perde ya da \u0131\u015f\u0131k dif\u00fcz\u00f6rl\u00fc stor ile salonda \u0131\u015f\u0131\u011f\u0131 yumu\u015fat\u0131p yaprak yan\u0131klar\u0131n\u0131 \u00f6nleyebilirsin. Balkonun y\u00f6n\u00fcne g\u00f6re bitkilerin g\u00fcne\u015f ihtiyac\u0131n\u0131 planlay\u0131n; kuzeye bakan balkonlarda g\u00f6lge seven t\u00fcrler (\u00f6rne\u011fin e\u011frelti otu, \u015feflera) tercih etmelisin.<\/p>\n\n\n\n<p>Ak\u015fam saatlerinde <strong>s\u0131cak \u0131\u015f\u0131k tonlar\u0131nda LED lambalar<\/strong> veya <strong>solar fenerler<\/strong> kullanarak do\u011fal atmosferi s\u00fcrd\u00fcrebilirsin. Bu sayede hem enerji tasarrufu sa\u011flar hem de balkonunda huzurlu bir ak\u015fam ortam\u0131 yarat\u0131rs\u0131n. <\/p>\n\n\n\n<p>Zay\u0131f alanlar\u0131 <strong>3000\u20134000K<\/strong> LED spot\/line ile destekleyebilirsin; <strong>CRI 90+<\/strong> yaprak rengini do\u011fru g\u00f6sterir. B\u00fcy\u00fcme destekli \u0131\u015f\u0131klar\u0131 g\u00f6z seviyesinden uzak ni\u015flere y\u00f6nlendirip; ak\u015famlar\u0131 k\u0131sarak kama\u015fmay\u0131 d\u00fc\u015f\u00fcrmelisin.Ye\u015fil bitkilerin aras\u0131na sar\u0131 \u0131\u015f\u0131k yerle\u015ftirmek yaprak dokular\u0131n\u0131 \u00f6ne \u00e7\u0131kar\u0131rken, beyaz veya bej tekstil \u00fcr\u00fcnleri (yast\u0131k, \u00f6rt\u00fc, perde) ye\u015filin canl\u0131 tonlar\u0131n\u0131 dengeler.<\/p>\n\n\n\n<figure class=\"wp-block-image size-full\"><a href=\"https:\/\/www.evimitasarla.net\/ev-dekorasyon-fikirleri-blog\/wp-content\/uploads\/2025\/11\/ballkon-bahce-1-2.jpg\"><img loading=\"lazy\" decoding=\"async\" width=\"736\" height=\"981\" src=\"https:\/\/www.evimitasarla.net\/ev-dekorasyon-fikirleri-blog\/wp-content\/uploads\/2025\/11\/ballkon-bahce-1-2.jpg\" alt=\"\" class=\"wp-image-6426\" srcset=\"https:\/\/www.evimitasarla.net\/ev-dekorasyon-fikirleri-blog\/wp-content\/uploads\/2025\/11\/ballkon-bahce-1-2.jpg 736w, https:\/\/www.evimitasarla.net\/ev-dekorasyon-fikirleri-blog\/wp-content\/uploads\/2025\/11\/ballkon-bahce-1-2-225x300.jpg 225w\" sizes=\"auto, (max-width: 736px) 100vw, 736px\" \/><\/a><\/figure>\n\n\n\n<h2 class=\"wp-block-heading\"><strong>4. Fonksiyonel ve Rahat Bir Oturma Alan\u0131 Tasarlay\u0131n<\/strong><\/h2>\n\n\n\n<p>Mini bir orman yaratman\u0131n sadece g\u00f6rsel de\u011fil, <strong>ya\u015fanabilir<\/strong> olmas\u0131 da \u00f6nemli. Bitkilerle \u00e7evrili, nefes alabilece\u011fin k\u00fc\u00e7\u00fck bir oturma alan\u0131 planlamak do\u011fru olacakt\u0131r. Balkonda katlanabilir sandalye veya bank kullanarak yerden tasarruf edebilir, <strong>yumu\u015fak minderler<\/strong> ve <strong>do\u011fal kuma\u015fl\u0131 tekstiller<\/strong> ile konfor katabilirsin. Balkon korkuluklar\u0131na as\u0131lan saks\u0131lar hem yer a\u00e7ar hem de ye\u015fili g\u00f6z hizas\u0131na ta\u015f\u0131r.<\/p>\n\n\n\n<figure class=\"wp-block-image size-full\"><a href=\"https:\/\/www.evimitasarla.net\/ev-dekorasyon-fikirleri-blog\/wp-content\/uploads\/2025\/10\/image-1.png\"><img loading=\"lazy\" decoding=\"async\" width=\"573\" height=\"800\" src=\"https:\/\/www.evimitasarla.net\/ev-dekorasyon-fikirleri-blog\/wp-content\/uploads\/2025\/10\/image-1.png\" alt=\"\" class=\"wp-image-6380\" srcset=\"https:\/\/www.evimitasarla.net\/ev-dekorasyon-fikirleri-blog\/wp-content\/uploads\/2025\/10\/image-1.png 573w, https:\/\/www.evimitasarla.net\/ev-dekorasyon-fikirleri-blog\/wp-content\/uploads\/2025\/10\/image-1-215x300.png 215w\" sizes=\"auto, (max-width: 573px) 100vw, 573px\" \/><\/a><\/figure>\n\n\n\n<h2 class=\"wp-block-heading\"><strong>Mevsimsel De\u011fi\u015fime Uyum Sa\u011flay\u0131n<\/strong><\/h2>\n\n\n\n<p><a href=\"https:\/\/www.evimitasarla.net\/ev-dekorasyon-fikirleri-blog\/ev-dekorasyonunda-yukselen-trend-olan-ev-bitkilerinin-cinsleri-boyutlari-ve-tasarim-degerleri\/\">Bitkiler<\/a> mevsimsel d\u00f6ng\u00fclerde de\u011fi\u015fim g\u00f6sterir. Bu y\u00fczden balkonunuzu y\u0131l boyu canl\u0131 tutmak i\u00e7in <strong>mevsime uygun t\u00fcrler<\/strong> se\u00e7melisin. \u0130lkbahar ve yaz i\u00e7in sardunya, lavanta, begonya gibi \u00e7i\u00e7ekli t\u00fcrler; sonbahar ve k\u0131\u015f i\u00e7inse dayan\u0131kl\u0131 yaprakl\u0131 bitkiler idealdir.<\/p>\n\n\n\n<p>Ayr\u0131ca mini bir <strong>bitki bak\u0131m k\u00f6\u015fesi<\/strong> olu\u015fturarak saks\u0131 topra\u011f\u0131n\u0131 yenileyebilir, k\u00fc\u00e7\u00fck el aletleriyle d\u00fczenli bak\u0131m yapabilirsin. Bu k\u00fc\u00e7\u00fck rit\u00fceller, balkonunun do\u011fall\u0131\u011f\u0131n\u0131 s\u00fcrd\u00fcrmene yard\u0131mc\u0131 olur. \ud83c\udf3f<\/p>\n\n\n\n<h2 class=\"wp-block-heading\"><strong>Kendi Do\u011fal Ka\u00e7\u0131\u015f Alan\u0131n\u0131z\u0131 Yarat\u0131n<\/strong><\/h2>\n\n\n\n<p>Evde ye\u015fil alan yaratmak b\u00fcy\u00fck bir bah\u00e7eye sahip olmay\u0131 gerektirmez. Birka\u00e7 do\u011fru se\u00e7im, uygun malzeme ve dengeli yerle\u015fimle salonunun bir k\u00f6\u015fesini ya da balkonunu, <strong>\u015fehir i\u00e7inde k\u00fc\u00e7\u00fck bir ka\u00e7\u0131\u015f alan\u0131na<\/strong> d\u00f6n\u00fc\u015ft\u00fcrebilirsin.<br>Buras\u0131, sabah kahveni i\u00e7ti\u011fin, ak\u015famlar\u0131 nefes ald\u0131\u011f\u0131n, do\u011fayla yeniden ba\u011f kurdu\u011fun bir k\u00f6\u015fe olabilir. E\u011fer bunlar g\u00fczel ama ben kendim yapamam diyorsan <a href=\"http:\/\/www.evimitasarla.net\">EvimiTasarla.net&#8217;in<\/a> <a href=\"https:\/\/www.evimitasarla.net\/tasarim-paketleri\">Tasar\u0131m paketlerini<\/a> inceleyerek ihtiyac\u0131na cevap verecek online tasar\u0131m hizmetlerinin birinden faydalanabilirsin.<\/p>\n\n\n\n<p><\/p>\n","protected":false},"excerpt":{"rendered":"<p>\u015eehir hayat\u0131n\u0131n temposu i\u00e7inde do\u011fayla ba\u011f kurmak \u00e7o\u011fu zaman zorla\u015f\u0131yor. Ancak iyi haber \u015fu: Kendi evinde, hatta k\u00fc\u00e7\u00fck bir balkonda bile do\u011fan\u0131n huzurunu hissedebilirsin. Sonbahar\u0131n sonlar\u0131na gelmi\u015f olsak bile birka\u00e7 yarat\u0131c\u0131 dokunu\u015f ve do\u011fru bitki se\u00e7imiyle, balkonunu mini bir ormana d\u00f6n\u00fc\u015ft\u00fcrmek m\u00fcmk\u00fcn! \ud83c\udf31 Evde ye\u015fil alan yaratmak sadece estetik de\u011fil, ayn\u0131 zamanda psikolojik bir denge &#8230; <a title=\"Evde Ye\u015fil Alan Yaratman\u0131n 5 Yolu: Balkonunu Mini Ormana D\u00f6n\u00fc\u015ft\u00fcr\" class=\"read-more\" href=\"https:\/\/www.evimitasarla.net\/ev-dekorasyon-fikirleri-blog\/evde-yesil-alan-yaratmanin-5-yolu-balkonunu-mini-ormana-donustur\/\" aria-label=\"Read more about Evde Ye\u015fil Alan Yaratman\u0131n 5 Yolu: Balkonunu Mini Ormana D\u00f6n\u00fc\u015ft\u00fcr\">Read more<\/a><\/p>\n","protected":false},"author":6,"featured_media":6429,"comment_status":"open","ping_status":"open","sticky":false,"template":"","format":"standard","meta":{"footnotes":""},"categories":[25,18,1],"tags":[225,221,223,222,220,224],"class_list":["post-6414","post","type-post","status-publish","format-standard","has-post-thumbnail","hentry","category-cesitli-dekorasyon-onerileri","category-dis-mekan-dekorasyonu","category-ev-dekorasyonu","tag-balkonda-yesil-alan","tag-evde-yesil-kose","tag-online-design","tag-online-icmimarlik","tag-yesil-alan","tag-yesil-ev-bitkileri","infinite-scroll-item","masonry-post","generate-columns","tablet-grid-50","mobile-grid-100","grid-parent","grid-33"],"yoast_head":"<!-- This site is optimized with the Yoast SEO plugin v26.4 - https:\/\/yoast.com\/wordpress\/plugins\/seo\/ -->\n<title>Evde Ye\u015fil Alan Yaratman\u0131n 5 Yolu: Balkonunu Mini Ormana D\u00f6n\u00fc\u015ft\u00fcr - Ev Dekorasyon Fikirleri<\/title>\n<meta name=\"description\" content=\"Evinizde, \u00f6zellikle balkonda ye\u015fil alan yaratman\u0131n p\u00fcf noktalar\u0131n\u0131 \u00f6\u011frenin! Balkon ve ev bitkileri ile ilgili blog yaz\u0131m\u0131z i\u00e7in t\u0131klay\u0131n.\" \/>\n<meta name=\"robots\" content=\"index, follow, max-snippet:-1, max-image-preview:large, max-video-preview:-1\" \/>\n<link rel=\"canonical\" href=\"https:\/\/www.evimitasarla.net\/ev-dekorasyon-fikirleri-blog\/evde-yesil-alan-yaratmanin-5-yolu-balkonunu-mini-ormana-donustur\/\" \/>\n<meta property=\"og:locale\" content=\"tr_TR\" \/>\n<meta property=\"og:type\" content=\"article\" \/>\n<meta property=\"og:title\" content=\"Evde Ye\u015fil Alan Yaratman\u0131n 5 Yolu: Balkonunu Mini Ormana D\u00f6n\u00fc\u015ft\u00fcr - Ev Dekorasyon Fikirleri\" \/>\n<meta property=\"og:description\" content=\"Evinizde, \u00f6zellikle balkonda ye\u015fil alan yaratman\u0131n p\u00fcf noktalar\u0131n\u0131 \u00f6\u011frenin! Balkon ve ev bitkileri ile ilgili blog yaz\u0131m\u0131z i\u00e7in t\u0131klay\u0131n.\" \/>\n<meta property=\"og:url\" content=\"https:\/\/www.evimitasarla.net\/ev-dekorasyon-fikirleri-blog\/evde-yesil-alan-yaratmanin-5-yolu-balkonunu-mini-ormana-donustur\/\" \/>\n<meta property=\"og:site_name\" content=\"Ev Dekorasyon Fikirleri\" \/>\n<meta property=\"article:published_time\" content=\"2025-11-10T19:21:14+00:00\" \/>\n<meta property=\"article:modified_time\" content=\"2025-12-01T08:58:36+00:00\" \/>\n<meta property=\"og:image\" content=\"https:\/\/www.evimitasarla.net\/ev-dekorasyon-fikirleri-blog\/wp-content\/uploads\/2025\/11\/green-plant-corner.jpg\" \/>\n\t<meta property=\"og:image:width\" content=\"683\" \/>\n\t<meta property=\"og:image:height\" content=\"1024\" \/>\n\t<meta property=\"og:image:type\" content=\"image\/jpeg\" \/>\n<meta name=\"author\" content=\"Banu Hatipo\u011flu\" \/>\n<meta name=\"twitter:card\" content=\"summary_large_image\" \/>\n<meta name=\"twitter:label1\" content=\"Yazan:\" \/>\n\t<meta name=\"twitter:data1\" content=\"Banu Hatipo\u011flu\" \/>\n\t<meta name=\"twitter:label2\" content=\"Tahmini okuma s\u00fcresi\" \/>\n\t<meta name=\"twitter:data2\" content=\"5 dakika\" \/>\n<script type=\"application\/ld+json\" class=\"yoast-schema-graph\">{\"@context\":\"https:\/\/schema.org\",\"@graph\":[{\"@type\":\"Article\",\"@id\":\"https:\/\/www.evimitasarla.net\/ev-dekorasyon-fikirleri-blog\/evde-yesil-alan-yaratmanin-5-yolu-balkonunu-mini-ormana-donustur\/#article\",\"isPartOf\":{\"@id\":\"https:\/\/www.evimitasarla.net\/ev-dekorasyon-fikirleri-blog\/evde-yesil-alan-yaratmanin-5-yolu-balkonunu-mini-ormana-donustur\/\"},\"author\":{\"name\":\"Banu Hatipo\u011flu\",\"@id\":\"https:\/\/www.evimitasarla.net\/ev-dekorasyon-fikirleri-blog\/#\/schema\/person\/fec02d8078f376a0de0d71b76c1e0860\"},\"headline\":\"Evde Ye\u015fil Alan Yaratman\u0131n 5 Yolu: Balkonunu Mini Ormana D\u00f6n\u00fc\u015ft\u00fcr\",\"datePublished\":\"2025-11-10T19:21:14+00:00\",\"dateModified\":\"2025-12-01T08:58:36+00:00\",\"mainEntityOfPage\":{\"@id\":\"https:\/\/www.evimitasarla.net\/ev-dekorasyon-fikirleri-blog\/evde-yesil-alan-yaratmanin-5-yolu-balkonunu-mini-ormana-donustur\/\"},\"wordCount\":799,\"commentCount\":0,\"publisher\":{\"@id\":\"https:\/\/www.evimitasarla.net\/ev-dekorasyon-fikirleri-blog\/#organization\"},\"image\":{\"@id\":\"https:\/\/www.evimitasarla.net\/ev-dekorasyon-fikirleri-blog\/evde-yesil-alan-yaratmanin-5-yolu-balkonunu-mini-ormana-donustur\/#primaryimage\"},\"thumbnailUrl\":\"https:\/\/www.evimitasarla.net\/ev-dekorasyon-fikirleri-blog\/wp-content\/uploads\/2025\/11\/green-plant-corner.jpg\",\"keywords\":[\"balkonda ye\u015fil alan\",\"evde ye\u015fil k\u00f6\u015fe\",\"online design\",\"online i\u00e7mimarl\u0131k\",\"ye\u015fil alan\",\"ye\u015fil ev bitkileri\"],\"articleSection\":[\"\u00c7e\u015fitli Dekorasyon \u00d6nerileri\",\"D\u0131\u015f Mekan\",\"Ev Dekorasyonu\"],\"inLanguage\":\"tr\",\"potentialAction\":[{\"@type\":\"CommentAction\",\"name\":\"Comment\",\"target\":[\"https:\/\/www.evimitasarla.net\/ev-dekorasyon-fikirleri-blog\/evde-yesil-alan-yaratmanin-5-yolu-balkonunu-mini-ormana-donustur\/#respond\"]}]},{\"@type\":\"WebPage\",\"@id\":\"https:\/\/www.evimitasarla.net\/ev-dekorasyon-fikirleri-blog\/evde-yesil-alan-yaratmanin-5-yolu-balkonunu-mini-ormana-donustur\/\",\"url\":\"https:\/\/www.evimitasarla.net\/ev-dekorasyon-fikirleri-blog\/evde-yesil-alan-yaratmanin-5-yolu-balkonunu-mini-ormana-donustur\/\",\"name\":\"Evde Ye\u015fil Alan Yaratman\u0131n 5 Yolu: Balkonunu Mini Ormana D\u00f6n\u00fc\u015ft\u00fcr - Ev Dekorasyon Fikirleri\",\"isPartOf\":{\"@id\":\"https:\/\/www.evimitasarla.net\/ev-dekorasyon-fikirleri-blog\/#website\"},\"primaryImageOfPage\":{\"@id\":\"https:\/\/www.evimitasarla.net\/ev-dekorasyon-fikirleri-blog\/evde-yesil-alan-yaratmanin-5-yolu-balkonunu-mini-ormana-donustur\/#primaryimage\"},\"image\":{\"@id\":\"https:\/\/www.evimitasarla.net\/ev-dekorasyon-fikirleri-blog\/evde-yesil-alan-yaratmanin-5-yolu-balkonunu-mini-ormana-donustur\/#primaryimage\"},\"thumbnailUrl\":\"https:\/\/www.evimitasarla.net\/ev-dekorasyon-fikirleri-blog\/wp-content\/uploads\/2025\/11\/green-plant-corner.jpg\",\"datePublished\":\"2025-11-10T19:21:14+00:00\",\"dateModified\":\"2025-12-01T08:58:36+00:00\",\"description\":\"Evinizde, \u00f6zellikle balkonda ye\u015fil alan yaratman\u0131n p\u00fcf noktalar\u0131n\u0131 \u00f6\u011frenin! Balkon ve ev bitkileri ile ilgili blog yaz\u0131m\u0131z i\u00e7in t\u0131klay\u0131n.\",\"breadcrumb\":{\"@id\":\"https:\/\/www.evimitasarla.net\/ev-dekorasyon-fikirleri-blog\/evde-yesil-alan-yaratmanin-5-yolu-balkonunu-mini-ormana-donustur\/#breadcrumb\"},\"inLanguage\":\"tr\",\"potentialAction\":[{\"@type\":\"ReadAction\",\"target\":[\"https:\/\/www.evimitasarla.net\/ev-dekorasyon-fikirleri-blog\/evde-yesil-alan-yaratmanin-5-yolu-balkonunu-mini-ormana-donustur\/\"]}]},{\"@type\":\"ImageObject\",\"inLanguage\":\"tr\",\"@id\":\"https:\/\/www.evimitasarla.net\/ev-dekorasyon-fikirleri-blog\/evde-yesil-alan-yaratmanin-5-yolu-balkonunu-mini-ormana-donustur\/#primaryimage\",\"url\":\"https:\/\/www.evimitasarla.net\/ev-dekorasyon-fikirleri-blog\/wp-content\/uploads\/2025\/11\/green-plant-corner.jpg\",\"contentUrl\":\"https:\/\/www.evimitasarla.net\/ev-dekorasyon-fikirleri-blog\/wp-content\/uploads\/2025\/11\/green-plant-corner.jpg\",\"width\":683,\"height\":1024},{\"@type\":\"BreadcrumbList\",\"@id\":\"https:\/\/www.evimitasarla.net\/ev-dekorasyon-fikirleri-blog\/evde-yesil-alan-yaratmanin-5-yolu-balkonunu-mini-ormana-donustur\/#breadcrumb\",\"itemListElement\":[{\"@type\":\"ListItem\",\"position\":1,\"name\":\"Ana sayfa\",\"item\":\"https:\/\/www.evimitasarla.net\/ev-dekorasyon-fikirleri-blog\/\"},{\"@type\":\"ListItem\",\"position\":2,\"name\":\"Ev Dekorasyonu\",\"item\":\"https:\/\/www.evimitasarla.net\/ev-dekorasyon-fikirleri-blog\/category\/ev-dekorasyonu\/\"},{\"@type\":\"ListItem\",\"position\":3,\"name\":\"Evde Ye\u015fil Alan Yaratman\u0131n 5 Yolu: Balkonunu Mini Ormana D\u00f6n\u00fc\u015ft\u00fcr\"}]},{\"@type\":\"WebSite\",\"@id\":\"https:\/\/www.evimitasarla.net\/ev-dekorasyon-fikirleri-blog\/#website\",\"url\":\"https:\/\/www.evimitasarla.net\/ev-dekorasyon-fikirleri-blog\/\",\"name\":\"Ev Dekorasyon Fikirleri\",\"description\":\"Evimi Tasarla\",\"publisher\":{\"@id\":\"https:\/\/www.evimitasarla.net\/ev-dekorasyon-fikirleri-blog\/#organization\"},\"potentialAction\":[{\"@type\":\"SearchAction\",\"target\":{\"@type\":\"EntryPoint\",\"urlTemplate\":\"https:\/\/www.evimitasarla.net\/ev-dekorasyon-fikirleri-blog\/?s={search_term_string}\"},\"query-input\":{\"@type\":\"PropertyValueSpecification\",\"valueRequired\":true,\"valueName\":\"search_term_string\"}}],\"inLanguage\":\"tr\"},{\"@type\":\"Organization\",\"@id\":\"https:\/\/www.evimitasarla.net\/ev-dekorasyon-fikirleri-blog\/#organization\",\"name\":\"Evimi Tasarla Online \u0130\u00e7 Mimarl\u0131k Hizmetleri\",\"url\":\"https:\/\/www.evimitasarla.net\/ev-dekorasyon-fikirleri-blog\/\",\"logo\":{\"@type\":\"ImageObject\",\"inLanguage\":\"tr\",\"@id\":\"https:\/\/www.evimitasarla.net\/ev-dekorasyon-fikirleri-blog\/#\/schema\/logo\/image\/\",\"url\":\"https:\/\/www.evimitasarla.net\/ev-dekorasyon-fikirleri-blog\/wp-content\/uploads\/2018\/12\/2018_ET_FinalLogoREV.jpg\",\"contentUrl\":\"https:\/\/www.evimitasarla.net\/ev-dekorasyon-fikirleri-blog\/wp-content\/uploads\/2018\/12\/2018_ET_FinalLogoREV.jpg\",\"width\":1063,\"height\":887,\"caption\":\"Evimi Tasarla Online \u0130\u00e7 Mimarl\u0131k Hizmetleri\"},\"image\":{\"@id\":\"https:\/\/www.evimitasarla.net\/ev-dekorasyon-fikirleri-blog\/#\/schema\/logo\/image\/\"},\"sameAs\":[\"https:\/\/www.instagram.com\/evimitasarla\/\",\"https:\/\/www.linkedin.com\/company\/evimitasarla.net\/\",\"https:\/\/tr.pinterest.com\/evimitasarlanet\/\",\"https:\/\/www.youtube.com\/channel\/UCZ7R9noTTMSTZHAPgD6NciA\"]},{\"@type\":\"Person\",\"@id\":\"https:\/\/www.evimitasarla.net\/ev-dekorasyon-fikirleri-blog\/#\/schema\/person\/fec02d8078f376a0de0d71b76c1e0860\",\"name\":\"Banu Hatipo\u011flu\",\"image\":{\"@type\":\"ImageObject\",\"inLanguage\":\"tr\",\"@id\":\"https:\/\/www.evimitasarla.net\/ev-dekorasyon-fikirleri-blog\/#\/schema\/person\/image\/\",\"url\":\"https:\/\/secure.gravatar.com\/avatar\/106e774b1f22f10f96773ac83852271c79a732aeefc666708faded51644344ab?s=96&d=mm&r=g\",\"contentUrl\":\"https:\/\/secure.gravatar.com\/avatar\/106e774b1f22f10f96773ac83852271c79a732aeefc666708faded51644344ab?s=96&d=mm&r=g\",\"caption\":\"Banu Hatipo\u011flu\"},\"description\":\"Banu Hatipo\u011flu 1970 \u0130stanbul do\u011fumludur. \u0130stanbul Erkek Lisesi ard\u0131ndan \u0130T\u00dc Mimarl\u0131k\u2019tan y\u00fcksek lisans derecesiyle mezun olmu\u015ftur. Pozitif Mimarl\u0131k orta\u011f\u0131 olan Hatipo\u011flu 30 y\u0131ll\u0131k meslek hayat\u0131nda \u00e7ok \u00e7e\u015fitli mimari ve i\u00e7 mimari projede yer alm\u0131\u015f ve y\u00f6netmi\u015ftir. EvimiTasarla.net kurucu orta\u011f\u0131 olarak online i\u00e7 mimari tasar\u0131m hizmetinin T\u00fcrkiye\u2019de \u00f6nc\u00fcs\u00fc olmu\u015ftur.\",\"url\":\"https:\/\/www.evimitasarla.net\/ev-dekorasyon-fikirleri-blog\/author\/banu\/\"}]}<\/script>\n<!-- \/ Yoast SEO plugin. -->","yoast_head_json":{"title":"Evde Ye\u015fil Alan Yaratman\u0131n 5 Yolu: Balkonunu Mini Ormana D\u00f6n\u00fc\u015ft\u00fcr - Ev Dekorasyon Fikirleri","description":"Evinizde, \u00f6zellikle balkonda ye\u015fil alan yaratman\u0131n p\u00fcf noktalar\u0131n\u0131 \u00f6\u011frenin! Balkon ve ev bitkileri ile ilgili blog yaz\u0131m\u0131z i\u00e7in t\u0131klay\u0131n.","robots":{"index":"index","follow":"follow","max-snippet":"max-snippet:-1","max-image-preview":"max-image-preview:large","max-video-preview":"max-video-preview:-1"},"canonical":"https:\/\/www.evimitasarla.net\/ev-dekorasyon-fikirleri-blog\/evde-yesil-alan-yaratmanin-5-yolu-balkonunu-mini-ormana-donustur\/","og_locale":"tr_TR","og_type":"article","og_title":"Evde Ye\u015fil Alan Yaratman\u0131n 5 Yolu: Balkonunu Mini Ormana D\u00f6n\u00fc\u015ft\u00fcr - Ev Dekorasyon Fikirleri","og_description":"Evinizde, \u00f6zellikle balkonda ye\u015fil alan yaratman\u0131n p\u00fcf noktalar\u0131n\u0131 \u00f6\u011frenin! Balkon ve ev bitkileri ile ilgili blog yaz\u0131m\u0131z i\u00e7in t\u0131klay\u0131n.","og_url":"https:\/\/www.evimitasarla.net\/ev-dekorasyon-fikirleri-blog\/evde-yesil-alan-yaratmanin-5-yolu-balkonunu-mini-ormana-donustur\/","og_site_name":"Ev Dekorasyon Fikirleri","article_published_time":"2025-11-10T19:21:14+00:00","article_modified_time":"2025-12-01T08:58:36+00:00","og_image":[{"width":683,"height":1024,"url":"https:\/\/www.evimitasarla.net\/ev-dekorasyon-fikirleri-blog\/wp-content\/uploads\/2025\/11\/green-plant-corner.jpg","type":"image\/jpeg"}],"author":"Banu Hatipo\u011flu","twitter_card":"summary_large_image","twitter_misc":{"Yazan:":"Banu Hatipo\u011flu","Tahmini okuma s\u00fcresi":"5 dakika"},"schema":{"@context":"https:\/\/schema.org","@graph":[{"@type":"Article","@id":"https:\/\/www.evimitasarla.net\/ev-dekorasyon-fikirleri-blog\/evde-yesil-alan-yaratmanin-5-yolu-balkonunu-mini-ormana-donustur\/#article","isPartOf":{"@id":"https:\/\/www.evimitasarla.net\/ev-dekorasyon-fikirleri-blog\/evde-yesil-alan-yaratmanin-5-yolu-balkonunu-mini-ormana-donustur\/"},"author":{"name":"Banu Hatipo\u011flu","@id":"https:\/\/www.evimitasarla.net\/ev-dekorasyon-fikirleri-blog\/#\/schema\/person\/fec02d8078f376a0de0d71b76c1e0860"},"headline":"Evde Ye\u015fil Alan Yaratman\u0131n 5 Yolu: Balkonunu Mini Ormana D\u00f6n\u00fc\u015ft\u00fcr","datePublished":"2025-11-10T19:21:14+00:00","dateModified":"2025-12-01T08:58:36+00:00","mainEntityOfPage":{"@id":"https:\/\/www.evimitasarla.net\/ev-dekorasyon-fikirleri-blog\/evde-yesil-alan-yaratmanin-5-yolu-balkonunu-mini-ormana-donustur\/"},"wordCount":799,"commentCount":0,"publisher":{"@id":"https:\/\/www.evimitasarla.net\/ev-dekorasyon-fikirleri-blog\/#organization"},"image":{"@id":"https:\/\/www.evimitasarla.net\/ev-dekorasyon-fikirleri-blog\/evde-yesil-alan-yaratmanin-5-yolu-balkonunu-mini-ormana-donustur\/#primaryimage"},"thumbnailUrl":"https:\/\/www.evimitasarla.net\/ev-dekorasyon-fikirleri-blog\/wp-content\/uploads\/2025\/11\/green-plant-corner.jpg","keywords":["balkonda ye\u015fil alan","evde ye\u015fil k\u00f6\u015fe","online design","online i\u00e7mimarl\u0131k","ye\u015fil alan","ye\u015fil ev bitkileri"],"articleSection":["\u00c7e\u015fitli Dekorasyon \u00d6nerileri","D\u0131\u015f Mekan","Ev Dekorasyonu"],"inLanguage":"tr","potentialAction":[{"@type":"CommentAction","name":"Comment","target":["https:\/\/www.evimitasarla.net\/ev-dekorasyon-fikirleri-blog\/evde-yesil-alan-yaratmanin-5-yolu-balkonunu-mini-ormana-donustur\/#respond"]}]},{"@type":"WebPage","@id":"https:\/\/www.evimitasarla.net\/ev-dekorasyon-fikirleri-blog\/evde-yesil-alan-yaratmanin-5-yolu-balkonunu-mini-ormana-donustur\/","url":"https:\/\/www.evimitasarla.net\/ev-dekorasyon-fikirleri-blog\/evde-yesil-alan-yaratmanin-5-yolu-balkonunu-mini-ormana-donustur\/","name":"Evde Ye\u015fil Alan Yaratman\u0131n 5 Yolu: Balkonunu Mini Ormana D\u00f6n\u00fc\u015ft\u00fcr - Ev Dekorasyon Fikirleri","isPartOf":{"@id":"https:\/\/www.evimitasarla.net\/ev-dekorasyon-fikirleri-blog\/#website"},"primaryImageOfPage":{"@id":"https:\/\/www.evimitasarla.net\/ev-dekorasyon-fikirleri-blog\/evde-yesil-alan-yaratmanin-5-yolu-balkonunu-mini-ormana-donustur\/#primaryimage"},"image":{"@id":"https:\/\/www.evimitasarla.net\/ev-dekorasyon-fikirleri-blog\/evde-yesil-alan-yaratmanin-5-yolu-balkonunu-mini-ormana-donustur\/#primaryimage"},"thumbnailUrl":"https:\/\/www.evimitasarla.net\/ev-dekorasyon-fikirleri-blog\/wp-content\/uploads\/2025\/11\/green-plant-corner.jpg","datePublished":"2025-11-10T19:21:14+00:00","dateModified":"2025-12-01T08:58:36+00:00","description":"Evinizde, \u00f6zellikle balkonda ye\u015fil alan yaratman\u0131n p\u00fcf noktalar\u0131n\u0131 \u00f6\u011frenin! Balkon ve ev bitkileri ile ilgili blog yaz\u0131m\u0131z i\u00e7in t\u0131klay\u0131n.","breadcrumb":{"@id":"https:\/\/www.evimitasarla.net\/ev-dekorasyon-fikirleri-blog\/evde-yesil-alan-yaratmanin-5-yolu-balkonunu-mini-ormana-donustur\/#breadcrumb"},"inLanguage":"tr","potentialAction":[{"@type":"ReadAction","target":["https:\/\/www.evimitasarla.net\/ev-dekorasyon-fikirleri-blog\/evde-yesil-alan-yaratmanin-5-yolu-balkonunu-mini-ormana-donustur\/"]}]},{"@type":"ImageObject","inLanguage":"tr","@id":"https:\/\/www.evimitasarla.net\/ev-dekorasyon-fikirleri-blog\/evde-yesil-alan-yaratmanin-5-yolu-balkonunu-mini-ormana-donustur\/#primaryimage","url":"https:\/\/www.evimitasarla.net\/ev-dekorasyon-fikirleri-blog\/wp-content\/uploads\/2025\/11\/green-plant-corner.jpg","contentUrl":"https:\/\/www.evimitasarla.net\/ev-dekorasyon-fikirleri-blog\/wp-content\/uploads\/2025\/11\/green-plant-corner.jpg","width":683,"height":1024},{"@type":"BreadcrumbList","@id":"https:\/\/www.evimitasarla.net\/ev-dekorasyon-fikirleri-blog\/evde-yesil-alan-yaratmanin-5-yolu-balkonunu-mini-ormana-donustur\/#breadcrumb","itemListElement":[{"@type":"ListItem","position":1,"name":"Ana sayfa","item":"https:\/\/www.evimitasarla.net\/ev-dekorasyon-fikirleri-blog\/"},{"@type":"ListItem","position":2,"name":"Ev Dekorasyonu","item":"https:\/\/www.evimitasarla.net\/ev-dekorasyon-fikirleri-blog\/category\/ev-dekorasyonu\/"},{"@type":"ListItem","position":3,"name":"Evde Ye\u015fil Alan Yaratman\u0131n 5 Yolu: Balkonunu Mini Ormana D\u00f6n\u00fc\u015ft\u00fcr"}]},{"@type":"WebSite","@id":"https:\/\/www.evimitasarla.net\/ev-dekorasyon-fikirleri-blog\/#website","url":"https:\/\/www.evimitasarla.net\/ev-dekorasyon-fikirleri-blog\/","name":"Ev Dekorasyon Fikirleri","description":"Evimi Tasarla","publisher":{"@id":"https:\/\/www.evimitasarla.net\/ev-dekorasyon-fikirleri-blog\/#organization"},"potentialAction":[{"@type":"SearchAction","target":{"@type":"EntryPoint","urlTemplate":"https:\/\/www.evimitasarla.net\/ev-dekorasyon-fikirleri-blog\/?s={search_term_string}"},"query-input":{"@type":"PropertyValueSpecification","valueRequired":true,"valueName":"search_term_string"}}],"inLanguage":"tr"},{"@type":"Organization","@id":"https:\/\/www.evimitasarla.net\/ev-dekorasyon-fikirleri-blog\/#organization","name":"Evimi Tasarla Online \u0130\u00e7 Mimarl\u0131k Hizmetleri","url":"https:\/\/www.evimitasarla.net\/ev-dekorasyon-fikirleri-blog\/","logo":{"@type":"ImageObject","inLanguage":"tr","@id":"https:\/\/www.evimitasarla.net\/ev-dekorasyon-fikirleri-blog\/#\/schema\/logo\/image\/","url":"https:\/\/www.evimitasarla.net\/ev-dekorasyon-fikirleri-blog\/wp-content\/uploads\/2018\/12\/2018_ET_FinalLogoREV.jpg","contentUrl":"https:\/\/www.evimitasarla.net\/ev-dekorasyon-fikirleri-blog\/wp-content\/uploads\/2018\/12\/2018_ET_FinalLogoREV.jpg","width":1063,"height":887,"caption":"Evimi Tasarla Online \u0130\u00e7 Mimarl\u0131k Hizmetleri"},"image":{"@id":"https:\/\/www.evimitasarla.net\/ev-dekorasyon-fikirleri-blog\/#\/schema\/logo\/image\/"},"sameAs":["https:\/\/www.instagram.com\/evimitasarla\/","https:\/\/www.linkedin.com\/company\/evimitasarla.net\/","https:\/\/tr.pinterest.com\/evimitasarlanet\/","https:\/\/www.youtube.com\/channel\/UCZ7R9noTTMSTZHAPgD6NciA"]},{"@type":"Person","@id":"https:\/\/www.evimitasarla.net\/ev-dekorasyon-fikirleri-blog\/#\/schema\/person\/fec02d8078f376a0de0d71b76c1e0860","name":"Banu Hatipo\u011flu","image":{"@type":"ImageObject","inLanguage":"tr","@id":"https:\/\/www.evimitasarla.net\/ev-dekorasyon-fikirleri-blog\/#\/schema\/person\/image\/","url":"https:\/\/secure.gravatar.com\/avatar\/106e774b1f22f10f96773ac83852271c79a732aeefc666708faded51644344ab?s=96&d=mm&r=g","contentUrl":"https:\/\/secure.gravatar.com\/avatar\/106e774b1f22f10f96773ac83852271c79a732aeefc666708faded51644344ab?s=96&d=mm&r=g","caption":"Banu Hatipo\u011flu"},"description":"Banu Hatipo\u011flu 1970 \u0130stanbul do\u011fumludur. \u0130stanbul Erkek Lisesi ard\u0131ndan \u0130T\u00dc Mimarl\u0131k\u2019tan y\u00fcksek lisans derecesiyle mezun olmu\u015ftur. Pozitif Mimarl\u0131k orta\u011f\u0131 olan Hatipo\u011flu 30 y\u0131ll\u0131k meslek hayat\u0131nda \u00e7ok \u00e7e\u015fitli mimari ve i\u00e7 mimari projede yer alm\u0131\u015f ve y\u00f6netmi\u015ftir. EvimiTasarla.net kurucu orta\u011f\u0131 olarak online i\u00e7 mimari tasar\u0131m hizmetinin T\u00fcrkiye\u2019de \u00f6nc\u00fcs\u00fc olmu\u015ftur.","url":"https:\/\/www.evimitasarla.net\/ev-dekorasyon-fikirleri-blog\/author\/banu\/"}]}},"_links":{"self":[{"href":"https:\/\/www.evimitasarla.net\/ev-dekorasyon-fikirleri-blog\/wp-json\/wp\/v2\/posts\/6414","targetHints":{"allow":["GET"]}}],"collection":[{"href":"https:\/\/www.evimitasarla.net\/ev-dekorasyon-fikirleri-blog\/wp-json\/wp\/v2\/posts"}],"about":[{"href":"https:\/\/www.evimitasarla.net\/ev-dekorasyon-fikirleri-blog\/wp-json\/wp\/v2\/types\/post"}],"author":[{"embeddable":true,"href":"https:\/\/www.evimitasarla.net\/ev-dekorasyon-fikirleri-blog\/wp-json\/wp\/v2\/users\/6"}],"replies":[{"embeddable":true,"href":"https:\/\/www.evimitasarla.net\/ev-dekorasyon-fikirleri-blog\/wp-json\/wp\/v2\/comments?post=6414"}],"version-history":[{"count":6,"href":"https:\/\/www.evimitasarla.net\/ev-dekorasyon-fikirleri-blog\/wp-json\/wp\/v2\/posts\/6414\/revisions"}],"predecessor-version":[{"id":6479,"href":"https:\/\/www.evimitasarla.net\/ev-dekorasyon-fikirleri-blog\/wp-json\/wp\/v2\/posts\/6414\/revisions\/6479"}],"wp:featuredmedia":[{"embeddable":true,"href":"https:\/\/www.evimitasarla.net\/ev-dekorasyon-fikirleri-blog\/wp-json\/wp\/v2\/media\/6429"}],"wp:attachment":[{"href":"https:\/\/www.evimitasarla.net\/ev-dekorasyon-fikirleri-blog\/wp-json\/wp\/v2\/media?parent=6414"}],"wp:term":[{"taxonomy":"category","embeddable":true,"href":"https:\/\/www.evimitasarla.net\/ev-dekorasyon-fikirleri-blog\/wp-json\/wp\/v2\/categories?post=6414"},{"taxonomy":"post_tag","embeddable":true,"href":"https:\/\/www.evimitasarla.net\/ev-dekorasyon-fikirleri-blog\/wp-json\/wp\/v2\/tags?post=6414"}],"curies":[{"name":"wp","href":"https:\/\/api.w.org\/{rel}","templated":true}]}}