{"id":6361,"date":"2025-09-11T17:14:01","date_gmt":"2025-09-11T14:14:01","guid":{"rendered":"https:\/\/www.evimitasarla.net\/ev-dekorasyon-fikirleri-blog\/?p=6361"},"modified":"2025-09-11T17:14:03","modified_gmt":"2025-09-11T14:14:03","slug":"okul-cagindaki-cocuklarin-odalarinda-calisma-koseleri-nasil-duzenlenmeli","status":"publish","type":"post","link":"https:\/\/www.evimitasarla.net\/ev-dekorasyon-fikirleri-blog\/okul-cagindaki-cocuklarin-odalarinda-calisma-koseleri-nasil-duzenlenmeli\/","title":{"rendered":"Okul \u00c7a\u011f\u0131ndaki \u00c7ocuklar\u0131n Odalar\u0131nda \u00c7al\u0131\u015fma K\u00f6\u015feleri Nas\u0131l D\u00fczenlenmeli?"},"content":{"rendered":"\n<p>Ev ortam\u0131, \u00e7ocuklar\u0131n e\u011fitim ba\u015far\u0131s\u0131nda d\u00fc\u015f\u00fcnd\u00fc\u011f\u00fcm\u00fczden \u00e7ok daha kritik bir rol oynar. Ders \u00e7al\u0131\u015fma s\u00fcresinin verimli ge\u00e7mesi yaln\u0131zca bireysel motivasyonla de\u011fil, ayn\u0131 zamanda fiziksel \u00e7evreyle de do\u011frudan ili\u015fkilidir. \u00c7evresel psikoloji ve e\u011fitim bilimleri alan\u0131ndaki ara\u015ft\u0131rmalar, mek\u00e2n tasar\u0131m\u0131n\u0131n \u00e7ocuklar\u0131n dikkat s\u00fcreleri, motivasyon d\u00fczeyleri ve \u00f6\u011frenme performans\u0131 \u00fczerinde g\u00fc\u00e7l\u00fc etkiler yaratt\u0131\u011f\u0131n\u0131 g\u00f6stermektedir.<\/p>\n\n\n\n<p>\u00d6zellikle okul \u00e7a\u011f\u0131ndaki \u00e7ocuklar\u0131n odalar\u0131nda d\u00fczenlenecek <strong>\u00e7al\u0131\u015fma k\u00f6\u015feleri<\/strong>, sadece ders odakl\u0131 alanlar de\u011fil; ayn\u0131 zamanda onlar\u0131n zihinsel geli\u015fimlerini, odaklanma becerilerini ve \u00f6z disiplinlerini destekleyen k\u00fc\u00e7\u00fck \u00f6\u011frenme merkezleridir. Peki bu k\u00f6\u015feler nas\u0131l d\u00fczenlenmeli?<\/p>\n\n\n\n<hr class=\"wp-block-separator has-alpha-channel-opacity\"\/>\n\n\n\n<h2 class=\"wp-block-heading\">Bilimsel Olarak Kan\u0131tlanm\u0131\u015f D\u00fczenleme \u0130lkeleri<\/h2>\n\n\n\n<figure class=\"wp-block-image size-large\"><a href=\"https:\/\/www.evimitasarla.net\/ev-dekorasyon-fikirleri-blog\/wp-content\/uploads\/2025\/09\/image.png\"><img loading=\"lazy\" decoding=\"async\" width=\"1024\" height=\"922\" src=\"https:\/\/www.evimitasarla.net\/ev-dekorasyon-fikirleri-blog\/wp-content\/uploads\/2025\/09\/image-1024x922.png\" alt=\"\" class=\"wp-image-6363\" srcset=\"https:\/\/www.evimitasarla.net\/ev-dekorasyon-fikirleri-blog\/wp-content\/uploads\/2025\/09\/image-1024x922.png 1024w, https:\/\/www.evimitasarla.net\/ev-dekorasyon-fikirleri-blog\/wp-content\/uploads\/2025\/09\/image-300x270.png 300w, https:\/\/www.evimitasarla.net\/ev-dekorasyon-fikirleri-blog\/wp-content\/uploads\/2025\/09\/image-768x691.png 768w, https:\/\/www.evimitasarla.net\/ev-dekorasyon-fikirleri-blog\/wp-content\/uploads\/2025\/09\/image.png 1080w\" sizes=\"auto, (max-width: 1024px) 100vw, 1024px\" \/><\/a><\/figure>\n\n\n\n<h3 class=\"wp-block-heading\">\ud83d\udd39 Do\u011fal I\u015f\u0131k ve Ayd\u0131nlatma<\/h3>\n\n\n\n<p>Do\u011fal \u0131\u015f\u0131k, \u00f6\u011frenme s\u00fcrecinde en \u00f6nemli fakt\u00f6rlerden biridir. <em>Heschong Mahone Group (2003)<\/em> taraf\u0131ndan yap\u0131lan ara\u015ft\u0131rmada, g\u00fcn \u0131\u015f\u0131\u011f\u0131ndan faydalanan \u00f6\u011frencilerin akademik performanslar\u0131n\u0131n %20\u2019ye kadar daha y\u00fcksek oldu\u011fu bulunmu\u015ftur. \u00c7al\u0131\u015fma masas\u0131n\u0131n pencere kenar\u0131na konumland\u0131r\u0131lmas\u0131 bu a\u00e7\u0131dan b\u00fcy\u00fck \u00f6nem ta\u015f\u0131r.<\/p>\n\n\n\n<p>Ancak ak\u015fam dersleri i\u00e7in yapay ayd\u0131nlatma da do\u011fru se\u00e7ilmelidir. 4000\u20135000K aral\u0131\u011f\u0131ndaki \u201cg\u00fcn \u0131\u015f\u0131\u011f\u0131\u201d LED ampuller, g\u00f6z yorgunlu\u011funu azalt\u0131rken odaklanmay\u0131 da destekler. Yetersiz veya \u00e7ok sar\u0131 \u0131\u015f\u0131k ise dikkati da\u011f\u0131tabilir.<\/p>\n\n\n\n<figure class=\"wp-block-image size-large\"><a href=\"https:\/\/www.evimitasarla.net\/ev-dekorasyon-fikirleri-blog\/wp-content\/uploads\/2025\/09\/image-1.png\"><img loading=\"lazy\" decoding=\"async\" width=\"769\" height=\"1024\" src=\"https:\/\/www.evimitasarla.net\/ev-dekorasyon-fikirleri-blog\/wp-content\/uploads\/2025\/09\/image-1-769x1024.png\" alt=\"\" class=\"wp-image-6364\" srcset=\"https:\/\/www.evimitasarla.net\/ev-dekorasyon-fikirleri-blog\/wp-content\/uploads\/2025\/09\/image-1-769x1024.png 769w, https:\/\/www.evimitasarla.net\/ev-dekorasyon-fikirleri-blog\/wp-content\/uploads\/2025\/09\/image-1-225x300.png 225w, https:\/\/www.evimitasarla.net\/ev-dekorasyon-fikirleri-blog\/wp-content\/uploads\/2025\/09\/image-1-768x1023.png 768w, https:\/\/www.evimitasarla.net\/ev-dekorasyon-fikirleri-blog\/wp-content\/uploads\/2025\/09\/image-1.png 900w\" sizes=\"auto, (max-width: 769px) 100vw, 769px\" \/><\/a><\/figure>\n\n\n\n<h3 class=\"wp-block-heading\">\ud83d\udd39 Ergonomik Mobilya<\/h3>\n\n\n\n<p>\u00c7ocu\u011funuzun boyuna uygun masa ve sandalye se\u00e7imi, hem sa\u011fl\u0131kl\u0131 bir duru\u015fu hem de verimli bir ders s\u00fcrecini destekler. Yanl\u0131\u015f y\u00fckseklikte bir masa veya sandalye, omurga sa\u011fl\u0131\u011f\u0131n\u0131 olumsuz etkilerken ayn\u0131 zamanda s\u00fcrekli huzursuzluk ve dikkat da\u011f\u0131n\u0131kl\u0131\u011f\u0131na yol a\u00e7abilir. <em>Knight &amp; Noyes (1999)<\/em> ara\u015ft\u0131rmas\u0131na g\u00f6re, ergonomik olmayan mobilyalar \u00e7ocuklar\u0131n davran\u0131\u015f ve konsantrasyon seviyelerinde do\u011frudan d\u00fc\u015f\u00fc\u015fe sebep olabilmektedir.<\/p>\n\n\n\n<p>Bu nedenle y\u00fckseklik ayarl\u0131 sandalyeler ve \u00e7ocukla birlikte b\u00fcy\u00fcyebilen mobilyalar, uzun vadeli bir yat\u0131r\u0131m olarak de\u011ferlendirilmelidir.<\/p>\n\n\n\n<figure class=\"wp-block-image size-large\"><a href=\"https:\/\/www.evimitasarla.net\/ev-dekorasyon-fikirleri-blog\/wp-content\/uploads\/2025\/09\/image-2.png\"><img loading=\"lazy\" decoding=\"async\" width=\"1024\" height=\"1024\" src=\"https:\/\/www.evimitasarla.net\/ev-dekorasyon-fikirleri-blog\/wp-content\/uploads\/2025\/09\/image-2-1024x1024.png\" alt=\"\" class=\"wp-image-6365\" srcset=\"https:\/\/www.evimitasarla.net\/ev-dekorasyon-fikirleri-blog\/wp-content\/uploads\/2025\/09\/image-2-1024x1024.png 1024w, https:\/\/www.evimitasarla.net\/ev-dekorasyon-fikirleri-blog\/wp-content\/uploads\/2025\/09\/image-2-300x300.png 300w, https:\/\/www.evimitasarla.net\/ev-dekorasyon-fikirleri-blog\/wp-content\/uploads\/2025\/09\/image-2-150x150.png 150w, https:\/\/www.evimitasarla.net\/ev-dekorasyon-fikirleri-blog\/wp-content\/uploads\/2025\/09\/image-2-768x768.png 768w, https:\/\/www.evimitasarla.net\/ev-dekorasyon-fikirleri-blog\/wp-content\/uploads\/2025\/09\/image-2.png 1080w\" sizes=\"auto, (max-width: 1024px) 100vw, 1024px\" \/><\/a><\/figure>\n\n\n\n<h3 class=\"wp-block-heading\">\ud83d\udd39 Renk ve Minimalizm<\/h3>\n\n\n\n<p>\u00c7al\u0131\u015fma k\u00f6\u015fesinin renk paleti, \u00e7ocu\u011fun zihinsel odaklanmas\u0131nda kritik rol oynar. <em>K\u00fcller ve arkada\u015flar\u0131n\u0131n (2009)<\/em> ara\u015ft\u0131rmas\u0131, a\u00e7\u0131k ve n\u00f6tr renklerin dikkat s\u00fcresini uzatt\u0131\u011f\u0131n\u0131, karma\u015f\u0131k desenler ve \u00e7ok parlak tonlar\u0131n ise zihinsel yorgunlu\u011fu art\u0131rd\u0131\u011f\u0131n\u0131 ortaya koymu\u015ftur.<\/p>\n\n\n\n<p>Bej, a\u00e7\u0131k mavi veya pastel ye\u015fil gibi tonlar sakin bir atmosfer yarat\u0131r. Ayr\u0131ca \u00e7al\u0131\u015fma alan\u0131nda minimal bir yakla\u015f\u0131m benimsemek \u2014 yani gereksiz dekoratif e\u015fyalar\u0131 azaltmak \u2014 dikkatin da\u011f\u0131lmas\u0131n\u0131 \u00f6nler.<\/p>\n\n\n\n<figure class=\"wp-block-image size-full\"><a href=\"https:\/\/www.evimitasarla.net\/ev-dekorasyon-fikirleri-blog\/wp-content\/uploads\/2025\/09\/image-4.png\"><img loading=\"lazy\" decoding=\"async\" width=\"768\" height=\"1024\" src=\"https:\/\/www.evimitasarla.net\/ev-dekorasyon-fikirleri-blog\/wp-content\/uploads\/2025\/09\/image-4.png\" alt=\"\" class=\"wp-image-6367\" srcset=\"https:\/\/www.evimitasarla.net\/ev-dekorasyon-fikirleri-blog\/wp-content\/uploads\/2025\/09\/image-4.png 768w, https:\/\/www.evimitasarla.net\/ev-dekorasyon-fikirleri-blog\/wp-content\/uploads\/2025\/09\/image-4-225x300.png 225w\" sizes=\"auto, (max-width: 768px) 100vw, 768px\" \/><\/a><\/figure>\n\n\n\n<h3 class=\"wp-block-heading\">\ud83d\udd39 G\u00f6rsel D\u00fczen ve Organizasyon<\/h3>\n\n\n\n<p>Da\u011f\u0131n\u0131kl\u0131k, \u00f6\u011frenme s\u00fcrecinde g\u00f6r\u00fcnmez bir engel olabilir. <em>McMains &amp; Kastner (2011)<\/em>, g\u00f6rsel da\u011f\u0131n\u0131kl\u0131\u011f\u0131n beynin bilgi i\u015fleme kapasitesini zorlad\u0131\u011f\u0131n\u0131 ve bili\u015fsel y\u00fck\u00fc art\u0131rd\u0131\u011f\u0131n\u0131 g\u00f6stermi\u015ftir. Bu nedenle masan\u0131n \u00fczerinde sadece gerekli ders materyalleri bulunmal\u0131, di\u011fer e\u015fyalar kutular veya raf sistemleriyle organize edilmelidir.<\/p>\n\n\n\n<p>\u00c7ocuk i\u00e7in sade, d\u00fczenli ve eri\u015filebilir bir alan olu\u015fturmak, motivasyonunu do\u011frudan art\u0131r\u0131r.<\/p>\n\n\n\n<figure class=\"wp-block-image size-full\"><a href=\"https:\/\/www.evimitasarla.net\/ev-dekorasyon-fikirleri-blog\/wp-content\/uploads\/2025\/09\/image-3.png\"><img loading=\"lazy\" decoding=\"async\" width=\"1000\" height=\"668\" src=\"https:\/\/www.evimitasarla.net\/ev-dekorasyon-fikirleri-blog\/wp-content\/uploads\/2025\/09\/image-3.png\" alt=\"\" class=\"wp-image-6366\" srcset=\"https:\/\/www.evimitasarla.net\/ev-dekorasyon-fikirleri-blog\/wp-content\/uploads\/2025\/09\/image-3.png 1000w, https:\/\/www.evimitasarla.net\/ev-dekorasyon-fikirleri-blog\/wp-content\/uploads\/2025\/09\/image-3-300x200.png 300w, https:\/\/www.evimitasarla.net\/ev-dekorasyon-fikirleri-blog\/wp-content\/uploads\/2025\/09\/image-3-768x513.png 768w\" sizes=\"auto, (max-width: 1000px) 100vw, 1000px\" \/><\/a><\/figure>\n\n\n\n<h3 class=\"wp-block-heading\">\ud83d\udd39 Ki\u015fiselle\u015ftirme<\/h3>\n\n\n\n<p>\u00c7ocuklar\u0131n odaklanma s\u00fcrecinde kendilerini ait hissettikleri bir alan\u0131n \u00f6nemi b\u00fcy\u00fckt\u00fcr. Kendi se\u00e7ti\u011fi bir kalemlik, sevdi\u011fi bir poster veya k\u00fc\u00e7\u00fck bir saks\u0131 bitkisi, \u00e7ocu\u011fun \u00e7al\u0131\u015fma k\u00f6\u015fesine ba\u011flanmas\u0131n\u0131 sa\u011flar. Bu ki\u015fiselle\u015ftirme, yaln\u0131zca motivasyonu art\u0131rmakla kalmaz, ayn\u0131 zamanda sorumluluk duygusunu da geli\u015ftirir.<\/p>\n\n\n\n<hr class=\"wp-block-separator has-alpha-channel-opacity\"\/>\n\n\n\n<p>Okul \u00e7a\u011f\u0131ndaki \u00e7ocuklar\u0131n verimli ders \u00e7al\u0131\u015fabilmesi i\u00e7in pahal\u0131 mobilyalara ya da karma\u015f\u0131k tasar\u0131mlara gerek yok. As\u0131l ihtiya\u00e7, bilimsel verilere dayal\u0131, sade ama etkili d\u00fczenlemeler yapmakt\u0131r. Do\u011fru \u0131\u015f\u0131k, ergonomik mobilya, sakinle\u015ftirici renkler ve d\u00fczenli bir masa; \u00f6\u011frenme s\u00fcrecini kolayla\u015ft\u0131r\u0131r, motivasyonu art\u0131r\u0131r ve uzun vadede ba\u015far\u0131ya katk\u0131 sa\u011flar.<\/p>\n\n\n\n<p>K\u0131sacas\u0131, \u00e7ocu\u011funuzun ders \u00e7al\u0131\u015fma k\u00f6\u015fesini do\u011fru \u015fekilde d\u00fczenlemek, onun akademik geli\u015fimi i\u00e7in ataca\u011f\u0131n\u0131z en de\u011ferli ad\u0131mlardan biridir. Bug\u00fcn yap\u0131lacak k\u00fc\u00e7\u00fck de\u011fi\u015fiklikler, gelecekteki b\u00fcy\u00fck ba\u015far\u0131lar\u0131n altyap\u0131s\u0131n\u0131 olu\u015fturacakt\u0131r.<\/p>\n","protected":false},"excerpt":{"rendered":"<p>Ev ortam\u0131, \u00e7ocuklar\u0131n e\u011fitim ba\u015far\u0131s\u0131nda d\u00fc\u015f\u00fcnd\u00fc\u011f\u00fcm\u00fczden \u00e7ok daha kritik bir rol oynar. Ders \u00e7al\u0131\u015fma s\u00fcresinin verimli ge\u00e7mesi yaln\u0131zca bireysel motivasyonla de\u011fil, ayn\u0131 zamanda fiziksel \u00e7evreyle de do\u011frudan ili\u015fkilidir. \u00c7evresel psikoloji ve e\u011fitim bilimleri alan\u0131ndaki ara\u015ft\u0131rmalar, mek\u00e2n tasar\u0131m\u0131n\u0131n \u00e7ocuklar\u0131n dikkat s\u00fcreleri, motivasyon d\u00fczeyleri ve \u00f6\u011frenme performans\u0131 \u00fczerinde g\u00fc\u00e7l\u00fc etkiler yaratt\u0131\u011f\u0131n\u0131 g\u00f6stermektedir. \u00d6zellikle okul \u00e7a\u011f\u0131ndaki \u00e7ocuklar\u0131n odalar\u0131nda &#8230; <a title=\"Okul \u00c7a\u011f\u0131ndaki \u00c7ocuklar\u0131n Odalar\u0131nda \u00c7al\u0131\u015fma K\u00f6\u015feleri Nas\u0131l D\u00fczenlenmeli?\" class=\"read-more\" href=\"https:\/\/www.evimitasarla.net\/ev-dekorasyon-fikirleri-blog\/okul-cagindaki-cocuklarin-odalarinda-calisma-koseleri-nasil-duzenlenmeli\/\" aria-label=\"Read more about Okul \u00c7a\u011f\u0131ndaki \u00c7ocuklar\u0131n Odalar\u0131nda \u00c7al\u0131\u015fma K\u00f6\u015feleri Nas\u0131l D\u00fczenlenmeli?\">Read more<\/a><\/p>\n","protected":false},"author":2,"featured_media":6362,"comment_status":"open","ping_status":"open","sticky":false,"template":"","format":"standard","meta":{"footnotes":""},"categories":[1],"tags":[],"class_list":["post-6361","post","type-post","status-publish","format-standard","has-post-thumbnail","hentry","category-ev-dekorasyonu","infinite-scroll-item","masonry-post","generate-columns","tablet-grid-50","mobile-grid-100","grid-parent","grid-33"],"yoast_head":"<!-- This site is optimized with the Yoast SEO plugin v26.4 - https:\/\/yoast.com\/wordpress\/plugins\/seo\/ -->\n<title>Okul \u00c7a\u011f\u0131ndaki \u00c7ocuklar\u0131n Odalar\u0131nda \u00c7al\u0131\u015fma K\u00f6\u015feleri Nas\u0131l D\u00fczenlenmeli? - Ev Dekorasyon Fikirleri<\/title>\n<meta name=\"robots\" content=\"index, follow, max-snippet:-1, max-image-preview:large, max-video-preview:-1\" \/>\n<link rel=\"canonical\" href=\"https:\/\/www.evimitasarla.net\/ev-dekorasyon-fikirleri-blog\/okul-cagindaki-cocuklarin-odalarinda-calisma-koseleri-nasil-duzenlenmeli\/\" \/>\n<meta property=\"og:locale\" content=\"tr_TR\" \/>\n<meta property=\"og:type\" content=\"article\" \/>\n<meta property=\"og:title\" content=\"Okul \u00c7a\u011f\u0131ndaki \u00c7ocuklar\u0131n Odalar\u0131nda \u00c7al\u0131\u015fma K\u00f6\u015feleri Nas\u0131l D\u00fczenlenmeli? - Ev Dekorasyon Fikirleri\" \/>\n<meta property=\"og:description\" content=\"Ev ortam\u0131, \u00e7ocuklar\u0131n e\u011fitim ba\u015far\u0131s\u0131nda d\u00fc\u015f\u00fcnd\u00fc\u011f\u00fcm\u00fczden \u00e7ok daha kritik bir rol oynar. Ders \u00e7al\u0131\u015fma s\u00fcresinin verimli ge\u00e7mesi yaln\u0131zca bireysel motivasyonla de\u011fil, ayn\u0131 zamanda fiziksel \u00e7evreyle de do\u011frudan ili\u015fkilidir. \u00c7evresel psikoloji ve e\u011fitim bilimleri alan\u0131ndaki ara\u015ft\u0131rmalar, mek\u00e2n tasar\u0131m\u0131n\u0131n \u00e7ocuklar\u0131n dikkat s\u00fcreleri, motivasyon d\u00fczeyleri ve \u00f6\u011frenme performans\u0131 \u00fczerinde g\u00fc\u00e7l\u00fc etkiler yaratt\u0131\u011f\u0131n\u0131 g\u00f6stermektedir. \u00d6zellikle okul \u00e7a\u011f\u0131ndaki \u00e7ocuklar\u0131n odalar\u0131nda ... Read more\" \/>\n<meta property=\"og:url\" content=\"https:\/\/www.evimitasarla.net\/ev-dekorasyon-fikirleri-blog\/okul-cagindaki-cocuklarin-odalarinda-calisma-koseleri-nasil-duzenlenmeli\/\" \/>\n<meta property=\"og:site_name\" content=\"Ev Dekorasyon Fikirleri\" \/>\n<meta property=\"article:published_time\" content=\"2025-09-11T14:14:01+00:00\" \/>\n<meta property=\"article:modified_time\" content=\"2025-09-11T14:14:03+00:00\" \/>\n<meta property=\"og:image\" content=\"https:\/\/www.evimitasarla.net\/ev-dekorasyon-fikirleri-blog\/wp-content\/uploads\/2025\/09\/calisma_masasi_sahne.jpg-scaled.webp\" \/>\n\t<meta property=\"og:image:width\" content=\"2560\" \/>\n\t<meta property=\"og:image:height\" content=\"1707\" \/>\n\t<meta property=\"og:image:type\" content=\"image\/webp\" \/>\n<meta name=\"author\" content=\"Zafer Ertu\u011frul I\u015eIK\" \/>\n<meta name=\"twitter:card\" content=\"summary_large_image\" \/>\n<meta name=\"twitter:label1\" content=\"Yazan:\" \/>\n\t<meta name=\"twitter:data1\" content=\"Zafer Ertu\u011frul I\u015eIK\" \/>\n\t<meta name=\"twitter:label2\" content=\"Tahmini okuma s\u00fcresi\" \/>\n\t<meta name=\"twitter:data2\" content=\"5 dakika\" \/>\n<script type=\"application\/ld+json\" class=\"yoast-schema-graph\">{\"@context\":\"https:\/\/schema.org\",\"@graph\":[{\"@type\":\"Article\",\"@id\":\"https:\/\/www.evimitasarla.net\/ev-dekorasyon-fikirleri-blog\/okul-cagindaki-cocuklarin-odalarinda-calisma-koseleri-nasil-duzenlenmeli\/#article\",\"isPartOf\":{\"@id\":\"https:\/\/www.evimitasarla.net\/ev-dekorasyon-fikirleri-blog\/okul-cagindaki-cocuklarin-odalarinda-calisma-koseleri-nasil-duzenlenmeli\/\"},\"author\":{\"name\":\"Zafer Ertu\u011frul I\u015eIK\",\"@id\":\"https:\/\/www.evimitasarla.net\/ev-dekorasyon-fikirleri-blog\/#\/schema\/person\/0c3307d525fc5ccec91aea47add3601b\"},\"headline\":\"Okul \u00c7a\u011f\u0131ndaki \u00c7ocuklar\u0131n Odalar\u0131nda \u00c7al\u0131\u015fma K\u00f6\u015feleri Nas\u0131l D\u00fczenlenmeli?\",\"datePublished\":\"2025-09-11T14:14:01+00:00\",\"dateModified\":\"2025-09-11T14:14:03+00:00\",\"mainEntityOfPage\":{\"@id\":\"https:\/\/www.evimitasarla.net\/ev-dekorasyon-fikirleri-blog\/okul-cagindaki-cocuklarin-odalarinda-calisma-koseleri-nasil-duzenlenmeli\/\"},\"wordCount\":710,\"commentCount\":0,\"publisher\":{\"@id\":\"https:\/\/www.evimitasarla.net\/ev-dekorasyon-fikirleri-blog\/#organization\"},\"image\":{\"@id\":\"https:\/\/www.evimitasarla.net\/ev-dekorasyon-fikirleri-blog\/okul-cagindaki-cocuklarin-odalarinda-calisma-koseleri-nasil-duzenlenmeli\/#primaryimage\"},\"thumbnailUrl\":\"https:\/\/www.evimitasarla.net\/ev-dekorasyon-fikirleri-blog\/wp-content\/uploads\/2025\/09\/calisma_masasi_sahne.jpg-scaled.webp\",\"articleSection\":[\"Ev Dekorasyonu\"],\"inLanguage\":\"tr\",\"potentialAction\":[{\"@type\":\"CommentAction\",\"name\":\"Comment\",\"target\":[\"https:\/\/www.evimitasarla.net\/ev-dekorasyon-fikirleri-blog\/okul-cagindaki-cocuklarin-odalarinda-calisma-koseleri-nasil-duzenlenmeli\/#respond\"]}]},{\"@type\":\"WebPage\",\"@id\":\"https:\/\/www.evimitasarla.net\/ev-dekorasyon-fikirleri-blog\/okul-cagindaki-cocuklarin-odalarinda-calisma-koseleri-nasil-duzenlenmeli\/\",\"url\":\"https:\/\/www.evimitasarla.net\/ev-dekorasyon-fikirleri-blog\/okul-cagindaki-cocuklarin-odalarinda-calisma-koseleri-nasil-duzenlenmeli\/\",\"name\":\"Okul \u00c7a\u011f\u0131ndaki \u00c7ocuklar\u0131n Odalar\u0131nda \u00c7al\u0131\u015fma K\u00f6\u015feleri Nas\u0131l D\u00fczenlenmeli? - Ev Dekorasyon Fikirleri\",\"isPartOf\":{\"@id\":\"https:\/\/www.evimitasarla.net\/ev-dekorasyon-fikirleri-blog\/#website\"},\"primaryImageOfPage\":{\"@id\":\"https:\/\/www.evimitasarla.net\/ev-dekorasyon-fikirleri-blog\/okul-cagindaki-cocuklarin-odalarinda-calisma-koseleri-nasil-duzenlenmeli\/#primaryimage\"},\"image\":{\"@id\":\"https:\/\/www.evimitasarla.net\/ev-dekorasyon-fikirleri-blog\/okul-cagindaki-cocuklarin-odalarinda-calisma-koseleri-nasil-duzenlenmeli\/#primaryimage\"},\"thumbnailUrl\":\"https:\/\/www.evimitasarla.net\/ev-dekorasyon-fikirleri-blog\/wp-content\/uploads\/2025\/09\/calisma_masasi_sahne.jpg-scaled.webp\",\"datePublished\":\"2025-09-11T14:14:01+00:00\",\"dateModified\":\"2025-09-11T14:14:03+00:00\",\"breadcrumb\":{\"@id\":\"https:\/\/www.evimitasarla.net\/ev-dekorasyon-fikirleri-blog\/okul-cagindaki-cocuklarin-odalarinda-calisma-koseleri-nasil-duzenlenmeli\/#breadcrumb\"},\"inLanguage\":\"tr\",\"potentialAction\":[{\"@type\":\"ReadAction\",\"target\":[\"https:\/\/www.evimitasarla.net\/ev-dekorasyon-fikirleri-blog\/okul-cagindaki-cocuklarin-odalarinda-calisma-koseleri-nasil-duzenlenmeli\/\"]}]},{\"@type\":\"ImageObject\",\"inLanguage\":\"tr\",\"@id\":\"https:\/\/www.evimitasarla.net\/ev-dekorasyon-fikirleri-blog\/okul-cagindaki-cocuklarin-odalarinda-calisma-koseleri-nasil-duzenlenmeli\/#primaryimage\",\"url\":\"https:\/\/www.evimitasarla.net\/ev-dekorasyon-fikirleri-blog\/wp-content\/uploads\/2025\/09\/calisma_masasi_sahne.jpg-scaled.webp\",\"contentUrl\":\"https:\/\/www.evimitasarla.net\/ev-dekorasyon-fikirleri-blog\/wp-content\/uploads\/2025\/09\/calisma_masasi_sahne.jpg-scaled.webp\",\"width\":2560,\"height\":1707},{\"@type\":\"BreadcrumbList\",\"@id\":\"https:\/\/www.evimitasarla.net\/ev-dekorasyon-fikirleri-blog\/okul-cagindaki-cocuklarin-odalarinda-calisma-koseleri-nasil-duzenlenmeli\/#breadcrumb\",\"itemListElement\":[{\"@type\":\"ListItem\",\"position\":1,\"name\":\"Ana sayfa\",\"item\":\"https:\/\/www.evimitasarla.net\/ev-dekorasyon-fikirleri-blog\/\"},{\"@type\":\"ListItem\",\"position\":2,\"name\":\"Ev Dekorasyonu\",\"item\":\"https:\/\/www.evimitasarla.net\/ev-dekorasyon-fikirleri-blog\/category\/ev-dekorasyonu\/\"},{\"@type\":\"ListItem\",\"position\":3,\"name\":\"Okul \u00c7a\u011f\u0131ndaki \u00c7ocuklar\u0131n Odalar\u0131nda \u00c7al\u0131\u015fma K\u00f6\u015feleri Nas\u0131l D\u00fczenlenmeli?\"}]},{\"@type\":\"WebSite\",\"@id\":\"https:\/\/www.evimitasarla.net\/ev-dekorasyon-fikirleri-blog\/#website\",\"url\":\"https:\/\/www.evimitasarla.net\/ev-dekorasyon-fikirleri-blog\/\",\"name\":\"Ev Dekorasyon Fikirleri\",\"description\":\"Evimi Tasarla\",\"publisher\":{\"@id\":\"https:\/\/www.evimitasarla.net\/ev-dekorasyon-fikirleri-blog\/#organization\"},\"potentialAction\":[{\"@type\":\"SearchAction\",\"target\":{\"@type\":\"EntryPoint\",\"urlTemplate\":\"https:\/\/www.evimitasarla.net\/ev-dekorasyon-fikirleri-blog\/?s={search_term_string}\"},\"query-input\":{\"@type\":\"PropertyValueSpecification\",\"valueRequired\":true,\"valueName\":\"search_term_string\"}}],\"inLanguage\":\"tr\"},{\"@type\":\"Organization\",\"@id\":\"https:\/\/www.evimitasarla.net\/ev-dekorasyon-fikirleri-blog\/#organization\",\"name\":\"Evimi Tasarla Online \u0130\u00e7 Mimarl\u0131k Hizmetleri\",\"url\":\"https:\/\/www.evimitasarla.net\/ev-dekorasyon-fikirleri-blog\/\",\"logo\":{\"@type\":\"ImageObject\",\"inLanguage\":\"tr\",\"@id\":\"https:\/\/www.evimitasarla.net\/ev-dekorasyon-fikirleri-blog\/#\/schema\/logo\/image\/\",\"url\":\"https:\/\/www.evimitasarla.net\/ev-dekorasyon-fikirleri-blog\/wp-content\/uploads\/2018\/12\/2018_ET_FinalLogoREV.jpg\",\"contentUrl\":\"https:\/\/www.evimitasarla.net\/ev-dekorasyon-fikirleri-blog\/wp-content\/uploads\/2018\/12\/2018_ET_FinalLogoREV.jpg\",\"width\":1063,\"height\":887,\"caption\":\"Evimi Tasarla Online \u0130\u00e7 Mimarl\u0131k Hizmetleri\"},\"image\":{\"@id\":\"https:\/\/www.evimitasarla.net\/ev-dekorasyon-fikirleri-blog\/#\/schema\/logo\/image\/\"},\"sameAs\":[\"https:\/\/www.instagram.com\/evimitasarla\/\",\"https:\/\/www.linkedin.com\/company\/evimitasarla.net\/\",\"https:\/\/tr.pinterest.com\/evimitasarlanet\/\",\"https:\/\/www.youtube.com\/channel\/UCZ7R9noTTMSTZHAPgD6NciA\"]},{\"@type\":\"Person\",\"@id\":\"https:\/\/www.evimitasarla.net\/ev-dekorasyon-fikirleri-blog\/#\/schema\/person\/0c3307d525fc5ccec91aea47add3601b\",\"name\":\"Zafer Ertu\u011frul I\u015eIK\",\"image\":{\"@type\":\"ImageObject\",\"inLanguage\":\"tr\",\"@id\":\"https:\/\/www.evimitasarla.net\/ev-dekorasyon-fikirleri-blog\/#\/schema\/person\/image\/\",\"url\":\"https:\/\/secure.gravatar.com\/avatar\/fe5982323cb371d948a6a8ad605267cfea064839b478bfcc7a8fb8f93eda0710?s=96&d=mm&r=g\",\"contentUrl\":\"https:\/\/secure.gravatar.com\/avatar\/fe5982323cb371d948a6a8ad605267cfea064839b478bfcc7a8fb8f93eda0710?s=96&d=mm&r=g\",\"caption\":\"Zafer Ertu\u011frul I\u015eIK\"},\"description\":\"1989 Zonguldak do\u011fumludur. \u0130T\u00dc Mimarl\u0131k fak\u00fcltesi Mimarl\u0131k b\u00f6l\u00fcm\u00fc mezunudur. EvimiTasarla.net'in kuruldu\u011fu ekipte bulunmu\u015f ve Mimari Operasyon Y\u00f6neticisi olarak g\u00f6revine devam etmektedir.\",\"url\":\"https:\/\/www.evimitasarla.net\/ev-dekorasyon-fikirleri-blog\/author\/ertugrul\/\"}]}<\/script>\n<!-- \/ Yoast SEO plugin. -->","yoast_head_json":{"title":"Okul \u00c7a\u011f\u0131ndaki \u00c7ocuklar\u0131n Odalar\u0131nda \u00c7al\u0131\u015fma K\u00f6\u015feleri Nas\u0131l D\u00fczenlenmeli? - Ev Dekorasyon Fikirleri","robots":{"index":"index","follow":"follow","max-snippet":"max-snippet:-1","max-image-preview":"max-image-preview:large","max-video-preview":"max-video-preview:-1"},"canonical":"https:\/\/www.evimitasarla.net\/ev-dekorasyon-fikirleri-blog\/okul-cagindaki-cocuklarin-odalarinda-calisma-koseleri-nasil-duzenlenmeli\/","og_locale":"tr_TR","og_type":"article","og_title":"Okul \u00c7a\u011f\u0131ndaki \u00c7ocuklar\u0131n Odalar\u0131nda \u00c7al\u0131\u015fma K\u00f6\u015feleri Nas\u0131l D\u00fczenlenmeli? - Ev Dekorasyon Fikirleri","og_description":"Ev ortam\u0131, \u00e7ocuklar\u0131n e\u011fitim ba\u015far\u0131s\u0131nda d\u00fc\u015f\u00fcnd\u00fc\u011f\u00fcm\u00fczden \u00e7ok daha kritik bir rol oynar. Ders \u00e7al\u0131\u015fma s\u00fcresinin verimli ge\u00e7mesi yaln\u0131zca bireysel motivasyonla de\u011fil, ayn\u0131 zamanda fiziksel \u00e7evreyle de do\u011frudan ili\u015fkilidir. \u00c7evresel psikoloji ve e\u011fitim bilimleri alan\u0131ndaki ara\u015ft\u0131rmalar, mek\u00e2n tasar\u0131m\u0131n\u0131n \u00e7ocuklar\u0131n dikkat s\u00fcreleri, motivasyon d\u00fczeyleri ve \u00f6\u011frenme performans\u0131 \u00fczerinde g\u00fc\u00e7l\u00fc etkiler yaratt\u0131\u011f\u0131n\u0131 g\u00f6stermektedir. \u00d6zellikle okul \u00e7a\u011f\u0131ndaki \u00e7ocuklar\u0131n odalar\u0131nda ... Read more","og_url":"https:\/\/www.evimitasarla.net\/ev-dekorasyon-fikirleri-blog\/okul-cagindaki-cocuklarin-odalarinda-calisma-koseleri-nasil-duzenlenmeli\/","og_site_name":"Ev Dekorasyon Fikirleri","article_published_time":"2025-09-11T14:14:01+00:00","article_modified_time":"2025-09-11T14:14:03+00:00","og_image":[{"width":2560,"height":1707,"url":"https:\/\/www.evimitasarla.net\/ev-dekorasyon-fikirleri-blog\/wp-content\/uploads\/2025\/09\/calisma_masasi_sahne.jpg-scaled.webp","type":"image\/webp"}],"author":"Zafer Ertu\u011frul I\u015eIK","twitter_card":"summary_large_image","twitter_misc":{"Yazan:":"Zafer Ertu\u011frul I\u015eIK","Tahmini okuma s\u00fcresi":"5 dakika"},"schema":{"@context":"https:\/\/schema.org","@graph":[{"@type":"Article","@id":"https:\/\/www.evimitasarla.net\/ev-dekorasyon-fikirleri-blog\/okul-cagindaki-cocuklarin-odalarinda-calisma-koseleri-nasil-duzenlenmeli\/#article","isPartOf":{"@id":"https:\/\/www.evimitasarla.net\/ev-dekorasyon-fikirleri-blog\/okul-cagindaki-cocuklarin-odalarinda-calisma-koseleri-nasil-duzenlenmeli\/"},"author":{"name":"Zafer Ertu\u011frul I\u015eIK","@id":"https:\/\/www.evimitasarla.net\/ev-dekorasyon-fikirleri-blog\/#\/schema\/person\/0c3307d525fc5ccec91aea47add3601b"},"headline":"Okul \u00c7a\u011f\u0131ndaki \u00c7ocuklar\u0131n Odalar\u0131nda \u00c7al\u0131\u015fma K\u00f6\u015feleri Nas\u0131l D\u00fczenlenmeli?","datePublished":"2025-09-11T14:14:01+00:00","dateModified":"2025-09-11T14:14:03+00:00","mainEntityOfPage":{"@id":"https:\/\/www.evimitasarla.net\/ev-dekorasyon-fikirleri-blog\/okul-cagindaki-cocuklarin-odalarinda-calisma-koseleri-nasil-duzenlenmeli\/"},"wordCount":710,"commentCount":0,"publisher":{"@id":"https:\/\/www.evimitasarla.net\/ev-dekorasyon-fikirleri-blog\/#organization"},"image":{"@id":"https:\/\/www.evimitasarla.net\/ev-dekorasyon-fikirleri-blog\/okul-cagindaki-cocuklarin-odalarinda-calisma-koseleri-nasil-duzenlenmeli\/#primaryimage"},"thumbnailUrl":"https:\/\/www.evimitasarla.net\/ev-dekorasyon-fikirleri-blog\/wp-content\/uploads\/2025\/09\/calisma_masasi_sahne.jpg-scaled.webp","articleSection":["Ev Dekorasyonu"],"inLanguage":"tr","potentialAction":[{"@type":"CommentAction","name":"Comment","target":["https:\/\/www.evimitasarla.net\/ev-dekorasyon-fikirleri-blog\/okul-cagindaki-cocuklarin-odalarinda-calisma-koseleri-nasil-duzenlenmeli\/#respond"]}]},{"@type":"WebPage","@id":"https:\/\/www.evimitasarla.net\/ev-dekorasyon-fikirleri-blog\/okul-cagindaki-cocuklarin-odalarinda-calisma-koseleri-nasil-duzenlenmeli\/","url":"https:\/\/www.evimitasarla.net\/ev-dekorasyon-fikirleri-blog\/okul-cagindaki-cocuklarin-odalarinda-calisma-koseleri-nasil-duzenlenmeli\/","name":"Okul \u00c7a\u011f\u0131ndaki \u00c7ocuklar\u0131n Odalar\u0131nda \u00c7al\u0131\u015fma K\u00f6\u015feleri Nas\u0131l D\u00fczenlenmeli? - Ev Dekorasyon Fikirleri","isPartOf":{"@id":"https:\/\/www.evimitasarla.net\/ev-dekorasyon-fikirleri-blog\/#website"},"primaryImageOfPage":{"@id":"https:\/\/www.evimitasarla.net\/ev-dekorasyon-fikirleri-blog\/okul-cagindaki-cocuklarin-odalarinda-calisma-koseleri-nasil-duzenlenmeli\/#primaryimage"},"image":{"@id":"https:\/\/www.evimitasarla.net\/ev-dekorasyon-fikirleri-blog\/okul-cagindaki-cocuklarin-odalarinda-calisma-koseleri-nasil-duzenlenmeli\/#primaryimage"},"thumbnailUrl":"https:\/\/www.evimitasarla.net\/ev-dekorasyon-fikirleri-blog\/wp-content\/uploads\/2025\/09\/calisma_masasi_sahne.jpg-scaled.webp","datePublished":"2025-09-11T14:14:01+00:00","dateModified":"2025-09-11T14:14:03+00:00","breadcrumb":{"@id":"https:\/\/www.evimitasarla.net\/ev-dekorasyon-fikirleri-blog\/okul-cagindaki-cocuklarin-odalarinda-calisma-koseleri-nasil-duzenlenmeli\/#breadcrumb"},"inLanguage":"tr","potentialAction":[{"@type":"ReadAction","target":["https:\/\/www.evimitasarla.net\/ev-dekorasyon-fikirleri-blog\/okul-cagindaki-cocuklarin-odalarinda-calisma-koseleri-nasil-duzenlenmeli\/"]}]},{"@type":"ImageObject","inLanguage":"tr","@id":"https:\/\/www.evimitasarla.net\/ev-dekorasyon-fikirleri-blog\/okul-cagindaki-cocuklarin-odalarinda-calisma-koseleri-nasil-duzenlenmeli\/#primaryimage","url":"https:\/\/www.evimitasarla.net\/ev-dekorasyon-fikirleri-blog\/wp-content\/uploads\/2025\/09\/calisma_masasi_sahne.jpg-scaled.webp","contentUrl":"https:\/\/www.evimitasarla.net\/ev-dekorasyon-fikirleri-blog\/wp-content\/uploads\/2025\/09\/calisma_masasi_sahne.jpg-scaled.webp","width":2560,"height":1707},{"@type":"BreadcrumbList","@id":"https:\/\/www.evimitasarla.net\/ev-dekorasyon-fikirleri-blog\/okul-cagindaki-cocuklarin-odalarinda-calisma-koseleri-nasil-duzenlenmeli\/#breadcrumb","itemListElement":[{"@type":"ListItem","position":1,"name":"Ana sayfa","item":"https:\/\/www.evimitasarla.net\/ev-dekorasyon-fikirleri-blog\/"},{"@type":"ListItem","position":2,"name":"Ev Dekorasyonu","item":"https:\/\/www.evimitasarla.net\/ev-dekorasyon-fikirleri-blog\/category\/ev-dekorasyonu\/"},{"@type":"ListItem","position":3,"name":"Okul \u00c7a\u011f\u0131ndaki \u00c7ocuklar\u0131n Odalar\u0131nda \u00c7al\u0131\u015fma K\u00f6\u015feleri Nas\u0131l D\u00fczenlenmeli?"}]},{"@type":"WebSite","@id":"https:\/\/www.evimitasarla.net\/ev-dekorasyon-fikirleri-blog\/#website","url":"https:\/\/www.evimitasarla.net\/ev-dekorasyon-fikirleri-blog\/","name":"Ev Dekorasyon Fikirleri","description":"Evimi Tasarla","publisher":{"@id":"https:\/\/www.evimitasarla.net\/ev-dekorasyon-fikirleri-blog\/#organization"},"potentialAction":[{"@type":"SearchAction","target":{"@type":"EntryPoint","urlTemplate":"https:\/\/www.evimitasarla.net\/ev-dekorasyon-fikirleri-blog\/?s={search_term_string}"},"query-input":{"@type":"PropertyValueSpecification","valueRequired":true,"valueName":"search_term_string"}}],"inLanguage":"tr"},{"@type":"Organization","@id":"https:\/\/www.evimitasarla.net\/ev-dekorasyon-fikirleri-blog\/#organization","name":"Evimi Tasarla Online \u0130\u00e7 Mimarl\u0131k Hizmetleri","url":"https:\/\/www.evimitasarla.net\/ev-dekorasyon-fikirleri-blog\/","logo":{"@type":"ImageObject","inLanguage":"tr","@id":"https:\/\/www.evimitasarla.net\/ev-dekorasyon-fikirleri-blog\/#\/schema\/logo\/image\/","url":"https:\/\/www.evimitasarla.net\/ev-dekorasyon-fikirleri-blog\/wp-content\/uploads\/2018\/12\/2018_ET_FinalLogoREV.jpg","contentUrl":"https:\/\/www.evimitasarla.net\/ev-dekorasyon-fikirleri-blog\/wp-content\/uploads\/2018\/12\/2018_ET_FinalLogoREV.jpg","width":1063,"height":887,"caption":"Evimi Tasarla Online \u0130\u00e7 Mimarl\u0131k Hizmetleri"},"image":{"@id":"https:\/\/www.evimitasarla.net\/ev-dekorasyon-fikirleri-blog\/#\/schema\/logo\/image\/"},"sameAs":["https:\/\/www.instagram.com\/evimitasarla\/","https:\/\/www.linkedin.com\/company\/evimitasarla.net\/","https:\/\/tr.pinterest.com\/evimitasarlanet\/","https:\/\/www.youtube.com\/channel\/UCZ7R9noTTMSTZHAPgD6NciA"]},{"@type":"Person","@id":"https:\/\/www.evimitasarla.net\/ev-dekorasyon-fikirleri-blog\/#\/schema\/person\/0c3307d525fc5ccec91aea47add3601b","name":"Zafer Ertu\u011frul I\u015eIK","image":{"@type":"ImageObject","inLanguage":"tr","@id":"https:\/\/www.evimitasarla.net\/ev-dekorasyon-fikirleri-blog\/#\/schema\/person\/image\/","url":"https:\/\/secure.gravatar.com\/avatar\/fe5982323cb371d948a6a8ad605267cfea064839b478bfcc7a8fb8f93eda0710?s=96&d=mm&r=g","contentUrl":"https:\/\/secure.gravatar.com\/avatar\/fe5982323cb371d948a6a8ad605267cfea064839b478bfcc7a8fb8f93eda0710?s=96&d=mm&r=g","caption":"Zafer Ertu\u011frul I\u015eIK"},"description":"1989 Zonguldak do\u011fumludur. \u0130T\u00dc Mimarl\u0131k fak\u00fcltesi Mimarl\u0131k b\u00f6l\u00fcm\u00fc mezunudur. EvimiTasarla.net'in kuruldu\u011fu ekipte bulunmu\u015f ve Mimari Operasyon Y\u00f6neticisi olarak g\u00f6revine devam etmektedir.","url":"https:\/\/www.evimitasarla.net\/ev-dekorasyon-fikirleri-blog\/author\/ertugrul\/"}]}},"_links":{"self":[{"href":"https:\/\/www.evimitasarla.net\/ev-dekorasyon-fikirleri-blog\/wp-json\/wp\/v2\/posts\/6361","targetHints":{"allow":["GET"]}}],"collection":[{"href":"https:\/\/www.evimitasarla.net\/ev-dekorasyon-fikirleri-blog\/wp-json\/wp\/v2\/posts"}],"about":[{"href":"https:\/\/www.evimitasarla.net\/ev-dekorasyon-fikirleri-blog\/wp-json\/wp\/v2\/types\/post"}],"author":[{"embeddable":true,"href":"https:\/\/www.evimitasarla.net\/ev-dekorasyon-fikirleri-blog\/wp-json\/wp\/v2\/users\/2"}],"replies":[{"embeddable":true,"href":"https:\/\/www.evimitasarla.net\/ev-dekorasyon-fikirleri-blog\/wp-json\/wp\/v2\/comments?post=6361"}],"version-history":[{"count":1,"href":"https:\/\/www.evimitasarla.net\/ev-dekorasyon-fikirleri-blog\/wp-json\/wp\/v2\/posts\/6361\/revisions"}],"predecessor-version":[{"id":6368,"href":"https:\/\/www.evimitasarla.net\/ev-dekorasyon-fikirleri-blog\/wp-json\/wp\/v2\/posts\/6361\/revisions\/6368"}],"wp:featuredmedia":[{"embeddable":true,"href":"https:\/\/www.evimitasarla.net\/ev-dekorasyon-fikirleri-blog\/wp-json\/wp\/v2\/media\/6362"}],"wp:attachment":[{"href":"https:\/\/www.evimitasarla.net\/ev-dekorasyon-fikirleri-blog\/wp-json\/wp\/v2\/media?parent=6361"}],"wp:term":[{"taxonomy":"category","embeddable":true,"href":"https:\/\/www.evimitasarla.net\/ev-dekorasyon-fikirleri-blog\/wp-json\/wp\/v2\/categories?post=6361"},{"taxonomy":"post_tag","embeddable":true,"href":"https:\/\/www.evimitasarla.net\/ev-dekorasyon-fikirleri-blog\/wp-json\/wp\/v2\/tags?post=6361"}],"curies":[{"name":"wp","href":"https:\/\/api.w.org\/{rel}","templated":true}]}}