{"id":3048,"date":"2019-12-25T14:28:45","date_gmt":"2019-12-25T11:28:45","guid":{"rendered":"https:\/\/www.evimitasarla.net\/ev-dekorasyon-fikirleri-blog\/?p=3048"},"modified":"2023-01-18T16:36:04","modified_gmt":"2023-01-18T13:36:04","slug":"2020nin-trendi-klasik-mavi-ile-dekorasyon","status":"publish","type":"post","link":"https:\/\/www.evimitasarla.net\/ev-dekorasyon-fikirleri-blog\/2020nin-trendi-klasik-mavi-ile-dekorasyon\/","title":{"rendered":"2020&#8242; nin Trendi Klasik Mavi \u0130le Dekorasyon"},"content":{"rendered":"\n<ul class=\"wp-block-gallery columns-1 is-cropped wp-block-gallery-1 is-layout-flex wp-block-gallery-is-layout-flex\"><li class=\"blocks-gallery-item\"><figure><img loading=\"lazy\" decoding=\"async\" width=\"914\" height=\"688\" src=\"https:\/\/www.evimitasarla.net\/ev-dekorasyon-fikirleri-blog\/wp-content\/uploads\/2019\/12\/kapak.jpg\" alt=\"\" data-id=\"3053\" data-link=\"https:\/\/www.evimitasarla.net\/ev-dekorasyon-fikirleri-blog\/?attachment_id=3053\" class=\"wp-image-3053\" srcset=\"https:\/\/www.evimitasarla.net\/ev-dekorasyon-fikirleri-blog\/wp-content\/uploads\/2019\/12\/kapak.jpg 914w, https:\/\/www.evimitasarla.net\/ev-dekorasyon-fikirleri-blog\/wp-content\/uploads\/2019\/12\/kapak-300x226.jpg 300w, https:\/\/www.evimitasarla.net\/ev-dekorasyon-fikirleri-blog\/wp-content\/uploads\/2019\/12\/kapak-768x578.jpg 768w, https:\/\/www.evimitasarla.net\/ev-dekorasyon-fikirleri-blog\/wp-content\/uploads\/2019\/12\/kapak-86x64.jpg 86w\" sizes=\"auto, (max-width: 914px) 100vw, 914px\" \/><\/figure><\/li><\/ul>\n\n\n\n<p>2020 y\u0131l\u0131n\u0131n trend\nrengi, Pantone Color Institute taraf\u0131ndan klasik mavi olarak belirlendi. Klasik\nmavi, yeni d\u00f6nemdeki g\u00fcvenilir ve istikrarl\u0131 bir temel olu\u015fturma iste\u011fimiz\n\u00fczerinden ilham al\u0131yor.<\/p>\n\n\n\n<p>Pantone 19-4052\nzamans\u0131z ve kal\u0131c\u0131 bir renk olarak nitelendirilirken insan ruhuna huzur ve\ns\u00fckunet getiriyor. D\u00fc\u015f\u00fcncelerimizin oda\u011f\u0131n\u0131 bulmas\u0131na yard\u0131mc\u0131 olarak\nkonsantrasyonu artt\u0131r\u0131yor.<\/p>\n\n\n\n<p>E\u011flence, moda, \u00fcr\u00fcn tasar\u0131m\u0131 ve mimari gibi pek \u00e7ok sekt\u00f6r\u00fc etkileyen y\u0131l\u0131n pantone rengi, klasik maviyle bu sene de g\u00f6rsel olarak bize dokunabilecek her platformda kar\u015f\u0131m\u0131za \u00e7\u0131kacak. <\/p>\n\n\n\n<h4 class=\"wp-block-heading\"> Kl<strong>asik Mavinin \u0130\u00e7 Mekan Tasar\u0131m\u0131na Yans\u0131malar\u0131<\/strong> <\/h4>\n\n\n\n<h4 class=\"wp-block-heading\">\u00c7al\u0131\u015fma Mekanlar\u0131nda Klasik Mavi&#8230;<\/h4>\n\n\n\n<p>\u0130\u00e7 huzurla birlikte\nstresi azaltan ve esnekli\u011fi sa\u011flayarak odaklanmay\u0131 artt\u0131ran klasik mavi\n\u00f6zellikle \u00e7al\u0131\u015fma odalar\u0131n\u0131n vazge\u00e7ilmezi haline d\u00f6n\u00fc\u015febilir. Koyu ve iddial\u0131\nbir ton olan klasik maviyi mekanda optimum \u015fekilde kullanmak i\u00e7in odan\u0131zda\nb\u00f6lgesel dokunu\u015flar yap\u0131n. \u0130ddial\u0131 renklerin b\u00f6lgesel olarak kullan\u0131lmas\u0131 ve\na\u00e7\u0131k tonlarla kombinlenmesi mekandaki ferahl\u0131k hissini artt\u0131r\u0131r ve g\u00f6rseldeki\nkalite alg\u0131s\u0131n\u0131 \u00fcst seviyeye ta\u015f\u0131r.<\/p>\n\n\n\n<figure class=\"wp-block-image\"><img loading=\"lazy\" decoding=\"async\" width=\"436\" height=\"512\" src=\"https:\/\/www.evimitasarla.net\/ev-dekorasyon-fikirleri-blog\/wp-content\/uploads\/2019\/12\/864a8b32313ac010f94988d7883c6683.jpg\" alt=\"\" class=\"wp-image-3061\" srcset=\"https:\/\/www.evimitasarla.net\/ev-dekorasyon-fikirleri-blog\/wp-content\/uploads\/2019\/12\/864a8b32313ac010f94988d7883c6683.jpg 436w, https:\/\/www.evimitasarla.net\/ev-dekorasyon-fikirleri-blog\/wp-content\/uploads\/2019\/12\/864a8b32313ac010f94988d7883c6683-255x300.jpg 255w\" sizes=\"auto, (max-width: 436px) 100vw, 436px\" \/><\/figure>\n\n\n\n<figure class=\"wp-block-image\"><img loading=\"lazy\" decoding=\"async\" width=\"564\" height=\"770\" src=\"https:\/\/www.evimitasarla.net\/ev-dekorasyon-fikirleri-blog\/wp-content\/uploads\/2019\/12\/kitapl\u0131k-s-.jpg\" alt=\"\" class=\"wp-image-3062\" srcset=\"https:\/\/www.evimitasarla.net\/ev-dekorasyon-fikirleri-blog\/wp-content\/uploads\/2019\/12\/kitapl\u0131k-s-.jpg 564w, https:\/\/www.evimitasarla.net\/ev-dekorasyon-fikirleri-blog\/wp-content\/uploads\/2019\/12\/kitapl\u0131k-s--220x300.jpg 220w\" sizes=\"auto, (max-width: 564px) 100vw, 564px\" \/><\/figure>\n\n\n\n<h4 class=\"wp-block-heading\">Salon ve Oturma Odalar\u0131n\u0131n A\u011f\u0131rba\u015fl\u0131 Ama \u0130ddial\u0131 Mavisi<\/h4>\n\n\n\n<p><a href=\"https:\/\/www.evimitasarla.net\/tasarim-paketleri#modal-hepsibirarada-paketi\">Salon tasar\u0131m\u0131nda <\/a>se\u00e7kin bir g\u00f6rsel yaratmak i\u00e7in dekorasyon \u00fcr\u00fcnleri ile k\u0131rlent, hal\u0131, perde gibi tekstil \u00fcr\u00fcnlerinde klasik mavi ve tonlar\u0131na gidilebilir. B\u00f6ylelikle hem a\u011f\u0131rba\u015fl\u0131 hem de yabanc\u0131l\u0131k \u00e7ekmeyece\u011finiz samimi bir mekan yaratabilirsiniz. Kitapl\u0131k, raf, tekli koltuk gibi mobilya \u00fcr\u00fcnlerinde de karar\u0131nda kullan\u0131lan klasik mavi ho\u015f bir atmosfer olu\u015fmas\u0131n\u0131 sa\u011flayacak.<\/p>\n\n\n\n<ul class=\"wp-block-gallery columns-2 is-cropped wp-block-gallery-2 is-layout-flex wp-block-gallery-is-layout-flex\"><li class=\"blocks-gallery-item\"><figure><img loading=\"lazy\" decoding=\"async\" width=\"480\" height=\"574\" src=\"https:\/\/www.evimitasarla.net\/ev-dekorasyon-fikirleri-blog\/wp-content\/uploads\/2019\/12\/salon-1.jpg\" alt=\"\" data-id=\"3056\" data-link=\"https:\/\/www.evimitasarla.net\/ev-dekorasyon-fikirleri-blog\/?attachment_id=3056\" class=\"wp-image-3056\" srcset=\"https:\/\/www.evimitasarla.net\/ev-dekorasyon-fikirleri-blog\/wp-content\/uploads\/2019\/12\/salon-1.jpg 480w, https:\/\/www.evimitasarla.net\/ev-dekorasyon-fikirleri-blog\/wp-content\/uploads\/2019\/12\/salon-1-251x300.jpg 251w\" sizes=\"auto, (max-width: 480px) 100vw, 480px\" \/><\/figure><\/li><li class=\"blocks-gallery-item\"><figure><img loading=\"lazy\" decoding=\"async\" width=\"564\" height=\"845\" src=\"https:\/\/www.evimitasarla.net\/ev-dekorasyon-fikirleri-blog\/wp-content\/uploads\/2019\/12\/da2aeedbc3d76b4565a7dcf6f4f74941.jpg\" alt=\"\" data-id=\"3065\" data-link=\"https:\/\/www.evimitasarla.net\/ev-dekorasyon-fikirleri-blog\/?attachment_id=3065\" class=\"wp-image-3065\" srcset=\"https:\/\/www.evimitasarla.net\/ev-dekorasyon-fikirleri-blog\/wp-content\/uploads\/2019\/12\/da2aeedbc3d76b4565a7dcf6f4f74941.jpg 564w, https:\/\/www.evimitasarla.net\/ev-dekorasyon-fikirleri-blog\/wp-content\/uploads\/2019\/12\/da2aeedbc3d76b4565a7dcf6f4f74941-200x300.jpg 200w\" sizes=\"auto, (max-width: 564px) 100vw, 564px\" \/><\/figure><\/li><\/ul>\n\n\n\n<h4 class=\"wp-block-heading\">Yatak Odalar\u0131nda Huzur ve Sakinlik Arayanlara&#8230;<\/h4>\n\n\n\n<p>Yatak odas\u0131 i\u00e7 mekanlar\u0131nda yatak ba\u015f\u0131 duvar\u0131na uygulanacak klasik mavi renkli bir kaplama ya da tekstil \u00fcr\u00fcnlerindeki mavi tonlar dinlendirici ve huzur verici etkisiyle s\u0131cak bir uyuma mekan\u0131 yaratman\u0131z\u0131 sa\u011flayacak. Burada kritik olan klasik mavi ve tonlar\u0131n\u0131 beyaz, krem, bej gibi a\u00e7\u0131k renk tonlarla dengelemeniz. Dilerseniz u\u00e7uk pembe, kavuni\u00e7i gibi yumu\u015fak tonlarla da klasik maviyi bir araya getirebilirsiniz.<\/p>\n\n\n\n<div class=\"wp-block-image\"><figure class=\"aligncenter\"><img loading=\"lazy\" decoding=\"async\" width=\"564\" height=\"813\" src=\"https:\/\/www.evimitasarla.net\/ev-dekorasyon-fikirleri-blog\/wp-content\/uploads\/2019\/12\/7b7cd36e281424dd515136023dac9e85.jpg\" alt=\"\" class=\"wp-image-3057\" srcset=\"https:\/\/www.evimitasarla.net\/ev-dekorasyon-fikirleri-blog\/wp-content\/uploads\/2019\/12\/7b7cd36e281424dd515136023dac9e85.jpg 564w, https:\/\/www.evimitasarla.net\/ev-dekorasyon-fikirleri-blog\/wp-content\/uploads\/2019\/12\/7b7cd36e281424dd515136023dac9e85-208x300.jpg 208w\" sizes=\"auto, (max-width: 564px) 100vw, 564px\" \/><\/figure><\/div>\n\n\n\n<ul class=\"wp-block-gallery columns-1 is-cropped wp-block-gallery-3 is-layout-flex wp-block-gallery-is-layout-flex\"><li class=\"blocks-gallery-item\"><figure><img loading=\"lazy\" decoding=\"async\" width=\"564\" height=\"752\" src=\"https:\/\/www.evimitasarla.net\/ev-dekorasyon-fikirleri-blog\/wp-content\/uploads\/2019\/12\/\u015fop-yatak2.jpg\" alt=\"\" data-id=\"3058\" data-link=\"https:\/\/www.evimitasarla.net\/ev-dekorasyon-fikirleri-blog\/?attachment_id=3058\" class=\"wp-image-3058\" srcset=\"https:\/\/www.evimitasarla.net\/ev-dekorasyon-fikirleri-blog\/wp-content\/uploads\/2019\/12\/\u015fop-yatak2.jpg 564w, https:\/\/www.evimitasarla.net\/ev-dekorasyon-fikirleri-blog\/wp-content\/uploads\/2019\/12\/\u015fop-yatak2-225x300.jpg 225w\" sizes=\"auto, (max-width: 564px) 100vw, 564px\" \/><\/figure><\/li><\/ul>\n\n\n\n<h4 class=\"wp-block-heading\">Evinizin Tarz\u0131n\u0131 Giri\u015finden Belli Edin<\/h4>\n\n\n\n<p>Antrede b\u00f6lgesel bir <a href=\"https:\/\/www.evimitasarla.net\/tasarim-paketleri#modal-duvar-paketi\">duvar\u0131<\/a> klasik maviyle renklendirerek \u00f6n\u00fcne \u015f\u0131k bir dresuar yerle\u015ftirebilirsiniz. Evin giri\u015finde uygulayaca\u011f\u0131n\u0131z bu dikkat \u00e7ekici dokunu\u015f,&nbsp; ya\u015fam alan\u0131n\u0131z\u0131n geneliyle ilgili estetik alg\u0131n\u0131n daha giri\u015ften itibaren olumlu bir noktaya evrilmesini sa\u011flayacakt\u0131r. Tercihiniz ne olursa olsun ev i\u00e7 mekan\u0131nda kullanaca\u011f\u0131n\u0131z iddial\u0131 renklerin kendi i\u00e7inde bir denge olu\u015fturmas\u0131na dikkat edin. 2020\u2018nin cool rengi klasik mavinin hepinize bolluk ve \u015fans getirmesi dile\u011fiyle&#8230;<\/p>\n\n\n\n<figure class=\"wp-block-image\"><img loading=\"lazy\" decoding=\"async\" width=\"564\" height=\"846\" src=\"https:\/\/www.evimitasarla.net\/ev-dekorasyon-fikirleri-blog\/wp-content\/uploads\/2019\/12\/e29cf3b295b13014ac3f7daeb48a6279.jpg\" alt=\"\" class=\"wp-image-3060\" srcset=\"https:\/\/www.evimitasarla.net\/ev-dekorasyon-fikirleri-blog\/wp-content\/uploads\/2019\/12\/e29cf3b295b13014ac3f7daeb48a6279.jpg 564w, https:\/\/www.evimitasarla.net\/ev-dekorasyon-fikirleri-blog\/wp-content\/uploads\/2019\/12\/e29cf3b295b13014ac3f7daeb48a6279-200x300.jpg 200w\" sizes=\"auto, (max-width: 564px) 100vw, 564px\" \/><\/figure>\n\n\n\n<p><\/p>\n\n\n\n<p><\/p>\n","protected":false},"excerpt":{"rendered":"<p>2020 y\u0131l\u0131n\u0131n trend rengi, Pantone Color Institute taraf\u0131ndan klasik mavi olarak belirlendi. Klasik mavi, yeni d\u00f6nemdeki g\u00fcvenilir ve istikrarl\u0131 bir temel olu\u015fturma iste\u011fimiz \u00fczerinden ilham al\u0131yor. Pantone 19-4052 zamans\u0131z ve kal\u0131c\u0131 bir renk olarak nitelendirilirken insan ruhuna huzur ve s\u00fckunet getiriyor. D\u00fc\u015f\u00fcncelerimizin oda\u011f\u0131n\u0131 bulmas\u0131na yard\u0131mc\u0131 olarak konsantrasyonu artt\u0131r\u0131yor. E\u011flence, moda, \u00fcr\u00fcn tasar\u0131m\u0131 ve mimari gibi &#8230; <a title=\"2020&#8242; nin Trendi Klasik Mavi \u0130le Dekorasyon\" class=\"read-more\" href=\"https:\/\/www.evimitasarla.net\/ev-dekorasyon-fikirleri-blog\/2020nin-trendi-klasik-mavi-ile-dekorasyon\/\" aria-label=\"Read more about 2020&#8242; nin Trendi Klasik Mavi \u0130le Dekorasyon\">Read more<\/a><\/p>\n","protected":false},"author":2,"featured_media":3053,"comment_status":"open","ping_status":"open","sticky":false,"template":"","format":"standard","meta":{"footnotes":""},"categories":[1],"tags":[],"class_list":["post-3048","post","type-post","status-publish","format-standard","has-post-thumbnail","hentry","category-ev-dekorasyonu","infinite-scroll-item","masonry-post","generate-columns","tablet-grid-50","mobile-grid-100","grid-parent","grid-33"],"yoast_head":"<!-- This site is optimized with the Yoast SEO plugin v26.4 - https:\/\/yoast.com\/wordpress\/plugins\/seo\/ -->\n<title>2020&#039; nin Trendi Klasik Mavi \u0130le Dekorasyon - Ev Dekorasyon Fikirleri<\/title>\n<meta name=\"description\" content=\"Pantone Color Institute taraf\u0131ndan 2020 y\u0131l\u0131n\u0131n rengi se\u00e7ilen mavi renk ev dekorasyonu fikirleri i\u00e7in t\u0131klay\u0131n. \u0130\u00e7 mimarlar\u0131m\u0131z\u0131n \u00f6nerilerini inceleyin!\" \/>\n<meta name=\"robots\" content=\"index, follow, max-snippet:-1, max-image-preview:large, max-video-preview:-1\" \/>\n<link rel=\"canonical\" href=\"https:\/\/www.evimitasarla.net\/ev-dekorasyon-fikirleri-blog\/2020nin-trendi-klasik-mavi-ile-dekorasyon\/\" \/>\n<meta property=\"og:locale\" content=\"tr_TR\" \/>\n<meta property=\"og:type\" content=\"article\" \/>\n<meta property=\"og:title\" content=\"2020&#039; nin Trendi Klasik Mavi \u0130le Dekorasyon - Ev Dekorasyon Fikirleri\" \/>\n<meta property=\"og:description\" content=\"Pantone Color Institute taraf\u0131ndan 2020 y\u0131l\u0131n\u0131n rengi se\u00e7ilen mavi renk ev dekorasyonu fikirleri i\u00e7in t\u0131klay\u0131n. \u0130\u00e7 mimarlar\u0131m\u0131z\u0131n \u00f6nerilerini inceleyin!\" \/>\n<meta property=\"og:url\" content=\"https:\/\/www.evimitasarla.net\/ev-dekorasyon-fikirleri-blog\/2020nin-trendi-klasik-mavi-ile-dekorasyon\/\" \/>\n<meta property=\"og:site_name\" content=\"Ev Dekorasyon Fikirleri\" \/>\n<meta property=\"article:published_time\" content=\"2019-12-25T11:28:45+00:00\" \/>\n<meta property=\"article:modified_time\" content=\"2023-01-18T13:36:04+00:00\" \/>\n<meta property=\"og:image\" content=\"https:\/\/www.evimitasarla.net\/ev-dekorasyon-fikirleri-blog\/wp-content\/uploads\/2019\/12\/kapak.jpg\" \/>\n\t<meta property=\"og:image:width\" content=\"914\" \/>\n\t<meta property=\"og:image:height\" content=\"688\" \/>\n\t<meta property=\"og:image:type\" content=\"image\/jpeg\" \/>\n<meta name=\"author\" content=\"Zafer Ertu\u011frul I\u015eIK\" \/>\n<meta name=\"twitter:card\" content=\"summary_large_image\" \/>\n<meta name=\"twitter:label1\" content=\"Yazan:\" \/>\n\t<meta name=\"twitter:data1\" content=\"Zafer Ertu\u011frul I\u015eIK\" \/>\n\t<meta name=\"twitter:label2\" content=\"Tahmini okuma s\u00fcresi\" \/>\n\t<meta name=\"twitter:data2\" content=\"2 dakika\" \/>\n<script type=\"application\/ld+json\" class=\"yoast-schema-graph\">{\"@context\":\"https:\/\/schema.org\",\"@graph\":[{\"@type\":\"Article\",\"@id\":\"https:\/\/www.evimitasarla.net\/ev-dekorasyon-fikirleri-blog\/2020nin-trendi-klasik-mavi-ile-dekorasyon\/#article\",\"isPartOf\":{\"@id\":\"https:\/\/www.evimitasarla.net\/ev-dekorasyon-fikirleri-blog\/2020nin-trendi-klasik-mavi-ile-dekorasyon\/\"},\"author\":{\"name\":\"Zafer Ertu\u011frul I\u015eIK\",\"@id\":\"https:\/\/www.evimitasarla.net\/ev-dekorasyon-fikirleri-blog\/#\/schema\/person\/0c3307d525fc5ccec91aea47add3601b\"},\"headline\":\"2020&#8242; nin Trendi Klasik Mavi \u0130le Dekorasyon\",\"datePublished\":\"2019-12-25T11:28:45+00:00\",\"dateModified\":\"2023-01-18T13:36:04+00:00\",\"mainEntityOfPage\":{\"@id\":\"https:\/\/www.evimitasarla.net\/ev-dekorasyon-fikirleri-blog\/2020nin-trendi-klasik-mavi-ile-dekorasyon\/\"},\"wordCount\":450,\"commentCount\":0,\"publisher\":{\"@id\":\"https:\/\/www.evimitasarla.net\/ev-dekorasyon-fikirleri-blog\/#organization\"},\"image\":{\"@id\":\"https:\/\/www.evimitasarla.net\/ev-dekorasyon-fikirleri-blog\/2020nin-trendi-klasik-mavi-ile-dekorasyon\/#primaryimage\"},\"thumbnailUrl\":\"https:\/\/www.evimitasarla.net\/ev-dekorasyon-fikirleri-blog\/wp-content\/uploads\/2019\/12\/kapak.jpg\",\"articleSection\":[\"Ev Dekorasyonu\"],\"inLanguage\":\"tr\",\"potentialAction\":[{\"@type\":\"CommentAction\",\"name\":\"Comment\",\"target\":[\"https:\/\/www.evimitasarla.net\/ev-dekorasyon-fikirleri-blog\/2020nin-trendi-klasik-mavi-ile-dekorasyon\/#respond\"]}]},{\"@type\":\"WebPage\",\"@id\":\"https:\/\/www.evimitasarla.net\/ev-dekorasyon-fikirleri-blog\/2020nin-trendi-klasik-mavi-ile-dekorasyon\/\",\"url\":\"https:\/\/www.evimitasarla.net\/ev-dekorasyon-fikirleri-blog\/2020nin-trendi-klasik-mavi-ile-dekorasyon\/\",\"name\":\"2020' nin Trendi Klasik Mavi \u0130le Dekorasyon - Ev Dekorasyon Fikirleri\",\"isPartOf\":{\"@id\":\"https:\/\/www.evimitasarla.net\/ev-dekorasyon-fikirleri-blog\/#website\"},\"primaryImageOfPage\":{\"@id\":\"https:\/\/www.evimitasarla.net\/ev-dekorasyon-fikirleri-blog\/2020nin-trendi-klasik-mavi-ile-dekorasyon\/#primaryimage\"},\"image\":{\"@id\":\"https:\/\/www.evimitasarla.net\/ev-dekorasyon-fikirleri-blog\/2020nin-trendi-klasik-mavi-ile-dekorasyon\/#primaryimage\"},\"thumbnailUrl\":\"https:\/\/www.evimitasarla.net\/ev-dekorasyon-fikirleri-blog\/wp-content\/uploads\/2019\/12\/kapak.jpg\",\"datePublished\":\"2019-12-25T11:28:45+00:00\",\"dateModified\":\"2023-01-18T13:36:04+00:00\",\"description\":\"Pantone Color Institute taraf\u0131ndan 2020 y\u0131l\u0131n\u0131n rengi se\u00e7ilen mavi renk ev dekorasyonu fikirleri i\u00e7in t\u0131klay\u0131n. \u0130\u00e7 mimarlar\u0131m\u0131z\u0131n \u00f6nerilerini inceleyin!\",\"breadcrumb\":{\"@id\":\"https:\/\/www.evimitasarla.net\/ev-dekorasyon-fikirleri-blog\/2020nin-trendi-klasik-mavi-ile-dekorasyon\/#breadcrumb\"},\"inLanguage\":\"tr\",\"potentialAction\":[{\"@type\":\"ReadAction\",\"target\":[\"https:\/\/www.evimitasarla.net\/ev-dekorasyon-fikirleri-blog\/2020nin-trendi-klasik-mavi-ile-dekorasyon\/\"]}]},{\"@type\":\"ImageObject\",\"inLanguage\":\"tr\",\"@id\":\"https:\/\/www.evimitasarla.net\/ev-dekorasyon-fikirleri-blog\/2020nin-trendi-klasik-mavi-ile-dekorasyon\/#primaryimage\",\"url\":\"https:\/\/www.evimitasarla.net\/ev-dekorasyon-fikirleri-blog\/wp-content\/uploads\/2019\/12\/kapak.jpg\",\"contentUrl\":\"https:\/\/www.evimitasarla.net\/ev-dekorasyon-fikirleri-blog\/wp-content\/uploads\/2019\/12\/kapak.jpg\",\"width\":914,\"height\":688},{\"@type\":\"BreadcrumbList\",\"@id\":\"https:\/\/www.evimitasarla.net\/ev-dekorasyon-fikirleri-blog\/2020nin-trendi-klasik-mavi-ile-dekorasyon\/#breadcrumb\",\"itemListElement\":[{\"@type\":\"ListItem\",\"position\":1,\"name\":\"Ana sayfa\",\"item\":\"https:\/\/www.evimitasarla.net\/ev-dekorasyon-fikirleri-blog\/\"},{\"@type\":\"ListItem\",\"position\":2,\"name\":\"Ev Dekorasyonu\",\"item\":\"https:\/\/www.evimitasarla.net\/ev-dekorasyon-fikirleri-blog\/category\/ev-dekorasyonu\/\"},{\"@type\":\"ListItem\",\"position\":3,\"name\":\"2020&#8242; nin Trendi Klasik Mavi \u0130le Dekorasyon\"}]},{\"@type\":\"WebSite\",\"@id\":\"https:\/\/www.evimitasarla.net\/ev-dekorasyon-fikirleri-blog\/#website\",\"url\":\"https:\/\/www.evimitasarla.net\/ev-dekorasyon-fikirleri-blog\/\",\"name\":\"Ev Dekorasyon Fikirleri\",\"description\":\"Evimi Tasarla\",\"publisher\":{\"@id\":\"https:\/\/www.evimitasarla.net\/ev-dekorasyon-fikirleri-blog\/#organization\"},\"potentialAction\":[{\"@type\":\"SearchAction\",\"target\":{\"@type\":\"EntryPoint\",\"urlTemplate\":\"https:\/\/www.evimitasarla.net\/ev-dekorasyon-fikirleri-blog\/?s={search_term_string}\"},\"query-input\":{\"@type\":\"PropertyValueSpecification\",\"valueRequired\":true,\"valueName\":\"search_term_string\"}}],\"inLanguage\":\"tr\"},{\"@type\":\"Organization\",\"@id\":\"https:\/\/www.evimitasarla.net\/ev-dekorasyon-fikirleri-blog\/#organization\",\"name\":\"Evimi Tasarla Online \u0130\u00e7 Mimarl\u0131k Hizmetleri\",\"url\":\"https:\/\/www.evimitasarla.net\/ev-dekorasyon-fikirleri-blog\/\",\"logo\":{\"@type\":\"ImageObject\",\"inLanguage\":\"tr\",\"@id\":\"https:\/\/www.evimitasarla.net\/ev-dekorasyon-fikirleri-blog\/#\/schema\/logo\/image\/\",\"url\":\"https:\/\/www.evimitasarla.net\/ev-dekorasyon-fikirleri-blog\/wp-content\/uploads\/2018\/12\/2018_ET_FinalLogoREV.jpg\",\"contentUrl\":\"https:\/\/www.evimitasarla.net\/ev-dekorasyon-fikirleri-blog\/wp-content\/uploads\/2018\/12\/2018_ET_FinalLogoREV.jpg\",\"width\":1063,\"height\":887,\"caption\":\"Evimi Tasarla Online \u0130\u00e7 Mimarl\u0131k Hizmetleri\"},\"image\":{\"@id\":\"https:\/\/www.evimitasarla.net\/ev-dekorasyon-fikirleri-blog\/#\/schema\/logo\/image\/\"},\"sameAs\":[\"https:\/\/www.instagram.com\/evimitasarla\/\",\"https:\/\/www.linkedin.com\/company\/evimitasarla.net\/\",\"https:\/\/tr.pinterest.com\/evimitasarlanet\/\",\"https:\/\/www.youtube.com\/channel\/UCZ7R9noTTMSTZHAPgD6NciA\"]},{\"@type\":\"Person\",\"@id\":\"https:\/\/www.evimitasarla.net\/ev-dekorasyon-fikirleri-blog\/#\/schema\/person\/0c3307d525fc5ccec91aea47add3601b\",\"name\":\"Zafer Ertu\u011frul I\u015eIK\",\"image\":{\"@type\":\"ImageObject\",\"inLanguage\":\"tr\",\"@id\":\"https:\/\/www.evimitasarla.net\/ev-dekorasyon-fikirleri-blog\/#\/schema\/person\/image\/\",\"url\":\"https:\/\/secure.gravatar.com\/avatar\/fe5982323cb371d948a6a8ad605267cfea064839b478bfcc7a8fb8f93eda0710?s=96&d=mm&r=g\",\"contentUrl\":\"https:\/\/secure.gravatar.com\/avatar\/fe5982323cb371d948a6a8ad605267cfea064839b478bfcc7a8fb8f93eda0710?s=96&d=mm&r=g\",\"caption\":\"Zafer Ertu\u011frul I\u015eIK\"},\"description\":\"1989 Zonguldak do\u011fumludur. \u0130T\u00dc Mimarl\u0131k fak\u00fcltesi Mimarl\u0131k b\u00f6l\u00fcm\u00fc mezunudur. EvimiTasarla.net'in kuruldu\u011fu ekipte bulunmu\u015f ve Mimari Operasyon Y\u00f6neticisi olarak g\u00f6revine devam etmektedir.\",\"url\":\"https:\/\/www.evimitasarla.net\/ev-dekorasyon-fikirleri-blog\/author\/ertugrul\/\"}]}<\/script>\n<!-- \/ Yoast SEO plugin. -->","yoast_head_json":{"title":"2020' nin Trendi Klasik Mavi \u0130le Dekorasyon - Ev Dekorasyon Fikirleri","description":"Pantone Color Institute taraf\u0131ndan 2020 y\u0131l\u0131n\u0131n rengi se\u00e7ilen mavi renk ev dekorasyonu fikirleri i\u00e7in t\u0131klay\u0131n. \u0130\u00e7 mimarlar\u0131m\u0131z\u0131n \u00f6nerilerini inceleyin!","robots":{"index":"index","follow":"follow","max-snippet":"max-snippet:-1","max-image-preview":"max-image-preview:large","max-video-preview":"max-video-preview:-1"},"canonical":"https:\/\/www.evimitasarla.net\/ev-dekorasyon-fikirleri-blog\/2020nin-trendi-klasik-mavi-ile-dekorasyon\/","og_locale":"tr_TR","og_type":"article","og_title":"2020' nin Trendi Klasik Mavi \u0130le Dekorasyon - Ev Dekorasyon Fikirleri","og_description":"Pantone Color Institute taraf\u0131ndan 2020 y\u0131l\u0131n\u0131n rengi se\u00e7ilen mavi renk ev dekorasyonu fikirleri i\u00e7in t\u0131klay\u0131n. \u0130\u00e7 mimarlar\u0131m\u0131z\u0131n \u00f6nerilerini inceleyin!","og_url":"https:\/\/www.evimitasarla.net\/ev-dekorasyon-fikirleri-blog\/2020nin-trendi-klasik-mavi-ile-dekorasyon\/","og_site_name":"Ev Dekorasyon Fikirleri","article_published_time":"2019-12-25T11:28:45+00:00","article_modified_time":"2023-01-18T13:36:04+00:00","og_image":[{"width":914,"height":688,"url":"https:\/\/www.evimitasarla.net\/ev-dekorasyon-fikirleri-blog\/wp-content\/uploads\/2019\/12\/kapak.jpg","type":"image\/jpeg"}],"author":"Zafer Ertu\u011frul I\u015eIK","twitter_card":"summary_large_image","twitter_misc":{"Yazan:":"Zafer Ertu\u011frul I\u015eIK","Tahmini okuma s\u00fcresi":"2 dakika"},"schema":{"@context":"https:\/\/schema.org","@graph":[{"@type":"Article","@id":"https:\/\/www.evimitasarla.net\/ev-dekorasyon-fikirleri-blog\/2020nin-trendi-klasik-mavi-ile-dekorasyon\/#article","isPartOf":{"@id":"https:\/\/www.evimitasarla.net\/ev-dekorasyon-fikirleri-blog\/2020nin-trendi-klasik-mavi-ile-dekorasyon\/"},"author":{"name":"Zafer Ertu\u011frul I\u015eIK","@id":"https:\/\/www.evimitasarla.net\/ev-dekorasyon-fikirleri-blog\/#\/schema\/person\/0c3307d525fc5ccec91aea47add3601b"},"headline":"2020&#8242; nin Trendi Klasik Mavi \u0130le Dekorasyon","datePublished":"2019-12-25T11:28:45+00:00","dateModified":"2023-01-18T13:36:04+00:00","mainEntityOfPage":{"@id":"https:\/\/www.evimitasarla.net\/ev-dekorasyon-fikirleri-blog\/2020nin-trendi-klasik-mavi-ile-dekorasyon\/"},"wordCount":450,"commentCount":0,"publisher":{"@id":"https:\/\/www.evimitasarla.net\/ev-dekorasyon-fikirleri-blog\/#organization"},"image":{"@id":"https:\/\/www.evimitasarla.net\/ev-dekorasyon-fikirleri-blog\/2020nin-trendi-klasik-mavi-ile-dekorasyon\/#primaryimage"},"thumbnailUrl":"https:\/\/www.evimitasarla.net\/ev-dekorasyon-fikirleri-blog\/wp-content\/uploads\/2019\/12\/kapak.jpg","articleSection":["Ev Dekorasyonu"],"inLanguage":"tr","potentialAction":[{"@type":"CommentAction","name":"Comment","target":["https:\/\/www.evimitasarla.net\/ev-dekorasyon-fikirleri-blog\/2020nin-trendi-klasik-mavi-ile-dekorasyon\/#respond"]}]},{"@type":"WebPage","@id":"https:\/\/www.evimitasarla.net\/ev-dekorasyon-fikirleri-blog\/2020nin-trendi-klasik-mavi-ile-dekorasyon\/","url":"https:\/\/www.evimitasarla.net\/ev-dekorasyon-fikirleri-blog\/2020nin-trendi-klasik-mavi-ile-dekorasyon\/","name":"2020' nin Trendi Klasik Mavi \u0130le Dekorasyon - Ev Dekorasyon Fikirleri","isPartOf":{"@id":"https:\/\/www.evimitasarla.net\/ev-dekorasyon-fikirleri-blog\/#website"},"primaryImageOfPage":{"@id":"https:\/\/www.evimitasarla.net\/ev-dekorasyon-fikirleri-blog\/2020nin-trendi-klasik-mavi-ile-dekorasyon\/#primaryimage"},"image":{"@id":"https:\/\/www.evimitasarla.net\/ev-dekorasyon-fikirleri-blog\/2020nin-trendi-klasik-mavi-ile-dekorasyon\/#primaryimage"},"thumbnailUrl":"https:\/\/www.evimitasarla.net\/ev-dekorasyon-fikirleri-blog\/wp-content\/uploads\/2019\/12\/kapak.jpg","datePublished":"2019-12-25T11:28:45+00:00","dateModified":"2023-01-18T13:36:04+00:00","description":"Pantone Color Institute taraf\u0131ndan 2020 y\u0131l\u0131n\u0131n rengi se\u00e7ilen mavi renk ev dekorasyonu fikirleri i\u00e7in t\u0131klay\u0131n. \u0130\u00e7 mimarlar\u0131m\u0131z\u0131n \u00f6nerilerini inceleyin!","breadcrumb":{"@id":"https:\/\/www.evimitasarla.net\/ev-dekorasyon-fikirleri-blog\/2020nin-trendi-klasik-mavi-ile-dekorasyon\/#breadcrumb"},"inLanguage":"tr","potentialAction":[{"@type":"ReadAction","target":["https:\/\/www.evimitasarla.net\/ev-dekorasyon-fikirleri-blog\/2020nin-trendi-klasik-mavi-ile-dekorasyon\/"]}]},{"@type":"ImageObject","inLanguage":"tr","@id":"https:\/\/www.evimitasarla.net\/ev-dekorasyon-fikirleri-blog\/2020nin-trendi-klasik-mavi-ile-dekorasyon\/#primaryimage","url":"https:\/\/www.evimitasarla.net\/ev-dekorasyon-fikirleri-blog\/wp-content\/uploads\/2019\/12\/kapak.jpg","contentUrl":"https:\/\/www.evimitasarla.net\/ev-dekorasyon-fikirleri-blog\/wp-content\/uploads\/2019\/12\/kapak.jpg","width":914,"height":688},{"@type":"BreadcrumbList","@id":"https:\/\/www.evimitasarla.net\/ev-dekorasyon-fikirleri-blog\/2020nin-trendi-klasik-mavi-ile-dekorasyon\/#breadcrumb","itemListElement":[{"@type":"ListItem","position":1,"name":"Ana sayfa","item":"https:\/\/www.evimitasarla.net\/ev-dekorasyon-fikirleri-blog\/"},{"@type":"ListItem","position":2,"name":"Ev Dekorasyonu","item":"https:\/\/www.evimitasarla.net\/ev-dekorasyon-fikirleri-blog\/category\/ev-dekorasyonu\/"},{"@type":"ListItem","position":3,"name":"2020&#8242; nin Trendi Klasik Mavi \u0130le Dekorasyon"}]},{"@type":"WebSite","@id":"https:\/\/www.evimitasarla.net\/ev-dekorasyon-fikirleri-blog\/#website","url":"https:\/\/www.evimitasarla.net\/ev-dekorasyon-fikirleri-blog\/","name":"Ev Dekorasyon Fikirleri","description":"Evimi Tasarla","publisher":{"@id":"https:\/\/www.evimitasarla.net\/ev-dekorasyon-fikirleri-blog\/#organization"},"potentialAction":[{"@type":"SearchAction","target":{"@type":"EntryPoint","urlTemplate":"https:\/\/www.evimitasarla.net\/ev-dekorasyon-fikirleri-blog\/?s={search_term_string}"},"query-input":{"@type":"PropertyValueSpecification","valueRequired":true,"valueName":"search_term_string"}}],"inLanguage":"tr"},{"@type":"Organization","@id":"https:\/\/www.evimitasarla.net\/ev-dekorasyon-fikirleri-blog\/#organization","name":"Evimi Tasarla Online \u0130\u00e7 Mimarl\u0131k Hizmetleri","url":"https:\/\/www.evimitasarla.net\/ev-dekorasyon-fikirleri-blog\/","logo":{"@type":"ImageObject","inLanguage":"tr","@id":"https:\/\/www.evimitasarla.net\/ev-dekorasyon-fikirleri-blog\/#\/schema\/logo\/image\/","url":"https:\/\/www.evimitasarla.net\/ev-dekorasyon-fikirleri-blog\/wp-content\/uploads\/2018\/12\/2018_ET_FinalLogoREV.jpg","contentUrl":"https:\/\/www.evimitasarla.net\/ev-dekorasyon-fikirleri-blog\/wp-content\/uploads\/2018\/12\/2018_ET_FinalLogoREV.jpg","width":1063,"height":887,"caption":"Evimi Tasarla Online \u0130\u00e7 Mimarl\u0131k Hizmetleri"},"image":{"@id":"https:\/\/www.evimitasarla.net\/ev-dekorasyon-fikirleri-blog\/#\/schema\/logo\/image\/"},"sameAs":["https:\/\/www.instagram.com\/evimitasarla\/","https:\/\/www.linkedin.com\/company\/evimitasarla.net\/","https:\/\/tr.pinterest.com\/evimitasarlanet\/","https:\/\/www.youtube.com\/channel\/UCZ7R9noTTMSTZHAPgD6NciA"]},{"@type":"Person","@id":"https:\/\/www.evimitasarla.net\/ev-dekorasyon-fikirleri-blog\/#\/schema\/person\/0c3307d525fc5ccec91aea47add3601b","name":"Zafer Ertu\u011frul I\u015eIK","image":{"@type":"ImageObject","inLanguage":"tr","@id":"https:\/\/www.evimitasarla.net\/ev-dekorasyon-fikirleri-blog\/#\/schema\/person\/image\/","url":"https:\/\/secure.gravatar.com\/avatar\/fe5982323cb371d948a6a8ad605267cfea064839b478bfcc7a8fb8f93eda0710?s=96&d=mm&r=g","contentUrl":"https:\/\/secure.gravatar.com\/avatar\/fe5982323cb371d948a6a8ad605267cfea064839b478bfcc7a8fb8f93eda0710?s=96&d=mm&r=g","caption":"Zafer Ertu\u011frul I\u015eIK"},"description":"1989 Zonguldak do\u011fumludur. \u0130T\u00dc Mimarl\u0131k fak\u00fcltesi Mimarl\u0131k b\u00f6l\u00fcm\u00fc mezunudur. EvimiTasarla.net'in kuruldu\u011fu ekipte bulunmu\u015f ve Mimari Operasyon Y\u00f6neticisi olarak g\u00f6revine devam etmektedir.","url":"https:\/\/www.evimitasarla.net\/ev-dekorasyon-fikirleri-blog\/author\/ertugrul\/"}]}},"_links":{"self":[{"href":"https:\/\/www.evimitasarla.net\/ev-dekorasyon-fikirleri-blog\/wp-json\/wp\/v2\/posts\/3048","targetHints":{"allow":["GET"]}}],"collection":[{"href":"https:\/\/www.evimitasarla.net\/ev-dekorasyon-fikirleri-blog\/wp-json\/wp\/v2\/posts"}],"about":[{"href":"https:\/\/www.evimitasarla.net\/ev-dekorasyon-fikirleri-blog\/wp-json\/wp\/v2\/types\/post"}],"author":[{"embeddable":true,"href":"https:\/\/www.evimitasarla.net\/ev-dekorasyon-fikirleri-blog\/wp-json\/wp\/v2\/users\/2"}],"replies":[{"embeddable":true,"href":"https:\/\/www.evimitasarla.net\/ev-dekorasyon-fikirleri-blog\/wp-json\/wp\/v2\/comments?post=3048"}],"version-history":[{"count":14,"href":"https:\/\/www.evimitasarla.net\/ev-dekorasyon-fikirleri-blog\/wp-json\/wp\/v2\/posts\/3048\/revisions"}],"predecessor-version":[{"id":4351,"href":"https:\/\/www.evimitasarla.net\/ev-dekorasyon-fikirleri-blog\/wp-json\/wp\/v2\/posts\/3048\/revisions\/4351"}],"wp:featuredmedia":[{"embeddable":true,"href":"https:\/\/www.evimitasarla.net\/ev-dekorasyon-fikirleri-blog\/wp-json\/wp\/v2\/media\/3053"}],"wp:attachment":[{"href":"https:\/\/www.evimitasarla.net\/ev-dekorasyon-fikirleri-blog\/wp-json\/wp\/v2\/media?parent=3048"}],"wp:term":[{"taxonomy":"category","embeddable":true,"href":"https:\/\/www.evimitasarla.net\/ev-dekorasyon-fikirleri-blog\/wp-json\/wp\/v2\/categories?post=3048"},{"taxonomy":"post_tag","embeddable":true,"href":"https:\/\/www.evimitasarla.net\/ev-dekorasyon-fikirleri-blog\/wp-json\/wp\/v2\/tags?post=3048"}],"curies":[{"name":"wp","href":"https:\/\/api.w.org\/{rel}","templated":true}]}}