{"id":2477,"date":"2019-07-01T09:23:18","date_gmt":"2019-07-01T06:23:18","guid":{"rendered":"https:\/\/www.evimitasarla.net\/ev-dekorasyon-fikirleri-blog\/?p=2477"},"modified":"2023-05-26T16:35:20","modified_gmt":"2023-05-26T13:35:20","slug":"salon-dekorasyonunda-perde-secimi","status":"publish","type":"post","link":"https:\/\/www.evimitasarla.net\/ev-dekorasyon-fikirleri-blog\/salon-dekorasyonunda-perde-secimi\/","title":{"rendered":"Salon Dekorasyonunda Perde Se\u00e7imi"},"content":{"rendered":"<p>Ev dekorasyonu yaparken hal\u0131lar ve perdeler ekstra \u00f6nem ta\u015f\u0131yor. Perdeler <a href=\"https:\/\/www.evimitasarla.net\/\">duvar tasar\u0131m\u0131<\/a> ile b\u00fct\u00fcnle\u015fti\u011finden renk ve model tercihi genel dekoru etkiliyor. Evinizi dekore ederken perdenizi nas\u0131l se\u00e7meli, nelere dikkat etmelisiniz? Perde evin tarz\u0131n\u0131 g\u00f6sterdi\u011finden elbette \u00e7ok \u00f6nemsiyorsunuz. \u0130\u015fte bu konuda size uzman \u00f6neriler;<\/p>\n<ul>\n<li>\u00d6ncelikle evinizde nas\u0131l bir tarz olu\u015fturmaya \u00e7al\u0131\u015ft\u0131\u011f\u0131n\u0131z\u0131 fark edin. Spor tarz dekorasyon i\u00e7in yola \u00e7\u0131karken klasik bir perde se\u00e7erken bulabilirsiniz kendinizi. En ba\u015f\u0131ndan sonuna kadar se\u00e7ti\u011finiz tarza sad\u0131k kalmal\u0131s\u0131n\u0131z.<a href=\"https:\/\/www.evimitasarla.net\/ev-dekorasyon-fikirleri-blog\/wp-content\/uploads\/2019\/07\/Salon-Dekorasyonunda-Perde-Se\u00e7imi.2.jpg\"><img loading=\"lazy\" decoding=\"async\" class=\"size-medium wp-image-2478 alignright\" src=\"https:\/\/www.evimitasarla.net\/ev-dekorasyon-fikirleri-blog\/wp-content\/uploads\/2019\/07\/Salon-Dekorasyonunda-Perde-Se\u00e7imi.2-200x300.jpg\" alt=\"\" width=\"200\" height=\"300\" srcset=\"https:\/\/www.evimitasarla.net\/ev-dekorasyon-fikirleri-blog\/wp-content\/uploads\/2019\/07\/Salon-Dekorasyonunda-Perde-Se\u00e7imi.2-200x300.jpg 200w, https:\/\/www.evimitasarla.net\/ev-dekorasyon-fikirleri-blog\/wp-content\/uploads\/2019\/07\/Salon-Dekorasyonunda-Perde-Se\u00e7imi.2.jpg 640w\" sizes=\"auto, (max-width: 200px) 100vw, 200px\" \/><\/a><\/li>\n<li>Perdede renk ve tasar\u0131ma karar verirken perdenin temizli\u011fini de g\u00f6z \u00f6n\u00fcnde bulundurun. Kuma\u015f\u0131n kal\u0131nl\u0131\u011f\u0131, kir tutma \u00f6zelli\u011fi, kuma\u015f yap\u0131s\u0131 \u00f6nemli unsurlard\u0131r. \u00d6rne\u011fin baz\u0131 kuma\u015flar \u00e7ok kal\u0131n oldu\u011fundan modelini g\u00f6stermeyebiliyor.<\/li>\n<li><a href=\"https:\/\/www.evimitasarla.net\/ev-dekorasyon-fikirleri-blog\/salon-dekorasyon-fikirleri\/\">Salon dekorasyonu yaparken<\/a> perde se\u00e7iminde koltuk tak\u0131m\u0131, duvar rengi, hal\u0131 ya da parke modeli gibi di\u011fer ana unsurlara dikkat edin. Genel dekor sakinse hareketli, canl\u0131 bir perde se\u00e7ebilirsiniz ancak tam tersi bir durum s\u00f6z konusuysa perdelerde daha dingin ve zarif modellere y\u00f6nelmenizi \u00f6neririz.<\/li>\n<li>Perde se\u00e7iminizde salonla birlikte asl\u0131nda duvar tasar\u0131m\u0131 yapt\u0131\u011f\u0131n\u0131z\u0131 unutmay\u0131n. Pencerelerinizin duvardaki konumu, \u015fekli perde se\u00e7imini etkiliyor. \u00d6rne\u011fin belinize kadar cam inen bir pencereniz varsa dekoratif y\u00f6n\u00fcyle \u00f6ne \u00e7\u0131kan perdeleri se\u00e7menizi \u00f6neririz. Daha modern ve klasik bir tarzdaysa e\u011fer o zaman uzun perdeleri se\u00e7meniz ideal olacakt\u0131r.<\/li>\n<li>Perde se\u00e7erken kuma\u015f perdelere odaklanmay\u0131n. T\u00fcl, stor, jaluzi gibi modellerin g\u00fcn\u00fcm\u00fczde daha s\u0131k tercih edildi\u011fini s\u00f6ylemeliyiz. Pencerenizin b\u00fcy\u00fckl\u00fc\u011f\u00fc, pencereyi a\u00e7ma s\u0131kl\u0131\u011f\u0131n\u0131z\u0131 perde se\u00e7erken dikkate al\u0131n. \u00d6rne\u011fin s\u00fcrekli a\u00e7 \u2013 kapa yap\u0131lamayacak perde modelleri vard\u0131r ve bu tip bir perde yo\u011fun pencere kullan\u0131m\u0131nda uygunluk g\u00f6stermez. \u00d6te yandan stor perdeler t\u00fcm cam tiplerine uygun olmuyor. Perde se\u00e7erken camla ilgili bilgi sahibi olmakta fayda var.<\/li>\n<li><a href=\"https:\/\/www.evimitasarla.net\/\">Salon tasar\u0131m\u0131<\/a> yaparken salonunuzun g\u00fcne\u015ften ne derece faydaland\u0131\u011f\u0131na dikkat edin. G\u00fcne\u015ften az seviyede faydalan\u0131yorsa kal\u0131n perdeler yerine t\u00fcl, \u015fifon perdelere y\u00f6nelebilirsiniz.<\/li>\n<li>K\u00fc\u00e7\u00fck, tekli, k\u0131sa pencereler i\u00e7in uzun yerine k\u0131sa kuma\u015f ya da stor perdeler tercih etmenizi \u00f6neririz. \u00d6zellikle kuma\u015f perde se\u00e7imi yaparak romantik bir ev dekorasyonu \u00e7al\u0131\u015fmas\u0131 yapabilirsiniz.<\/li>\n<\/ul>\n","protected":false},"excerpt":{"rendered":"<p>Ev dekorasyonu yaparken hal\u0131lar ve perdeler ekstra \u00f6nem ta\u015f\u0131yor. Perdeler duvar tasar\u0131m\u0131 ile b\u00fct\u00fcnle\u015fti\u011finden renk ve model tercihi genel dekoru etkiliyor. Evinizi dekore ederken perdenizi nas\u0131l se\u00e7meli, nelere dikkat etmelisiniz? Perde evin tarz\u0131n\u0131 g\u00f6sterdi\u011finden elbette \u00e7ok \u00f6nemsiyorsunuz. \u0130\u015fte bu konuda size uzman \u00f6neriler; \u00d6ncelikle evinizde nas\u0131l bir tarz olu\u015fturmaya \u00e7al\u0131\u015ft\u0131\u011f\u0131n\u0131z\u0131 fark edin. Spor tarz dekorasyon &#8230; <a title=\"Salon Dekorasyonunda Perde Se\u00e7imi\" class=\"read-more\" href=\"https:\/\/www.evimitasarla.net\/ev-dekorasyon-fikirleri-blog\/salon-dekorasyonunda-perde-secimi\/\" aria-label=\"Read more about Salon Dekorasyonunda Perde Se\u00e7imi\">Read more<\/a><\/p>\n","protected":false},"author":3,"featured_media":2479,"comment_status":"open","ping_status":"open","sticky":false,"template":"","format":"standard","meta":{"footnotes":""},"categories":[25,1,80],"tags":[],"class_list":["post-2477","post","type-post","status-publish","format-standard","has-post-thumbnail","hentry","category-cesitli-dekorasyon-onerileri","category-ev-dekorasyonu","category-genel-dekorasyon-fikirleri","infinite-scroll-item","masonry-post","generate-columns","tablet-grid-50","mobile-grid-100","grid-parent","grid-33"],"yoast_head":"<!-- This site is optimized with the Yoast SEO plugin v26.4 - https:\/\/yoast.com\/wordpress\/plugins\/seo\/ -->\n<title>Salon Dekorasyonunda Perde Se\u00e7imi - Ev Dekorasyon Fikirleri<\/title>\n<meta name=\"description\" content=\"Evinizi dekore ederken perdenizi nas\u0131l se\u00e7meli, nelere dikkat etmelisiniz? Perde evin tarz\u0131n\u0131 g\u00f6sterdi\u011finden elbette \u00e7ok \u00f6nemsiyorsunuz. \u0130\u015fte bu konuda size uzman \u00f6neriler;\" \/>\n<meta name=\"robots\" content=\"index, follow, max-snippet:-1, max-image-preview:large, max-video-preview:-1\" \/>\n<link rel=\"canonical\" href=\"https:\/\/www.evimitasarla.net\/ev-dekorasyon-fikirleri-blog\/salon-dekorasyonunda-perde-secimi\/\" \/>\n<meta property=\"og:locale\" content=\"tr_TR\" \/>\n<meta property=\"og:type\" content=\"article\" \/>\n<meta property=\"og:title\" content=\"Salon Dekorasyonunda Perde Se\u00e7imi - Ev Dekorasyon Fikirleri\" \/>\n<meta property=\"og:description\" content=\"Evinizi dekore ederken perdenizi nas\u0131l se\u00e7meli, nelere dikkat etmelisiniz? Perde evin tarz\u0131n\u0131 g\u00f6sterdi\u011finden elbette \u00e7ok \u00f6nemsiyorsunuz. \u0130\u015fte bu konuda size uzman \u00f6neriler;\" \/>\n<meta property=\"og:url\" content=\"https:\/\/www.evimitasarla.net\/ev-dekorasyon-fikirleri-blog\/salon-dekorasyonunda-perde-secimi\/\" \/>\n<meta property=\"og:site_name\" content=\"Ev Dekorasyon Fikirleri\" \/>\n<meta property=\"article:published_time\" content=\"2019-07-01T06:23:18+00:00\" \/>\n<meta property=\"article:modified_time\" content=\"2023-05-26T13:35:20+00:00\" \/>\n<meta property=\"og:image\" content=\"https:\/\/www.evimitasarla.net\/ev-dekorasyon-fikirleri-blog\/wp-content\/uploads\/2019\/07\/Salon-Dekorasyonunda-Perde-Se\u00e7imi.1.jpg\" \/>\n\t<meta property=\"og:image:width\" content=\"640\" \/>\n\t<meta property=\"og:image:height\" content=\"429\" \/>\n\t<meta property=\"og:image:type\" content=\"image\/jpeg\" \/>\n<meta name=\"author\" content=\"\u0130dil Erdo\u011fan\" \/>\n<meta name=\"twitter:card\" content=\"summary_large_image\" \/>\n<meta name=\"twitter:label1\" content=\"Yazan:\" \/>\n\t<meta name=\"twitter:data1\" content=\"\u0130dil Erdo\u011fan\" \/>\n\t<meta name=\"twitter:label2\" content=\"Tahmini okuma s\u00fcresi\" \/>\n\t<meta name=\"twitter:data2\" content=\"2 dakika\" \/>\n<script type=\"application\/ld+json\" class=\"yoast-schema-graph\">{\"@context\":\"https:\/\/schema.org\",\"@graph\":[{\"@type\":\"Article\",\"@id\":\"https:\/\/www.evimitasarla.net\/ev-dekorasyon-fikirleri-blog\/salon-dekorasyonunda-perde-secimi\/#article\",\"isPartOf\":{\"@id\":\"https:\/\/www.evimitasarla.net\/ev-dekorasyon-fikirleri-blog\/salon-dekorasyonunda-perde-secimi\/\"},\"author\":{\"name\":\"\u0130dil Erdo\u011fan\",\"@id\":\"https:\/\/www.evimitasarla.net\/ev-dekorasyon-fikirleri-blog\/#\/schema\/person\/b82040c405960c9fc2ef266b95463ac4\"},\"headline\":\"Salon Dekorasyonunda Perde Se\u00e7imi\",\"datePublished\":\"2019-07-01T06:23:18+00:00\",\"dateModified\":\"2023-05-26T13:35:20+00:00\",\"mainEntityOfPage\":{\"@id\":\"https:\/\/www.evimitasarla.net\/ev-dekorasyon-fikirleri-blog\/salon-dekorasyonunda-perde-secimi\/\"},\"wordCount\":406,\"commentCount\":0,\"publisher\":{\"@id\":\"https:\/\/www.evimitasarla.net\/ev-dekorasyon-fikirleri-blog\/#organization\"},\"image\":{\"@id\":\"https:\/\/www.evimitasarla.net\/ev-dekorasyon-fikirleri-blog\/salon-dekorasyonunda-perde-secimi\/#primaryimage\"},\"thumbnailUrl\":\"https:\/\/www.evimitasarla.net\/ev-dekorasyon-fikirleri-blog\/wp-content\/uploads\/2019\/07\/Salon-Dekorasyonunda-Perde-Se\u00e7imi.1.jpg\",\"articleSection\":[\"\u00c7e\u015fitli Dekorasyon \u00d6nerileri\",\"Ev Dekorasyonu\",\"Genel Dekorasyon Fikirleri\"],\"inLanguage\":\"tr\",\"potentialAction\":[{\"@type\":\"CommentAction\",\"name\":\"Comment\",\"target\":[\"https:\/\/www.evimitasarla.net\/ev-dekorasyon-fikirleri-blog\/salon-dekorasyonunda-perde-secimi\/#respond\"]}]},{\"@type\":\"WebPage\",\"@id\":\"https:\/\/www.evimitasarla.net\/ev-dekorasyon-fikirleri-blog\/salon-dekorasyonunda-perde-secimi\/\",\"url\":\"https:\/\/www.evimitasarla.net\/ev-dekorasyon-fikirleri-blog\/salon-dekorasyonunda-perde-secimi\/\",\"name\":\"Salon Dekorasyonunda Perde Se\u00e7imi - Ev Dekorasyon Fikirleri\",\"isPartOf\":{\"@id\":\"https:\/\/www.evimitasarla.net\/ev-dekorasyon-fikirleri-blog\/#website\"},\"primaryImageOfPage\":{\"@id\":\"https:\/\/www.evimitasarla.net\/ev-dekorasyon-fikirleri-blog\/salon-dekorasyonunda-perde-secimi\/#primaryimage\"},\"image\":{\"@id\":\"https:\/\/www.evimitasarla.net\/ev-dekorasyon-fikirleri-blog\/salon-dekorasyonunda-perde-secimi\/#primaryimage\"},\"thumbnailUrl\":\"https:\/\/www.evimitasarla.net\/ev-dekorasyon-fikirleri-blog\/wp-content\/uploads\/2019\/07\/Salon-Dekorasyonunda-Perde-Se\u00e7imi.1.jpg\",\"datePublished\":\"2019-07-01T06:23:18+00:00\",\"dateModified\":\"2023-05-26T13:35:20+00:00\",\"description\":\"Evinizi dekore ederken perdenizi nas\u0131l se\u00e7meli, nelere dikkat etmelisiniz? Perde evin tarz\u0131n\u0131 g\u00f6sterdi\u011finden elbette \u00e7ok \u00f6nemsiyorsunuz. \u0130\u015fte bu konuda size uzman \u00f6neriler;\",\"breadcrumb\":{\"@id\":\"https:\/\/www.evimitasarla.net\/ev-dekorasyon-fikirleri-blog\/salon-dekorasyonunda-perde-secimi\/#breadcrumb\"},\"inLanguage\":\"tr\",\"potentialAction\":[{\"@type\":\"ReadAction\",\"target\":[\"https:\/\/www.evimitasarla.net\/ev-dekorasyon-fikirleri-blog\/salon-dekorasyonunda-perde-secimi\/\"]}]},{\"@type\":\"ImageObject\",\"inLanguage\":\"tr\",\"@id\":\"https:\/\/www.evimitasarla.net\/ev-dekorasyon-fikirleri-blog\/salon-dekorasyonunda-perde-secimi\/#primaryimage\",\"url\":\"https:\/\/www.evimitasarla.net\/ev-dekorasyon-fikirleri-blog\/wp-content\/uploads\/2019\/07\/Salon-Dekorasyonunda-Perde-Se\u00e7imi.1.jpg\",\"contentUrl\":\"https:\/\/www.evimitasarla.net\/ev-dekorasyon-fikirleri-blog\/wp-content\/uploads\/2019\/07\/Salon-Dekorasyonunda-Perde-Se\u00e7imi.1.jpg\",\"width\":640,\"height\":429},{\"@type\":\"BreadcrumbList\",\"@id\":\"https:\/\/www.evimitasarla.net\/ev-dekorasyon-fikirleri-blog\/salon-dekorasyonunda-perde-secimi\/#breadcrumb\",\"itemListElement\":[{\"@type\":\"ListItem\",\"position\":1,\"name\":\"Ana sayfa\",\"item\":\"https:\/\/www.evimitasarla.net\/ev-dekorasyon-fikirleri-blog\/\"},{\"@type\":\"ListItem\",\"position\":2,\"name\":\"Ev Dekorasyonu\",\"item\":\"https:\/\/www.evimitasarla.net\/ev-dekorasyon-fikirleri-blog\/category\/ev-dekorasyonu\/\"},{\"@type\":\"ListItem\",\"position\":3,\"name\":\"Salon Dekorasyonunda Perde Se\u00e7imi\"}]},{\"@type\":\"WebSite\",\"@id\":\"https:\/\/www.evimitasarla.net\/ev-dekorasyon-fikirleri-blog\/#website\",\"url\":\"https:\/\/www.evimitasarla.net\/ev-dekorasyon-fikirleri-blog\/\",\"name\":\"Ev Dekorasyon Fikirleri\",\"description\":\"Evimi Tasarla\",\"publisher\":{\"@id\":\"https:\/\/www.evimitasarla.net\/ev-dekorasyon-fikirleri-blog\/#organization\"},\"potentialAction\":[{\"@type\":\"SearchAction\",\"target\":{\"@type\":\"EntryPoint\",\"urlTemplate\":\"https:\/\/www.evimitasarla.net\/ev-dekorasyon-fikirleri-blog\/?s={search_term_string}\"},\"query-input\":{\"@type\":\"PropertyValueSpecification\",\"valueRequired\":true,\"valueName\":\"search_term_string\"}}],\"inLanguage\":\"tr\"},{\"@type\":\"Organization\",\"@id\":\"https:\/\/www.evimitasarla.net\/ev-dekorasyon-fikirleri-blog\/#organization\",\"name\":\"Evimi Tasarla Online \u0130\u00e7 Mimarl\u0131k Hizmetleri\",\"url\":\"https:\/\/www.evimitasarla.net\/ev-dekorasyon-fikirleri-blog\/\",\"logo\":{\"@type\":\"ImageObject\",\"inLanguage\":\"tr\",\"@id\":\"https:\/\/www.evimitasarla.net\/ev-dekorasyon-fikirleri-blog\/#\/schema\/logo\/image\/\",\"url\":\"https:\/\/www.evimitasarla.net\/ev-dekorasyon-fikirleri-blog\/wp-content\/uploads\/2018\/12\/2018_ET_FinalLogoREV.jpg\",\"contentUrl\":\"https:\/\/www.evimitasarla.net\/ev-dekorasyon-fikirleri-blog\/wp-content\/uploads\/2018\/12\/2018_ET_FinalLogoREV.jpg\",\"width\":1063,\"height\":887,\"caption\":\"Evimi Tasarla Online \u0130\u00e7 Mimarl\u0131k Hizmetleri\"},\"image\":{\"@id\":\"https:\/\/www.evimitasarla.net\/ev-dekorasyon-fikirleri-blog\/#\/schema\/logo\/image\/\"},\"sameAs\":[\"https:\/\/www.instagram.com\/evimitasarla\/\",\"https:\/\/www.linkedin.com\/company\/evimitasarla.net\/\",\"https:\/\/tr.pinterest.com\/evimitasarlanet\/\",\"https:\/\/www.youtube.com\/channel\/UCZ7R9noTTMSTZHAPgD6NciA\"]},{\"@type\":\"Person\",\"@id\":\"https:\/\/www.evimitasarla.net\/ev-dekorasyon-fikirleri-blog\/#\/schema\/person\/b82040c405960c9fc2ef266b95463ac4\",\"name\":\"\u0130dil Erdo\u011fan\",\"image\":{\"@type\":\"ImageObject\",\"inLanguage\":\"tr\",\"@id\":\"https:\/\/www.evimitasarla.net\/ev-dekorasyon-fikirleri-blog\/#\/schema\/person\/image\/\",\"url\":\"https:\/\/secure.gravatar.com\/avatar\/b886834ff123b9dcf90360ffd360478dd7a9adb126a303012f514e8a20d1cbf6?s=96&d=mm&r=g\",\"contentUrl\":\"https:\/\/secure.gravatar.com\/avatar\/b886834ff123b9dcf90360ffd360478dd7a9adb126a303012f514e8a20d1cbf6?s=96&d=mm&r=g\",\"caption\":\"\u0130dil Erdo\u011fan\"},\"description\":\"\u0130dil Erdo\u011fan 1996 do\u011fumludur. E\u011fitimini \u0130stanbul Bilgi \u00dcniversitesi Mimarl\u0131k fak\u00fcltesinde tamamlam\u0131\u015ft\u0131r. EvimiTasarla'da Mimari S\u00fcperviz\u00f6r olarak g\u00f6revine devam etmektedir.\",\"url\":\"https:\/\/www.evimitasarla.net\/ev-dekorasyon-fikirleri-blog\/author\/idil\/\"}]}<\/script>\n<!-- \/ Yoast SEO plugin. -->","yoast_head_json":{"title":"Salon Dekorasyonunda Perde Se\u00e7imi - Ev Dekorasyon Fikirleri","description":"Evinizi dekore ederken perdenizi nas\u0131l se\u00e7meli, nelere dikkat etmelisiniz? Perde evin tarz\u0131n\u0131 g\u00f6sterdi\u011finden elbette \u00e7ok \u00f6nemsiyorsunuz. \u0130\u015fte bu konuda size uzman \u00f6neriler;","robots":{"index":"index","follow":"follow","max-snippet":"max-snippet:-1","max-image-preview":"max-image-preview:large","max-video-preview":"max-video-preview:-1"},"canonical":"https:\/\/www.evimitasarla.net\/ev-dekorasyon-fikirleri-blog\/salon-dekorasyonunda-perde-secimi\/","og_locale":"tr_TR","og_type":"article","og_title":"Salon Dekorasyonunda Perde Se\u00e7imi - Ev Dekorasyon Fikirleri","og_description":"Evinizi dekore ederken perdenizi nas\u0131l se\u00e7meli, nelere dikkat etmelisiniz? Perde evin tarz\u0131n\u0131 g\u00f6sterdi\u011finden elbette \u00e7ok \u00f6nemsiyorsunuz. \u0130\u015fte bu konuda size uzman \u00f6neriler;","og_url":"https:\/\/www.evimitasarla.net\/ev-dekorasyon-fikirleri-blog\/salon-dekorasyonunda-perde-secimi\/","og_site_name":"Ev Dekorasyon Fikirleri","article_published_time":"2019-07-01T06:23:18+00:00","article_modified_time":"2023-05-26T13:35:20+00:00","og_image":[{"width":640,"height":429,"url":"https:\/\/www.evimitasarla.net\/ev-dekorasyon-fikirleri-blog\/wp-content\/uploads\/2019\/07\/Salon-Dekorasyonunda-Perde-Se\u00e7imi.1.jpg","type":"image\/jpeg"}],"author":"\u0130dil Erdo\u011fan","twitter_card":"summary_large_image","twitter_misc":{"Yazan:":"\u0130dil Erdo\u011fan","Tahmini okuma s\u00fcresi":"2 dakika"},"schema":{"@context":"https:\/\/schema.org","@graph":[{"@type":"Article","@id":"https:\/\/www.evimitasarla.net\/ev-dekorasyon-fikirleri-blog\/salon-dekorasyonunda-perde-secimi\/#article","isPartOf":{"@id":"https:\/\/www.evimitasarla.net\/ev-dekorasyon-fikirleri-blog\/salon-dekorasyonunda-perde-secimi\/"},"author":{"name":"\u0130dil Erdo\u011fan","@id":"https:\/\/www.evimitasarla.net\/ev-dekorasyon-fikirleri-blog\/#\/schema\/person\/b82040c405960c9fc2ef266b95463ac4"},"headline":"Salon Dekorasyonunda Perde Se\u00e7imi","datePublished":"2019-07-01T06:23:18+00:00","dateModified":"2023-05-26T13:35:20+00:00","mainEntityOfPage":{"@id":"https:\/\/www.evimitasarla.net\/ev-dekorasyon-fikirleri-blog\/salon-dekorasyonunda-perde-secimi\/"},"wordCount":406,"commentCount":0,"publisher":{"@id":"https:\/\/www.evimitasarla.net\/ev-dekorasyon-fikirleri-blog\/#organization"},"image":{"@id":"https:\/\/www.evimitasarla.net\/ev-dekorasyon-fikirleri-blog\/salon-dekorasyonunda-perde-secimi\/#primaryimage"},"thumbnailUrl":"https:\/\/www.evimitasarla.net\/ev-dekorasyon-fikirleri-blog\/wp-content\/uploads\/2019\/07\/Salon-Dekorasyonunda-Perde-Se\u00e7imi.1.jpg","articleSection":["\u00c7e\u015fitli Dekorasyon \u00d6nerileri","Ev Dekorasyonu","Genel Dekorasyon Fikirleri"],"inLanguage":"tr","potentialAction":[{"@type":"CommentAction","name":"Comment","target":["https:\/\/www.evimitasarla.net\/ev-dekorasyon-fikirleri-blog\/salon-dekorasyonunda-perde-secimi\/#respond"]}]},{"@type":"WebPage","@id":"https:\/\/www.evimitasarla.net\/ev-dekorasyon-fikirleri-blog\/salon-dekorasyonunda-perde-secimi\/","url":"https:\/\/www.evimitasarla.net\/ev-dekorasyon-fikirleri-blog\/salon-dekorasyonunda-perde-secimi\/","name":"Salon Dekorasyonunda Perde Se\u00e7imi - Ev Dekorasyon Fikirleri","isPartOf":{"@id":"https:\/\/www.evimitasarla.net\/ev-dekorasyon-fikirleri-blog\/#website"},"primaryImageOfPage":{"@id":"https:\/\/www.evimitasarla.net\/ev-dekorasyon-fikirleri-blog\/salon-dekorasyonunda-perde-secimi\/#primaryimage"},"image":{"@id":"https:\/\/www.evimitasarla.net\/ev-dekorasyon-fikirleri-blog\/salon-dekorasyonunda-perde-secimi\/#primaryimage"},"thumbnailUrl":"https:\/\/www.evimitasarla.net\/ev-dekorasyon-fikirleri-blog\/wp-content\/uploads\/2019\/07\/Salon-Dekorasyonunda-Perde-Se\u00e7imi.1.jpg","datePublished":"2019-07-01T06:23:18+00:00","dateModified":"2023-05-26T13:35:20+00:00","description":"Evinizi dekore ederken perdenizi nas\u0131l se\u00e7meli, nelere dikkat etmelisiniz? Perde evin tarz\u0131n\u0131 g\u00f6sterdi\u011finden elbette \u00e7ok \u00f6nemsiyorsunuz. \u0130\u015fte bu konuda size uzman \u00f6neriler;","breadcrumb":{"@id":"https:\/\/www.evimitasarla.net\/ev-dekorasyon-fikirleri-blog\/salon-dekorasyonunda-perde-secimi\/#breadcrumb"},"inLanguage":"tr","potentialAction":[{"@type":"ReadAction","target":["https:\/\/www.evimitasarla.net\/ev-dekorasyon-fikirleri-blog\/salon-dekorasyonunda-perde-secimi\/"]}]},{"@type":"ImageObject","inLanguage":"tr","@id":"https:\/\/www.evimitasarla.net\/ev-dekorasyon-fikirleri-blog\/salon-dekorasyonunda-perde-secimi\/#primaryimage","url":"https:\/\/www.evimitasarla.net\/ev-dekorasyon-fikirleri-blog\/wp-content\/uploads\/2019\/07\/Salon-Dekorasyonunda-Perde-Se\u00e7imi.1.jpg","contentUrl":"https:\/\/www.evimitasarla.net\/ev-dekorasyon-fikirleri-blog\/wp-content\/uploads\/2019\/07\/Salon-Dekorasyonunda-Perde-Se\u00e7imi.1.jpg","width":640,"height":429},{"@type":"BreadcrumbList","@id":"https:\/\/www.evimitasarla.net\/ev-dekorasyon-fikirleri-blog\/salon-dekorasyonunda-perde-secimi\/#breadcrumb","itemListElement":[{"@type":"ListItem","position":1,"name":"Ana sayfa","item":"https:\/\/www.evimitasarla.net\/ev-dekorasyon-fikirleri-blog\/"},{"@type":"ListItem","position":2,"name":"Ev Dekorasyonu","item":"https:\/\/www.evimitasarla.net\/ev-dekorasyon-fikirleri-blog\/category\/ev-dekorasyonu\/"},{"@type":"ListItem","position":3,"name":"Salon Dekorasyonunda Perde Se\u00e7imi"}]},{"@type":"WebSite","@id":"https:\/\/www.evimitasarla.net\/ev-dekorasyon-fikirleri-blog\/#website","url":"https:\/\/www.evimitasarla.net\/ev-dekorasyon-fikirleri-blog\/","name":"Ev Dekorasyon Fikirleri","description":"Evimi Tasarla","publisher":{"@id":"https:\/\/www.evimitasarla.net\/ev-dekorasyon-fikirleri-blog\/#organization"},"potentialAction":[{"@type":"SearchAction","target":{"@type":"EntryPoint","urlTemplate":"https:\/\/www.evimitasarla.net\/ev-dekorasyon-fikirleri-blog\/?s={search_term_string}"},"query-input":{"@type":"PropertyValueSpecification","valueRequired":true,"valueName":"search_term_string"}}],"inLanguage":"tr"},{"@type":"Organization","@id":"https:\/\/www.evimitasarla.net\/ev-dekorasyon-fikirleri-blog\/#organization","name":"Evimi Tasarla Online \u0130\u00e7 Mimarl\u0131k Hizmetleri","url":"https:\/\/www.evimitasarla.net\/ev-dekorasyon-fikirleri-blog\/","logo":{"@type":"ImageObject","inLanguage":"tr","@id":"https:\/\/www.evimitasarla.net\/ev-dekorasyon-fikirleri-blog\/#\/schema\/logo\/image\/","url":"https:\/\/www.evimitasarla.net\/ev-dekorasyon-fikirleri-blog\/wp-content\/uploads\/2018\/12\/2018_ET_FinalLogoREV.jpg","contentUrl":"https:\/\/www.evimitasarla.net\/ev-dekorasyon-fikirleri-blog\/wp-content\/uploads\/2018\/12\/2018_ET_FinalLogoREV.jpg","width":1063,"height":887,"caption":"Evimi Tasarla Online \u0130\u00e7 Mimarl\u0131k Hizmetleri"},"image":{"@id":"https:\/\/www.evimitasarla.net\/ev-dekorasyon-fikirleri-blog\/#\/schema\/logo\/image\/"},"sameAs":["https:\/\/www.instagram.com\/evimitasarla\/","https:\/\/www.linkedin.com\/company\/evimitasarla.net\/","https:\/\/tr.pinterest.com\/evimitasarlanet\/","https:\/\/www.youtube.com\/channel\/UCZ7R9noTTMSTZHAPgD6NciA"]},{"@type":"Person","@id":"https:\/\/www.evimitasarla.net\/ev-dekorasyon-fikirleri-blog\/#\/schema\/person\/b82040c405960c9fc2ef266b95463ac4","name":"\u0130dil Erdo\u011fan","image":{"@type":"ImageObject","inLanguage":"tr","@id":"https:\/\/www.evimitasarla.net\/ev-dekorasyon-fikirleri-blog\/#\/schema\/person\/image\/","url":"https:\/\/secure.gravatar.com\/avatar\/b886834ff123b9dcf90360ffd360478dd7a9adb126a303012f514e8a20d1cbf6?s=96&d=mm&r=g","contentUrl":"https:\/\/secure.gravatar.com\/avatar\/b886834ff123b9dcf90360ffd360478dd7a9adb126a303012f514e8a20d1cbf6?s=96&d=mm&r=g","caption":"\u0130dil Erdo\u011fan"},"description":"\u0130dil Erdo\u011fan 1996 do\u011fumludur. E\u011fitimini \u0130stanbul Bilgi \u00dcniversitesi Mimarl\u0131k fak\u00fcltesinde tamamlam\u0131\u015ft\u0131r. EvimiTasarla'da Mimari S\u00fcperviz\u00f6r olarak g\u00f6revine devam etmektedir.","url":"https:\/\/www.evimitasarla.net\/ev-dekorasyon-fikirleri-blog\/author\/idil\/"}]}},"_links":{"self":[{"href":"https:\/\/www.evimitasarla.net\/ev-dekorasyon-fikirleri-blog\/wp-json\/wp\/v2\/posts\/2477","targetHints":{"allow":["GET"]}}],"collection":[{"href":"https:\/\/www.evimitasarla.net\/ev-dekorasyon-fikirleri-blog\/wp-json\/wp\/v2\/posts"}],"about":[{"href":"https:\/\/www.evimitasarla.net\/ev-dekorasyon-fikirleri-blog\/wp-json\/wp\/v2\/types\/post"}],"author":[{"embeddable":true,"href":"https:\/\/www.evimitasarla.net\/ev-dekorasyon-fikirleri-blog\/wp-json\/wp\/v2\/users\/3"}],"replies":[{"embeddable":true,"href":"https:\/\/www.evimitasarla.net\/ev-dekorasyon-fikirleri-blog\/wp-json\/wp\/v2\/comments?post=2477"}],"version-history":[{"count":4,"href":"https:\/\/www.evimitasarla.net\/ev-dekorasyon-fikirleri-blog\/wp-json\/wp\/v2\/posts\/2477\/revisions"}],"predecessor-version":[{"id":5090,"href":"https:\/\/www.evimitasarla.net\/ev-dekorasyon-fikirleri-blog\/wp-json\/wp\/v2\/posts\/2477\/revisions\/5090"}],"wp:featuredmedia":[{"embeddable":true,"href":"https:\/\/www.evimitasarla.net\/ev-dekorasyon-fikirleri-blog\/wp-json\/wp\/v2\/media\/2479"}],"wp:attachment":[{"href":"https:\/\/www.evimitasarla.net\/ev-dekorasyon-fikirleri-blog\/wp-json\/wp\/v2\/media?parent=2477"}],"wp:term":[{"taxonomy":"category","embeddable":true,"href":"https:\/\/www.evimitasarla.net\/ev-dekorasyon-fikirleri-blog\/wp-json\/wp\/v2\/categories?post=2477"},{"taxonomy":"post_tag","embeddable":true,"href":"https:\/\/www.evimitasarla.net\/ev-dekorasyon-fikirleri-blog\/wp-json\/wp\/v2\/tags?post=2477"}],"curies":[{"name":"wp","href":"https:\/\/api.w.org\/{rel}","templated":true}]}}