{"id":2407,"date":"2019-05-31T14:23:47","date_gmt":"2019-05-31T11:23:47","guid":{"rendered":"https:\/\/www.evimitasarla.net\/ev-dekorasyon-fikirleri-blog\/?p=2407"},"modified":"2023-01-19T13:01:54","modified_gmt":"2023-01-19T10:01:54","slug":"yasadigin-yeri-dekoratif-detaylarla-kisisellestir","status":"publish","type":"post","link":"https:\/\/www.evimitasarla.net\/ev-dekorasyon-fikirleri-blog\/yasadigin-yeri-dekoratif-detaylarla-kisisellestir\/","title":{"rendered":"Ya\u015fad\u0131\u011f\u0131n Yeri Dekoratif Detaylarla Ki\u015fiselle\u015ftir"},"content":{"rendered":"<p>Ev hepimizin \u00f6zel b\u00f6lgesi, gizli s\u0131\u011f\u0131na\u011f\u0131\u2026 Evinize ad\u0131m att\u0131\u011f\u0131n\u0131zda kendinizi herhangi bir yerde hissetmemek i\u00e7in ya\u015fam alanlar\u0131m\u0131z\u0131 d\u00f6nemin iyilerine g\u00f6re veya ak\u0131\u015f\u0131n trendlerine g\u00f6re dekore etmektense ki\u015fisel alg\u0131n\u0131z\u0131 huzurlu bir noktaya ta\u015f\u0131yabilecek, bakt\u0131k\u00e7a size ho\u015f gelecek \u015fekilde dekore etmek en do\u011fru olan\u0131\u2026<\/p>\n<p><a href=\"https:\/\/www.evimitasarla.net\/ev-dekorasyon-fikirleri-blog\/wp-content\/uploads\/2019\/05\/42481303be1a66d37ba457250884e780.jpg\"><img loading=\"lazy\" decoding=\"async\" class=\"wp-image-2414 alignleft\" src=\"https:\/\/www.evimitasarla.net\/ev-dekorasyon-fikirleri-blog\/wp-content\/uploads\/2019\/05\/42481303be1a66d37ba457250884e780-244x300.jpg\" alt=\"\" width=\"308\" height=\"378\" srcset=\"https:\/\/www.evimitasarla.net\/ev-dekorasyon-fikirleri-blog\/wp-content\/uploads\/2019\/05\/42481303be1a66d37ba457250884e780-244x300.jpg 244w, https:\/\/www.evimitasarla.net\/ev-dekorasyon-fikirleri-blog\/wp-content\/uploads\/2019\/05\/42481303be1a66d37ba457250884e780.jpg 563w\" sizes=\"auto, (max-width: 308px) 100vw, 308px\" \/><\/a><a href=\"https:\/\/www.evimitasarla.net\/ev-dekorasyon-fikirleri-blog\/wp-content\/uploads\/2019\/05\/c2b986bfe8edfbe96aa7dc8c92251566.jpg\"><img loading=\"lazy\" decoding=\"async\" class=\" wp-image-2413 alignleft\" src=\"https:\/\/www.evimitasarla.net\/ev-dekorasyon-fikirleri-blog\/wp-content\/uploads\/2019\/05\/c2b986bfe8edfbe96aa7dc8c92251566-241x300.jpg\" alt=\"\" width=\"305\" height=\"380\" srcset=\"https:\/\/www.evimitasarla.net\/ev-dekorasyon-fikirleri-blog\/wp-content\/uploads\/2019\/05\/c2b986bfe8edfbe96aa7dc8c92251566-241x300.jpg 241w, https:\/\/www.evimitasarla.net\/ev-dekorasyon-fikirleri-blog\/wp-content\/uploads\/2019\/05\/c2b986bfe8edfbe96aa7dc8c92251566.jpg 563w\" sizes=\"auto, (max-width: 305px) 100vw, 305px\" \/><\/a><\/p>\n<p>Renk de\u011fi\u015fimi, \u00f6zg\u00fcnl\u00fc\u011f\u00fc sa\u011flaman\u0131n en pratik ve h\u0131zl\u0131 y\u00f6ntemlerinden biri olarak g\u00f6r\u00fclebilir. Duvar boyalar\u0131nda ana renk kullan\u0131mlar\u0131ndansa \u0131\u015f\u0131\u011fa g\u00f6re de\u011fi\u015fen ara tonlar\u0131 kullanmak g\u00fcn\u00fcn farkl\u0131 saatlerinde fark\u0131 yaratmak i\u00e7in ak\u0131ll\u0131ca olabilir. \u00c7ok koyu tonlarda bunu sa\u011flamak zorla\u015faca\u011f\u0131ndan a\u00e7\u0131k tonlardan ilerlemekte fayda var. &nbsp;\u00d6zellikle mavi ve ye\u015filin tonlar\u0131nda bahsedilen farkl\u0131l\u0131\u011f\u0131 rahatl\u0131kla yakalayabilirsiniz.<\/p>\n<p><a href=\"https:\/\/www.evimitasarla.net\/ev-dekorasyon-fikirleri-blog\/wp-content\/uploads\/2019\/05\/308256b8cf3fef0a6918f1d8e15d51c2.jpg\"><img loading=\"lazy\" decoding=\"async\" class=\" wp-image-2416 alignleft\" src=\"https:\/\/www.evimitasarla.net\/ev-dekorasyon-fikirleri-blog\/wp-content\/uploads\/2019\/05\/308256b8cf3fef0a6918f1d8e15d51c2-234x300.jpg\" alt=\"\" width=\"301\" height=\"386\" srcset=\"https:\/\/www.evimitasarla.net\/ev-dekorasyon-fikirleri-blog\/wp-content\/uploads\/2019\/05\/308256b8cf3fef0a6918f1d8e15d51c2-234x300.jpg 234w, https:\/\/www.evimitasarla.net\/ev-dekorasyon-fikirleri-blog\/wp-content\/uploads\/2019\/05\/308256b8cf3fef0a6918f1d8e15d51c2.jpg 564w\" sizes=\"auto, (max-width: 301px) 100vw, 301px\" \/><\/a><a href=\"https:\/\/www.evimitasarla.net\/ev-dekorasyon-fikirleri-blog\/wp-content\/uploads\/2019\/05\/7ab09d0271cf81bee9d0cc5557bd21ff.jpg\"><img loading=\"lazy\" decoding=\"async\" class=\"wp-image-2415 alignleft\" src=\"https:\/\/www.evimitasarla.net\/ev-dekorasyon-fikirleri-blog\/wp-content\/uploads\/2019\/05\/7ab09d0271cf81bee9d0cc5557bd21ff-240x300.jpg\" alt=\"\" width=\"309\" height=\"386\" srcset=\"https:\/\/www.evimitasarla.net\/ev-dekorasyon-fikirleri-blog\/wp-content\/uploads\/2019\/05\/7ab09d0271cf81bee9d0cc5557bd21ff-240x300.jpg 240w, https:\/\/www.evimitasarla.net\/ev-dekorasyon-fikirleri-blog\/wp-content\/uploads\/2019\/05\/7ab09d0271cf81bee9d0cc5557bd21ff.jpg 564w\" sizes=\"auto, (max-width: 309px) 100vw, 309px\" \/><\/a><\/p>\n<p>&nbsp;<\/p>\n<p>&nbsp;<\/p>\n<p>&nbsp;<\/p>\n<p><a href=\"https:\/\/www.evimitasarla.net\/ev-dekorasyon-fikirleri-blog\/wp-content\/uploads\/2019\/05\/il_794xN.1446201493_3fa5.jpg\"><img loading=\"lazy\" decoding=\"async\" class=\"wp-image-2418 alignleft\" src=\"https:\/\/www.evimitasarla.net\/ev-dekorasyon-fikirleri-blog\/wp-content\/uploads\/2019\/05\/il_794xN.1446201493_3fa5-246x300.jpg\" alt=\"\" width=\"629\" height=\"768\" srcset=\"https:\/\/www.evimitasarla.net\/ev-dekorasyon-fikirleri-blog\/wp-content\/uploads\/2019\/05\/il_794xN.1446201493_3fa5-246x300.jpg 246w, https:\/\/www.evimitasarla.net\/ev-dekorasyon-fikirleri-blog\/wp-content\/uploads\/2019\/05\/il_794xN.1446201493_3fa5-768x937.jpg 768w, https:\/\/www.evimitasarla.net\/ev-dekorasyon-fikirleri-blog\/wp-content\/uploads\/2019\/05\/il_794xN.1446201493_3fa5.jpg 794w\" sizes=\"auto, (max-width: 629px) 100vw, 629px\" \/><\/a>Duvar d\u0131\u015f\u0131nda k\u00fc\u00e7\u00fck objelerin renklendirilmesi i\u015flemi de olduk\u00e7a kolay uygulanabilen ve ki\u015fisel mekan olu\u015fturmaya yard\u0131mc\u0131 olan bir y\u00f6ntem. \u00d6rne\u011fin saks\u0131 ve vazolar\u0131n\u0131z\u0131 boyayarak veya maskeleme band\u0131yla desenler olu\u015fturarak bu i\u015fleme ba\u015flayabilirsiniz.<\/p>\n<p>Renk kullan\u0131m\u0131yla birlikte desen kullan\u0131m\u0131 da mekan\u0131n ambiyans\u0131n\u0131 tamamen ki\u015fisel be\u011feni s\u0131n\u0131rlar\u0131 i\u00e7ine y\u00f6nlendirebilecek bir yakla\u015f\u0131m. Yast\u0131k k\u0131l\u0131f\u0131, vazo, masa \u00f6rt\u00fcs\u00fc, koltuk \u015fal\u0131 gibi \u00fcr\u00fcnlerle bu fark\u0131 yaratabilece\u011finiz gibi; duvar, merdiven basamak veya r\u0131htlar\u0131, zemin veya duvar seramiklerinde de b\u00fct\u00fcnsel olmayan fakat aralara serpi\u015ftirilmi\u015f \u00fcr\u00fcnlerle \u00f6zg\u00fcn bir stil olu\u015fturabilirsiniz. Bunlar\u0131n yan\u0131nda merdiven r\u0131htlar\u0131 i\u00e7in \u00f6zel olarak tasarlanm\u0131\u015f etnik desenli sticker\u2019lar do\u011fru uyguland\u0131\u011f\u0131nda g\u00fczel sonu\u00e7 verecektir.<a href=\"https:\/\/www.evimitasarla.net\/ev-dekorasyon-fikirleri-blog\/wp-content\/uploads\/2019\/05\/f7c668d961f009c0b7401cf75c386380.jpg\"><img loading=\"lazy\" decoding=\"async\" class=\"wp-image-2423 alignleft\" src=\"https:\/\/www.evimitasarla.net\/ev-dekorasyon-fikirleri-blog\/wp-content\/uploads\/2019\/05\/f7c668d961f009c0b7401cf75c386380-300x199.jpg\" alt=\"\" width=\"657\" height=\"435\" srcset=\"https:\/\/www.evimitasarla.net\/ev-dekorasyon-fikirleri-blog\/wp-content\/uploads\/2019\/05\/f7c668d961f009c0b7401cf75c386380-300x199.jpg 300w, https:\/\/www.evimitasarla.net\/ev-dekorasyon-fikirleri-blog\/wp-content\/uploads\/2019\/05\/f7c668d961f009c0b7401cf75c386380.jpg 563w\" sizes=\"auto, (max-width: 657px) 100vw, 657px\" \/><\/a><\/p>\n<p><a href=\"https:\/\/www.evimitasarla.net\/ev-dekorasyon-fikirleri-blog\/wp-content\/uploads\/2019\/05\/01857b2e33871a26881b915ae263dd26.jpg\"><img loading=\"lazy\" decoding=\"async\" class=\" wp-image-2421 alignleft\" src=\"https:\/\/www.evimitasarla.net\/ev-dekorasyon-fikirleri-blog\/wp-content\/uploads\/2019\/05\/01857b2e33871a26881b915ae263dd26-247x300.jpg\" alt=\"\" width=\"319\" height=\"387\" srcset=\"https:\/\/www.evimitasarla.net\/ev-dekorasyon-fikirleri-blog\/wp-content\/uploads\/2019\/05\/01857b2e33871a26881b915ae263dd26-247x300.jpg 247w, https:\/\/www.evimitasarla.net\/ev-dekorasyon-fikirleri-blog\/wp-content\/uploads\/2019\/05\/01857b2e33871a26881b915ae263dd26-180x217.jpg 180w, https:\/\/www.evimitasarla.net\/ev-dekorasyon-fikirleri-blog\/wp-content\/uploads\/2019\/05\/01857b2e33871a26881b915ae263dd26-368x445.jpg 368w, https:\/\/www.evimitasarla.net\/ev-dekorasyon-fikirleri-blog\/wp-content\/uploads\/2019\/05\/01857b2e33871a26881b915ae263dd26.jpg 563w\" sizes=\"auto, (max-width: 319px) 100vw, 319px\" \/><\/a> <a href=\"https:\/\/www.evimitasarla.net\/ev-dekorasyon-fikirleri-blog\/wp-content\/uploads\/2019\/05\/bd62b04e9913f9378f8d032868d6cf08.jpg\"><img loading=\"lazy\" decoding=\"async\" class=\"aligncenter wp-image-2422\" src=\"https:\/\/www.evimitasarla.net\/ev-dekorasyon-fikirleri-blog\/wp-content\/uploads\/2019\/05\/bd62b04e9913f9378f8d032868d6cf08-240x300.jpg\" alt=\"\" width=\"314\" height=\"392\" srcset=\"https:\/\/www.evimitasarla.net\/ev-dekorasyon-fikirleri-blog\/wp-content\/uploads\/2019\/05\/bd62b04e9913f9378f8d032868d6cf08-240x300.jpg 240w, https:\/\/www.evimitasarla.net\/ev-dekorasyon-fikirleri-blog\/wp-content\/uploads\/2019\/05\/bd62b04e9913f9378f8d032868d6cf08.jpg 564w\" sizes=\"auto, (max-width: 314px) 100vw, 314px\" \/><\/a><\/p>\n<p>Zeminde kaplama de\u011fi\u015fikli\u011fi genellikle zordur. Ancak elinizdekilerle de fark yaratabilirsiniz. \u00d6rne\u011fin mevcut hal\u0131 ve kilimlerinizi b\u00fcy\u00fckl\u00fc k\u00fc\u00e7\u00fckl\u00fc \u015fekilde \u00fcst \u00fcste koyup katmanlar olu\u015fturarak ilgin\u00e7 renk ge\u00e7i\u015fleri sa\u011flayabilir ya\u015fam alan\u0131n\u0131z\u0131n havas\u0131n\u0131 ba\u015fka bir boyuta ta\u015f\u0131yabilirsiniz.<br \/>\n<a href=\"https:\/\/www.evimitasarla.net\/ev-dekorasyon-fikirleri-blog\/wp-content\/uploads\/2019\/05\/5ed85c0b7afa29fd37015c7309e05bf2.jpg\"><img loading=\"lazy\" decoding=\"async\" class=\" wp-image-2425 alignleft\" src=\"https:\/\/www.evimitasarla.net\/ev-dekorasyon-fikirleri-blog\/wp-content\/uploads\/2019\/05\/5ed85c0b7afa29fd37015c7309e05bf2-200x300.jpg\" alt=\"\" width=\"277\" height=\"415\" srcset=\"https:\/\/www.evimitasarla.net\/ev-dekorasyon-fikirleri-blog\/wp-content\/uploads\/2019\/05\/5ed85c0b7afa29fd37015c7309e05bf2-200x300.jpg 200w, https:\/\/www.evimitasarla.net\/ev-dekorasyon-fikirleri-blog\/wp-content\/uploads\/2019\/05\/5ed85c0b7afa29fd37015c7309e05bf2.jpg 564w\" sizes=\"auto, (max-width: 277px) 100vw, 277px\" \/><\/a> <a href=\"https:\/\/www.evimitasarla.net\/ev-dekorasyon-fikirleri-blog\/wp-content\/uploads\/2019\/05\/ae4145864431727830186bfc7d8eddcc.jpg\"><img loading=\"lazy\" decoding=\"async\" class=\" wp-image-2426 alignleft\" src=\"https:\/\/www.evimitasarla.net\/ev-dekorasyon-fikirleri-blog\/wp-content\/uploads\/2019\/05\/ae4145864431727830186bfc7d8eddcc-240x300.jpg\" alt=\"\" width=\"336\" height=\"419\" srcset=\"https:\/\/www.evimitasarla.net\/ev-dekorasyon-fikirleri-blog\/wp-content\/uploads\/2019\/05\/ae4145864431727830186bfc7d8eddcc-240x300.jpg 240w, https:\/\/www.evimitasarla.net\/ev-dekorasyon-fikirleri-blog\/wp-content\/uploads\/2019\/05\/ae4145864431727830186bfc7d8eddcc.jpg 564w\" sizes=\"auto, (max-width: 336px) 100vw, 336px\" \/><\/a><\/p>\n<p>Mekana ye\u015fil katma fikri genellikle hepimizin sevdi\u011fi ve i\u00e7inde var olmak istedi\u011fi bir atmosfer&#8230; <a href=\"https:\/\/www.evimitasarla.net\/\">\u0130\u00e7 mekan tasar\u0131m\u0131nda<\/a> bitkilerinizi bir k\u00f6\u015fede toplayabilece\u011finiz gibi ayakl\u0131 saks\u0131larla veya meyve kasalar\u0131n\u0131 altl\u0131k olarak kullanarak farkl\u0131 noktalarda bulundurabilirsiniz.<br \/>\n<a href=\"https:\/\/www.evimitasarla.net\/ev-dekorasyon-fikirleri-blog\/wp-content\/uploads\/2019\/05\/014cbb99cbbe3e461161886693d35b4a.jpg\"><img loading=\"lazy\" decoding=\"async\" class=\" wp-image-2427 alignleft\" src=\"https:\/\/www.evimitasarla.net\/ev-dekorasyon-fikirleri-blog\/wp-content\/uploads\/2019\/05\/014cbb99cbbe3e461161886693d35b4a-225x300.jpg\" alt=\"\" width=\"305\" height=\"406\" srcset=\"https:\/\/www.evimitasarla.net\/ev-dekorasyon-fikirleri-blog\/wp-content\/uploads\/2019\/05\/014cbb99cbbe3e461161886693d35b4a-225x300.jpg 225w, https:\/\/www.evimitasarla.net\/ev-dekorasyon-fikirleri-blog\/wp-content\/uploads\/2019\/05\/014cbb99cbbe3e461161886693d35b4a.jpg 546w\" sizes=\"auto, (max-width: 305px) 100vw, 305px\" \/><\/a> <a href=\"https:\/\/www.evimitasarla.net\/ev-dekorasyon-fikirleri-blog\/wp-content\/uploads\/2019\/05\/a68c36ad9c6f19325aa09996d3d0a8c5.jpg\"><img loading=\"lazy\" decoding=\"async\" class=\" wp-image-2428 alignleft\" src=\"https:\/\/www.evimitasarla.net\/ev-dekorasyon-fikirleri-blog\/wp-content\/uploads\/2019\/05\/a68c36ad9c6f19325aa09996d3d0a8c5-225x300.jpg\" alt=\"\" width=\"306\" height=\"408\" srcset=\"https:\/\/www.evimitasarla.net\/ev-dekorasyon-fikirleri-blog\/wp-content\/uploads\/2019\/05\/a68c36ad9c6f19325aa09996d3d0a8c5-225x300.jpg 225w, https:\/\/www.evimitasarla.net\/ev-dekorasyon-fikirleri-blog\/wp-content\/uploads\/2019\/05\/a68c36ad9c6f19325aa09996d3d0a8c5.jpg 564w\" sizes=\"auto, (max-width: 306px) 100vw, 306px\" \/><\/a><\/p>\n<p>Salon, \u00e7al\u0131\u015fma odas\u0131, antre ya da mutfak duvarlar\u0131na da basit ve etkili dokunu\u015flarla m\u00fcdahale edebilirsiniz.&nbsp; Dekoratif tabak veya has\u0131r \u015fapkalarla s\u00fcsledi\u011finiz duvarlar\u0131n\u0131z mekana dinamik ve renkli bir ruh katacakt\u0131r.<a href=\"https:\/\/www.evimitasarla.net\/ev-dekorasyon-fikirleri-blog\/wp-content\/uploads\/2019\/05\/d58b9b1bdcc546310a4b1c260621ff64.jpg\"><img loading=\"lazy\" decoding=\"async\" class=\" wp-image-2430 alignleft\" src=\"https:\/\/www.evimitasarla.net\/ev-dekorasyon-fikirleri-blog\/wp-content\/uploads\/2019\/05\/d58b9b1bdcc546310a4b1c260621ff64-225x300.jpg\" alt=\"\" width=\"630\" height=\"839\" srcset=\"https:\/\/www.evimitasarla.net\/ev-dekorasyon-fikirleri-blog\/wp-content\/uploads\/2019\/05\/d58b9b1bdcc546310a4b1c260621ff64-225x300.jpg 225w, https:\/\/www.evimitasarla.net\/ev-dekorasyon-fikirleri-blog\/wp-content\/uploads\/2019\/05\/d58b9b1bdcc546310a4b1c260621ff64.jpg 550w\" sizes=\"auto, (max-width: 630px) 100vw, 630px\" \/><\/a><\/p>\n<p>Banyo gibi \u0131slak hacim mekanlar\u0131nda k\u00f6kl\u00fc de\u011fi\u015fiklikler yapmak daha zordur. Upcycling (ileri d\u00f6n\u00fc\u015f\u00fcm) \u00f6rne\u011fi olarak e\u011fer banyonuzda yeterli alan\u0131n\u0131z varsa kullanmad\u0131\u011f\u0131n\u0131z eski ah\u015fap merdiveninizi havluluk ya da raf olarak de\u011ferlendirebilirsiniz. B\u00f6ylelikle Retro stilin esintilerini <a href=\"https:\/\/www.evimitasarla.net\/ev-dekorasyon-fikirleri-blog\/wp-content\/uploads\/2019\/05\/16e419d0359ae0fea4b8159b9c4738eb.jpg\"><img loading=\"lazy\" decoding=\"async\" class=\" wp-image-2433 alignleft\" src=\"https:\/\/www.evimitasarla.net\/ev-dekorasyon-fikirleri-blog\/wp-content\/uploads\/2019\/05\/16e419d0359ae0fea4b8159b9c4738eb-205x300.jpg\" alt=\"\" width=\"301\" height=\"440\" srcset=\"https:\/\/www.evimitasarla.net\/ev-dekorasyon-fikirleri-blog\/wp-content\/uploads\/2019\/05\/16e419d0359ae0fea4b8159b9c4738eb-205x300.jpg 205w, https:\/\/www.evimitasarla.net\/ev-dekorasyon-fikirleri-blog\/wp-content\/uploads\/2019\/05\/16e419d0359ae0fea4b8159b9c4738eb.jpg 564w\" sizes=\"auto, (max-width: 301px) 100vw, 301px\" \/><\/a>banyolar\u0131n\u0131zda kuvvetlice hissettirebilirsiniz.<a href=\"https:\/\/www.evimitasarla.net\/ev-dekorasyon-fikirleri-blog\/wp-content\/uploads\/2019\/05\/9a935f18ac89b02663a2fa8e98249f70.jpg\"><img loading=\"lazy\" decoding=\"async\" class=\" wp-image-2432 alignleft\" src=\"https:\/\/www.evimitasarla.net\/ev-dekorasyon-fikirleri-blog\/wp-content\/uploads\/2019\/05\/9a935f18ac89b02663a2fa8e98249f70-216x300.jpg\" alt=\"\" width=\"309\" height=\"429\" srcset=\"https:\/\/www.evimitasarla.net\/ev-dekorasyon-fikirleri-blog\/wp-content\/uploads\/2019\/05\/9a935f18ac89b02663a2fa8e98249f70-216x300.jpg 216w, https:\/\/www.evimitasarla.net\/ev-dekorasyon-fikirleri-blog\/wp-content\/uploads\/2019\/05\/9a935f18ac89b02663a2fa8e98249f70.jpg 518w\" sizes=\"auto, (max-width: 309px) 100vw, 309px\" \/><\/a><\/p>\n<p>Mekansal de\u011fi\u015fimi sa\u011flaman\u0131n bir di\u011fer pratik yolu da ayd\u0131nlatma \u00fcr\u00fcnlerinin de\u011fi\u015fimi. Di\u011fer ana \u00fcr\u00fcn kalemlerinden maliyet\u00e7e daha d\u00fc\u015f\u00fck olmas\u0131n\u0131n yan\u0131 s\u0131ra genel atmosferi farkl\u0131 bir noktaya ta\u015f\u0131mak konusunda olduk\u00e7a ba\u015far\u0131l\u0131 bir y\u00f6ntem. Tavan ayd\u0131nlatmalar\u0131nda bu de\u011fi\u015fimi uygulayabilece\u011finiz gibi abajur ve lambader gibi mobil ayd\u0131nlatma \u00fcr\u00fcnleriyle de bu \u00f6zg\u00fcnl\u00fc\u011f\u00fc yakalayabilirsiniz.<br \/>\n<a href=\"https:\/\/www.evimitasarla.net\/ev-dekorasyon-fikirleri-blog\/wp-content\/uploads\/2019\/05\/19eb50c756bc3159faa300c5afafe272.jpg\"><img loading=\"lazy\" decoding=\"async\" class=\" wp-image-2434 alignleft\" src=\"https:\/\/www.evimitasarla.net\/ev-dekorasyon-fikirleri-blog\/wp-content\/uploads\/2019\/05\/19eb50c756bc3159faa300c5afafe272-183x300.jpg\" alt=\"\" width=\"293\" height=\"481\" srcset=\"https:\/\/www.evimitasarla.net\/ev-dekorasyon-fikirleri-blog\/wp-content\/uploads\/2019\/05\/19eb50c756bc3159faa300c5afafe272-183x300.jpg 183w, https:\/\/www.evimitasarla.net\/ev-dekorasyon-fikirleri-blog\/wp-content\/uploads\/2019\/05\/19eb50c756bc3159faa300c5afafe272.jpg 487w\" sizes=\"auto, (max-width: 293px) 100vw, 293px\" \/><\/a> <a href=\"https:\/\/www.evimitasarla.net\/ev-dekorasyon-fikirleri-blog\/wp-content\/uploads\/2019\/05\/d404742e6c7b96d4005c72425fcda8a0.jpg\"><img loading=\"lazy\" decoding=\"async\" class=\" wp-image-2435 alignleft\" src=\"https:\/\/www.evimitasarla.net\/ev-dekorasyon-fikirleri-blog\/wp-content\/uploads\/2019\/05\/d404742e6c7b96d4005c72425fcda8a0-200x300.jpg\" alt=\"\" width=\"319\" height=\"479\" srcset=\"https:\/\/www.evimitasarla.net\/ev-dekorasyon-fikirleri-blog\/wp-content\/uploads\/2019\/05\/d404742e6c7b96d4005c72425fcda8a0-200x300.jpg 200w, https:\/\/www.evimitasarla.net\/ev-dekorasyon-fikirleri-blog\/wp-content\/uploads\/2019\/05\/d404742e6c7b96d4005c72425fcda8a0.jpg 512w\" sizes=\"auto, (max-width: 319px) 100vw, 319px\" \/><\/a><\/p>\n","protected":false},"excerpt":{"rendered":"<p>Ev hepimizin \u00f6zel b\u00f6lgesi, gizli s\u0131\u011f\u0131na\u011f\u0131\u2026 Evinize ad\u0131m att\u0131\u011f\u0131n\u0131zda kendinizi herhangi bir yerde hissetmemek i\u00e7in ya\u015fam alanlar\u0131m\u0131z\u0131 d\u00f6nemin iyilerine g\u00f6re veya ak\u0131\u015f\u0131n trendlerine g\u00f6re dekore etmektense ki\u015fisel alg\u0131n\u0131z\u0131 huzurlu bir noktaya ta\u015f\u0131yabilecek, bakt\u0131k\u00e7a size ho\u015f gelecek \u015fekilde dekore etmek en do\u011fru olan\u0131\u2026 Renk de\u011fi\u015fimi, \u00f6zg\u00fcnl\u00fc\u011f\u00fc sa\u011flaman\u0131n en pratik ve h\u0131zl\u0131 y\u00f6ntemlerinden biri olarak g\u00f6r\u00fclebilir. Duvar &#8230; <a title=\"Ya\u015fad\u0131\u011f\u0131n Yeri Dekoratif Detaylarla Ki\u015fiselle\u015ftir\" class=\"read-more\" href=\"https:\/\/www.evimitasarla.net\/ev-dekorasyon-fikirleri-blog\/yasadigin-yeri-dekoratif-detaylarla-kisisellestir\/\" aria-label=\"Read more about Ya\u015fad\u0131\u011f\u0131n Yeri Dekoratif Detaylarla Ki\u015fiselle\u015ftir\">Read more<\/a><\/p>\n","protected":false},"author":5,"featured_media":2412,"comment_status":"open","ping_status":"open","sticky":false,"template":"","format":"standard","meta":{"footnotes":""},"categories":[25,1,80,21,20],"tags":[],"class_list":["post-2407","post","type-post","status-publish","format-standard","has-post-thumbnail","hentry","category-cesitli-dekorasyon-onerileri","category-ev-dekorasyonu","category-genel-dekorasyon-fikirleri","category-kendin-yap-dekorasyon","category-pratik-ev-dekorasyon-fikirleri","infinite-scroll-item","masonry-post","generate-columns","tablet-grid-50","mobile-grid-100","grid-parent","grid-33"],"yoast_head":"<!-- This site is optimized with the Yoast SEO plugin v26.4 - https:\/\/yoast.com\/wordpress\/plugins\/seo\/ -->\n<title>Ya\u015fad\u0131\u011f\u0131n Yeri Dekoratif Detaylarla Ki\u015fiselle\u015ftir - Ev Dekorasyon Fikirleri<\/title>\n<meta name=\"description\" content=\"Evde kolay uygulanabilir tasar\u0131m fikirleri ile evinizi, ya\u015fad\u0131\u011f\u0131n\u0131z yeri ufak ayr\u0131nt\u0131larla dekore edip ki\u015fiselle\u015ftirebilirsiniz. Hemen \u00f6rneklere g\u00f6z at!\" \/>\n<meta name=\"robots\" content=\"index, follow, max-snippet:-1, max-image-preview:large, max-video-preview:-1\" \/>\n<link rel=\"canonical\" href=\"https:\/\/www.evimitasarla.net\/ev-dekorasyon-fikirleri-blog\/yasadigin-yeri-dekoratif-detaylarla-kisisellestir\/\" \/>\n<meta property=\"og:locale\" content=\"tr_TR\" \/>\n<meta property=\"og:type\" content=\"article\" \/>\n<meta property=\"og:title\" content=\"Ya\u015fad\u0131\u011f\u0131n Yeri Dekoratif Detaylarla Ki\u015fiselle\u015ftir - Ev Dekorasyon Fikirleri\" \/>\n<meta property=\"og:description\" content=\"Evde kolay uygulanabilir tasar\u0131m fikirleri ile evinizi, ya\u015fad\u0131\u011f\u0131n\u0131z yeri ufak ayr\u0131nt\u0131larla dekore edip ki\u015fiselle\u015ftirebilirsiniz. Hemen \u00f6rneklere g\u00f6z at!\" \/>\n<meta property=\"og:url\" content=\"https:\/\/www.evimitasarla.net\/ev-dekorasyon-fikirleri-blog\/yasadigin-yeri-dekoratif-detaylarla-kisisellestir\/\" \/>\n<meta property=\"og:site_name\" content=\"Ev Dekorasyon Fikirleri\" \/>\n<meta property=\"article:published_time\" content=\"2019-05-31T11:23:47+00:00\" \/>\n<meta property=\"article:modified_time\" content=\"2023-01-19T10:01:54+00:00\" \/>\n<meta property=\"og:image\" content=\"https:\/\/www.evimitasarla.net\/ev-dekorasyon-fikirleri-blog\/wp-content\/uploads\/2019\/05\/c5.jpg\" \/>\n\t<meta property=\"og:image:width\" content=\"850\" \/>\n\t<meta property=\"og:image:height\" content=\"490\" \/>\n\t<meta property=\"og:image:type\" content=\"image\/jpeg\" \/>\n<meta name=\"author\" content=\"Serlin Zadik\" \/>\n<meta name=\"twitter:card\" content=\"summary_large_image\" \/>\n<meta name=\"twitter:label1\" content=\"Yazan:\" \/>\n\t<meta name=\"twitter:data1\" content=\"Serlin Zadik\" \/>\n\t<meta name=\"twitter:label2\" content=\"Tahmini okuma s\u00fcresi\" \/>\n\t<meta name=\"twitter:data2\" content=\"3 dakika\" \/>\n<script type=\"application\/ld+json\" class=\"yoast-schema-graph\">{\"@context\":\"https:\/\/schema.org\",\"@graph\":[{\"@type\":\"Article\",\"@id\":\"https:\/\/www.evimitasarla.net\/ev-dekorasyon-fikirleri-blog\/yasadigin-yeri-dekoratif-detaylarla-kisisellestir\/#article\",\"isPartOf\":{\"@id\":\"https:\/\/www.evimitasarla.net\/ev-dekorasyon-fikirleri-blog\/yasadigin-yeri-dekoratif-detaylarla-kisisellestir\/\"},\"author\":{\"name\":\"Serlin Zadik\",\"@id\":\"https:\/\/www.evimitasarla.net\/ev-dekorasyon-fikirleri-blog\/#\/schema\/person\/0be7c812cb0acf42fb58e6a49eb3adeb\"},\"headline\":\"Ya\u015fad\u0131\u011f\u0131n Yeri Dekoratif Detaylarla Ki\u015fiselle\u015ftir\",\"datePublished\":\"2019-05-31T11:23:47+00:00\",\"dateModified\":\"2023-01-19T10:01:54+00:00\",\"mainEntityOfPage\":{\"@id\":\"https:\/\/www.evimitasarla.net\/ev-dekorasyon-fikirleri-blog\/yasadigin-yeri-dekoratif-detaylarla-kisisellestir\/\"},\"wordCount\":565,\"commentCount\":0,\"publisher\":{\"@id\":\"https:\/\/www.evimitasarla.net\/ev-dekorasyon-fikirleri-blog\/#organization\"},\"image\":{\"@id\":\"https:\/\/www.evimitasarla.net\/ev-dekorasyon-fikirleri-blog\/yasadigin-yeri-dekoratif-detaylarla-kisisellestir\/#primaryimage\"},\"thumbnailUrl\":\"https:\/\/www.evimitasarla.net\/ev-dekorasyon-fikirleri-blog\/wp-content\/uploads\/2019\/05\/c5.jpg\",\"articleSection\":[\"\u00c7e\u015fitli Dekorasyon \u00d6nerileri\",\"Ev Dekorasyonu\",\"Genel Dekorasyon Fikirleri\",\"Kendin Yap\",\"Pratik Fikirler\"],\"inLanguage\":\"tr\",\"potentialAction\":[{\"@type\":\"CommentAction\",\"name\":\"Comment\",\"target\":[\"https:\/\/www.evimitasarla.net\/ev-dekorasyon-fikirleri-blog\/yasadigin-yeri-dekoratif-detaylarla-kisisellestir\/#respond\"]}]},{\"@type\":\"WebPage\",\"@id\":\"https:\/\/www.evimitasarla.net\/ev-dekorasyon-fikirleri-blog\/yasadigin-yeri-dekoratif-detaylarla-kisisellestir\/\",\"url\":\"https:\/\/www.evimitasarla.net\/ev-dekorasyon-fikirleri-blog\/yasadigin-yeri-dekoratif-detaylarla-kisisellestir\/\",\"name\":\"Ya\u015fad\u0131\u011f\u0131n Yeri Dekoratif Detaylarla Ki\u015fiselle\u015ftir - Ev Dekorasyon Fikirleri\",\"isPartOf\":{\"@id\":\"https:\/\/www.evimitasarla.net\/ev-dekorasyon-fikirleri-blog\/#website\"},\"primaryImageOfPage\":{\"@id\":\"https:\/\/www.evimitasarla.net\/ev-dekorasyon-fikirleri-blog\/yasadigin-yeri-dekoratif-detaylarla-kisisellestir\/#primaryimage\"},\"image\":{\"@id\":\"https:\/\/www.evimitasarla.net\/ev-dekorasyon-fikirleri-blog\/yasadigin-yeri-dekoratif-detaylarla-kisisellestir\/#primaryimage\"},\"thumbnailUrl\":\"https:\/\/www.evimitasarla.net\/ev-dekorasyon-fikirleri-blog\/wp-content\/uploads\/2019\/05\/c5.jpg\",\"datePublished\":\"2019-05-31T11:23:47+00:00\",\"dateModified\":\"2023-01-19T10:01:54+00:00\",\"description\":\"Evde kolay uygulanabilir tasar\u0131m fikirleri ile evinizi, ya\u015fad\u0131\u011f\u0131n\u0131z yeri ufak ayr\u0131nt\u0131larla dekore edip ki\u015fiselle\u015ftirebilirsiniz. Hemen \u00f6rneklere g\u00f6z at!\",\"breadcrumb\":{\"@id\":\"https:\/\/www.evimitasarla.net\/ev-dekorasyon-fikirleri-blog\/yasadigin-yeri-dekoratif-detaylarla-kisisellestir\/#breadcrumb\"},\"inLanguage\":\"tr\",\"potentialAction\":[{\"@type\":\"ReadAction\",\"target\":[\"https:\/\/www.evimitasarla.net\/ev-dekorasyon-fikirleri-blog\/yasadigin-yeri-dekoratif-detaylarla-kisisellestir\/\"]}]},{\"@type\":\"ImageObject\",\"inLanguage\":\"tr\",\"@id\":\"https:\/\/www.evimitasarla.net\/ev-dekorasyon-fikirleri-blog\/yasadigin-yeri-dekoratif-detaylarla-kisisellestir\/#primaryimage\",\"url\":\"https:\/\/www.evimitasarla.net\/ev-dekorasyon-fikirleri-blog\/wp-content\/uploads\/2019\/05\/c5.jpg\",\"contentUrl\":\"https:\/\/www.evimitasarla.net\/ev-dekorasyon-fikirleri-blog\/wp-content\/uploads\/2019\/05\/c5.jpg\",\"width\":850,\"height\":490},{\"@type\":\"BreadcrumbList\",\"@id\":\"https:\/\/www.evimitasarla.net\/ev-dekorasyon-fikirleri-blog\/yasadigin-yeri-dekoratif-detaylarla-kisisellestir\/#breadcrumb\",\"itemListElement\":[{\"@type\":\"ListItem\",\"position\":1,\"name\":\"Ana sayfa\",\"item\":\"https:\/\/www.evimitasarla.net\/ev-dekorasyon-fikirleri-blog\/\"},{\"@type\":\"ListItem\",\"position\":2,\"name\":\"Ev Dekorasyonu\",\"item\":\"https:\/\/www.evimitasarla.net\/ev-dekorasyon-fikirleri-blog\/category\/ev-dekorasyonu\/\"},{\"@type\":\"ListItem\",\"position\":3,\"name\":\"Ya\u015fad\u0131\u011f\u0131n Yeri Dekoratif Detaylarla Ki\u015fiselle\u015ftir\"}]},{\"@type\":\"WebSite\",\"@id\":\"https:\/\/www.evimitasarla.net\/ev-dekorasyon-fikirleri-blog\/#website\",\"url\":\"https:\/\/www.evimitasarla.net\/ev-dekorasyon-fikirleri-blog\/\",\"name\":\"Ev Dekorasyon Fikirleri\",\"description\":\"Evimi Tasarla\",\"publisher\":{\"@id\":\"https:\/\/www.evimitasarla.net\/ev-dekorasyon-fikirleri-blog\/#organization\"},\"potentialAction\":[{\"@type\":\"SearchAction\",\"target\":{\"@type\":\"EntryPoint\",\"urlTemplate\":\"https:\/\/www.evimitasarla.net\/ev-dekorasyon-fikirleri-blog\/?s={search_term_string}\"},\"query-input\":{\"@type\":\"PropertyValueSpecification\",\"valueRequired\":true,\"valueName\":\"search_term_string\"}}],\"inLanguage\":\"tr\"},{\"@type\":\"Organization\",\"@id\":\"https:\/\/www.evimitasarla.net\/ev-dekorasyon-fikirleri-blog\/#organization\",\"name\":\"Evimi Tasarla Online \u0130\u00e7 Mimarl\u0131k Hizmetleri\",\"url\":\"https:\/\/www.evimitasarla.net\/ev-dekorasyon-fikirleri-blog\/\",\"logo\":{\"@type\":\"ImageObject\",\"inLanguage\":\"tr\",\"@id\":\"https:\/\/www.evimitasarla.net\/ev-dekorasyon-fikirleri-blog\/#\/schema\/logo\/image\/\",\"url\":\"https:\/\/www.evimitasarla.net\/ev-dekorasyon-fikirleri-blog\/wp-content\/uploads\/2018\/12\/2018_ET_FinalLogoREV.jpg\",\"contentUrl\":\"https:\/\/www.evimitasarla.net\/ev-dekorasyon-fikirleri-blog\/wp-content\/uploads\/2018\/12\/2018_ET_FinalLogoREV.jpg\",\"width\":1063,\"height\":887,\"caption\":\"Evimi Tasarla Online \u0130\u00e7 Mimarl\u0131k Hizmetleri\"},\"image\":{\"@id\":\"https:\/\/www.evimitasarla.net\/ev-dekorasyon-fikirleri-blog\/#\/schema\/logo\/image\/\"},\"sameAs\":[\"https:\/\/www.instagram.com\/evimitasarla\/\",\"https:\/\/www.linkedin.com\/company\/evimitasarla.net\/\",\"https:\/\/tr.pinterest.com\/evimitasarlanet\/\",\"https:\/\/www.youtube.com\/channel\/UCZ7R9noTTMSTZHAPgD6NciA\"]},{\"@type\":\"Person\",\"@id\":\"https:\/\/www.evimitasarla.net\/ev-dekorasyon-fikirleri-blog\/#\/schema\/person\/0be7c812cb0acf42fb58e6a49eb3adeb\",\"name\":\"Serlin Zadik\",\"image\":{\"@type\":\"ImageObject\",\"inLanguage\":\"tr\",\"@id\":\"https:\/\/www.evimitasarla.net\/ev-dekorasyon-fikirleri-blog\/#\/schema\/person\/image\/\",\"url\":\"https:\/\/secure.gravatar.com\/avatar\/d4e2ade20bc5009214eadbad5c5a3cc56eb109c54c9f025eef00688018088992?s=96&d=mm&r=g\",\"contentUrl\":\"https:\/\/secure.gravatar.com\/avatar\/d4e2ade20bc5009214eadbad5c5a3cc56eb109c54c9f025eef00688018088992?s=96&d=mm&r=g\",\"caption\":\"Serlin Zadik\"},\"description\":\"Serlin Zadik 1996 \u0130stanbul do\u011fumludur. E\u011fitimini \u0130stanbul Bilgi \u00dcniversitesi Mimarl\u0131k fak\u00fcltesinde tamamlam\u0131\u015ft\u0131r. Pozitif Mimarl\u0131k ve EvimiTasarla'da Mimar olarak g\u00f6revine devam etmektedir.\",\"url\":\"https:\/\/www.evimitasarla.net\/ev-dekorasyon-fikirleri-blog\/author\/serlin\/\"}]}<\/script>\n<!-- \/ Yoast SEO plugin. -->","yoast_head_json":{"title":"Ya\u015fad\u0131\u011f\u0131n Yeri Dekoratif Detaylarla Ki\u015fiselle\u015ftir - Ev Dekorasyon Fikirleri","description":"Evde kolay uygulanabilir tasar\u0131m fikirleri ile evinizi, ya\u015fad\u0131\u011f\u0131n\u0131z yeri ufak ayr\u0131nt\u0131larla dekore edip ki\u015fiselle\u015ftirebilirsiniz. Hemen \u00f6rneklere g\u00f6z at!","robots":{"index":"index","follow":"follow","max-snippet":"max-snippet:-1","max-image-preview":"max-image-preview:large","max-video-preview":"max-video-preview:-1"},"canonical":"https:\/\/www.evimitasarla.net\/ev-dekorasyon-fikirleri-blog\/yasadigin-yeri-dekoratif-detaylarla-kisisellestir\/","og_locale":"tr_TR","og_type":"article","og_title":"Ya\u015fad\u0131\u011f\u0131n Yeri Dekoratif Detaylarla Ki\u015fiselle\u015ftir - Ev Dekorasyon Fikirleri","og_description":"Evde kolay uygulanabilir tasar\u0131m fikirleri ile evinizi, ya\u015fad\u0131\u011f\u0131n\u0131z yeri ufak ayr\u0131nt\u0131larla dekore edip ki\u015fiselle\u015ftirebilirsiniz. Hemen \u00f6rneklere g\u00f6z at!","og_url":"https:\/\/www.evimitasarla.net\/ev-dekorasyon-fikirleri-blog\/yasadigin-yeri-dekoratif-detaylarla-kisisellestir\/","og_site_name":"Ev Dekorasyon Fikirleri","article_published_time":"2019-05-31T11:23:47+00:00","article_modified_time":"2023-01-19T10:01:54+00:00","og_image":[{"width":850,"height":490,"url":"https:\/\/www.evimitasarla.net\/ev-dekorasyon-fikirleri-blog\/wp-content\/uploads\/2019\/05\/c5.jpg","type":"image\/jpeg"}],"author":"Serlin Zadik","twitter_card":"summary_large_image","twitter_misc":{"Yazan:":"Serlin Zadik","Tahmini okuma s\u00fcresi":"3 dakika"},"schema":{"@context":"https:\/\/schema.org","@graph":[{"@type":"Article","@id":"https:\/\/www.evimitasarla.net\/ev-dekorasyon-fikirleri-blog\/yasadigin-yeri-dekoratif-detaylarla-kisisellestir\/#article","isPartOf":{"@id":"https:\/\/www.evimitasarla.net\/ev-dekorasyon-fikirleri-blog\/yasadigin-yeri-dekoratif-detaylarla-kisisellestir\/"},"author":{"name":"Serlin Zadik","@id":"https:\/\/www.evimitasarla.net\/ev-dekorasyon-fikirleri-blog\/#\/schema\/person\/0be7c812cb0acf42fb58e6a49eb3adeb"},"headline":"Ya\u015fad\u0131\u011f\u0131n Yeri Dekoratif Detaylarla Ki\u015fiselle\u015ftir","datePublished":"2019-05-31T11:23:47+00:00","dateModified":"2023-01-19T10:01:54+00:00","mainEntityOfPage":{"@id":"https:\/\/www.evimitasarla.net\/ev-dekorasyon-fikirleri-blog\/yasadigin-yeri-dekoratif-detaylarla-kisisellestir\/"},"wordCount":565,"commentCount":0,"publisher":{"@id":"https:\/\/www.evimitasarla.net\/ev-dekorasyon-fikirleri-blog\/#organization"},"image":{"@id":"https:\/\/www.evimitasarla.net\/ev-dekorasyon-fikirleri-blog\/yasadigin-yeri-dekoratif-detaylarla-kisisellestir\/#primaryimage"},"thumbnailUrl":"https:\/\/www.evimitasarla.net\/ev-dekorasyon-fikirleri-blog\/wp-content\/uploads\/2019\/05\/c5.jpg","articleSection":["\u00c7e\u015fitli Dekorasyon \u00d6nerileri","Ev Dekorasyonu","Genel Dekorasyon Fikirleri","Kendin Yap","Pratik Fikirler"],"inLanguage":"tr","potentialAction":[{"@type":"CommentAction","name":"Comment","target":["https:\/\/www.evimitasarla.net\/ev-dekorasyon-fikirleri-blog\/yasadigin-yeri-dekoratif-detaylarla-kisisellestir\/#respond"]}]},{"@type":"WebPage","@id":"https:\/\/www.evimitasarla.net\/ev-dekorasyon-fikirleri-blog\/yasadigin-yeri-dekoratif-detaylarla-kisisellestir\/","url":"https:\/\/www.evimitasarla.net\/ev-dekorasyon-fikirleri-blog\/yasadigin-yeri-dekoratif-detaylarla-kisisellestir\/","name":"Ya\u015fad\u0131\u011f\u0131n Yeri Dekoratif Detaylarla Ki\u015fiselle\u015ftir - Ev Dekorasyon Fikirleri","isPartOf":{"@id":"https:\/\/www.evimitasarla.net\/ev-dekorasyon-fikirleri-blog\/#website"},"primaryImageOfPage":{"@id":"https:\/\/www.evimitasarla.net\/ev-dekorasyon-fikirleri-blog\/yasadigin-yeri-dekoratif-detaylarla-kisisellestir\/#primaryimage"},"image":{"@id":"https:\/\/www.evimitasarla.net\/ev-dekorasyon-fikirleri-blog\/yasadigin-yeri-dekoratif-detaylarla-kisisellestir\/#primaryimage"},"thumbnailUrl":"https:\/\/www.evimitasarla.net\/ev-dekorasyon-fikirleri-blog\/wp-content\/uploads\/2019\/05\/c5.jpg","datePublished":"2019-05-31T11:23:47+00:00","dateModified":"2023-01-19T10:01:54+00:00","description":"Evde kolay uygulanabilir tasar\u0131m fikirleri ile evinizi, ya\u015fad\u0131\u011f\u0131n\u0131z yeri ufak ayr\u0131nt\u0131larla dekore edip ki\u015fiselle\u015ftirebilirsiniz. Hemen \u00f6rneklere g\u00f6z at!","breadcrumb":{"@id":"https:\/\/www.evimitasarla.net\/ev-dekorasyon-fikirleri-blog\/yasadigin-yeri-dekoratif-detaylarla-kisisellestir\/#breadcrumb"},"inLanguage":"tr","potentialAction":[{"@type":"ReadAction","target":["https:\/\/www.evimitasarla.net\/ev-dekorasyon-fikirleri-blog\/yasadigin-yeri-dekoratif-detaylarla-kisisellestir\/"]}]},{"@type":"ImageObject","inLanguage":"tr","@id":"https:\/\/www.evimitasarla.net\/ev-dekorasyon-fikirleri-blog\/yasadigin-yeri-dekoratif-detaylarla-kisisellestir\/#primaryimage","url":"https:\/\/www.evimitasarla.net\/ev-dekorasyon-fikirleri-blog\/wp-content\/uploads\/2019\/05\/c5.jpg","contentUrl":"https:\/\/www.evimitasarla.net\/ev-dekorasyon-fikirleri-blog\/wp-content\/uploads\/2019\/05\/c5.jpg","width":850,"height":490},{"@type":"BreadcrumbList","@id":"https:\/\/www.evimitasarla.net\/ev-dekorasyon-fikirleri-blog\/yasadigin-yeri-dekoratif-detaylarla-kisisellestir\/#breadcrumb","itemListElement":[{"@type":"ListItem","position":1,"name":"Ana sayfa","item":"https:\/\/www.evimitasarla.net\/ev-dekorasyon-fikirleri-blog\/"},{"@type":"ListItem","position":2,"name":"Ev Dekorasyonu","item":"https:\/\/www.evimitasarla.net\/ev-dekorasyon-fikirleri-blog\/category\/ev-dekorasyonu\/"},{"@type":"ListItem","position":3,"name":"Ya\u015fad\u0131\u011f\u0131n Yeri Dekoratif Detaylarla Ki\u015fiselle\u015ftir"}]},{"@type":"WebSite","@id":"https:\/\/www.evimitasarla.net\/ev-dekorasyon-fikirleri-blog\/#website","url":"https:\/\/www.evimitasarla.net\/ev-dekorasyon-fikirleri-blog\/","name":"Ev Dekorasyon Fikirleri","description":"Evimi Tasarla","publisher":{"@id":"https:\/\/www.evimitasarla.net\/ev-dekorasyon-fikirleri-blog\/#organization"},"potentialAction":[{"@type":"SearchAction","target":{"@type":"EntryPoint","urlTemplate":"https:\/\/www.evimitasarla.net\/ev-dekorasyon-fikirleri-blog\/?s={search_term_string}"},"query-input":{"@type":"PropertyValueSpecification","valueRequired":true,"valueName":"search_term_string"}}],"inLanguage":"tr"},{"@type":"Organization","@id":"https:\/\/www.evimitasarla.net\/ev-dekorasyon-fikirleri-blog\/#organization","name":"Evimi Tasarla Online \u0130\u00e7 Mimarl\u0131k Hizmetleri","url":"https:\/\/www.evimitasarla.net\/ev-dekorasyon-fikirleri-blog\/","logo":{"@type":"ImageObject","inLanguage":"tr","@id":"https:\/\/www.evimitasarla.net\/ev-dekorasyon-fikirleri-blog\/#\/schema\/logo\/image\/","url":"https:\/\/www.evimitasarla.net\/ev-dekorasyon-fikirleri-blog\/wp-content\/uploads\/2018\/12\/2018_ET_FinalLogoREV.jpg","contentUrl":"https:\/\/www.evimitasarla.net\/ev-dekorasyon-fikirleri-blog\/wp-content\/uploads\/2018\/12\/2018_ET_FinalLogoREV.jpg","width":1063,"height":887,"caption":"Evimi Tasarla Online \u0130\u00e7 Mimarl\u0131k Hizmetleri"},"image":{"@id":"https:\/\/www.evimitasarla.net\/ev-dekorasyon-fikirleri-blog\/#\/schema\/logo\/image\/"},"sameAs":["https:\/\/www.instagram.com\/evimitasarla\/","https:\/\/www.linkedin.com\/company\/evimitasarla.net\/","https:\/\/tr.pinterest.com\/evimitasarlanet\/","https:\/\/www.youtube.com\/channel\/UCZ7R9noTTMSTZHAPgD6NciA"]},{"@type":"Person","@id":"https:\/\/www.evimitasarla.net\/ev-dekorasyon-fikirleri-blog\/#\/schema\/person\/0be7c812cb0acf42fb58e6a49eb3adeb","name":"Serlin Zadik","image":{"@type":"ImageObject","inLanguage":"tr","@id":"https:\/\/www.evimitasarla.net\/ev-dekorasyon-fikirleri-blog\/#\/schema\/person\/image\/","url":"https:\/\/secure.gravatar.com\/avatar\/d4e2ade20bc5009214eadbad5c5a3cc56eb109c54c9f025eef00688018088992?s=96&d=mm&r=g","contentUrl":"https:\/\/secure.gravatar.com\/avatar\/d4e2ade20bc5009214eadbad5c5a3cc56eb109c54c9f025eef00688018088992?s=96&d=mm&r=g","caption":"Serlin Zadik"},"description":"Serlin Zadik 1996 \u0130stanbul do\u011fumludur. E\u011fitimini \u0130stanbul Bilgi \u00dcniversitesi Mimarl\u0131k fak\u00fcltesinde tamamlam\u0131\u015ft\u0131r. Pozitif Mimarl\u0131k ve EvimiTasarla'da Mimar olarak g\u00f6revine devam etmektedir.","url":"https:\/\/www.evimitasarla.net\/ev-dekorasyon-fikirleri-blog\/author\/serlin\/"}]}},"_links":{"self":[{"href":"https:\/\/www.evimitasarla.net\/ev-dekorasyon-fikirleri-blog\/wp-json\/wp\/v2\/posts\/2407","targetHints":{"allow":["GET"]}}],"collection":[{"href":"https:\/\/www.evimitasarla.net\/ev-dekorasyon-fikirleri-blog\/wp-json\/wp\/v2\/posts"}],"about":[{"href":"https:\/\/www.evimitasarla.net\/ev-dekorasyon-fikirleri-blog\/wp-json\/wp\/v2\/types\/post"}],"author":[{"embeddable":true,"href":"https:\/\/www.evimitasarla.net\/ev-dekorasyon-fikirleri-blog\/wp-json\/wp\/v2\/users\/5"}],"replies":[{"embeddable":true,"href":"https:\/\/www.evimitasarla.net\/ev-dekorasyon-fikirleri-blog\/wp-json\/wp\/v2\/comments?post=2407"}],"version-history":[{"count":13,"href":"https:\/\/www.evimitasarla.net\/ev-dekorasyon-fikirleri-blog\/wp-json\/wp\/v2\/posts\/2407\/revisions"}],"predecessor-version":[{"id":4329,"href":"https:\/\/www.evimitasarla.net\/ev-dekorasyon-fikirleri-blog\/wp-json\/wp\/v2\/posts\/2407\/revisions\/4329"}],"wp:featuredmedia":[{"embeddable":true,"href":"https:\/\/www.evimitasarla.net\/ev-dekorasyon-fikirleri-blog\/wp-json\/wp\/v2\/media\/2412"}],"wp:attachment":[{"href":"https:\/\/www.evimitasarla.net\/ev-dekorasyon-fikirleri-blog\/wp-json\/wp\/v2\/media?parent=2407"}],"wp:term":[{"taxonomy":"category","embeddable":true,"href":"https:\/\/www.evimitasarla.net\/ev-dekorasyon-fikirleri-blog\/wp-json\/wp\/v2\/categories?post=2407"},{"taxonomy":"post_tag","embeddable":true,"href":"https:\/\/www.evimitasarla.net\/ev-dekorasyon-fikirleri-blog\/wp-json\/wp\/v2\/tags?post=2407"}],"curies":[{"name":"wp","href":"https:\/\/api.w.org\/{rel}","templated":true}]}}