{"id":124,"date":"2017-06-17T13:25:05","date_gmt":"2017-06-17T13:25:05","guid":{"rendered":"https:\/\/www.evimitasarla.net\/ev-dekorasyon-fikirleri-blog\/?p=124"},"modified":"2022-12-22T15:00:27","modified_gmt":"2022-12-22T12:00:27","slug":"yaz-icin-dis-mekan-dekorasyonu","status":"publish","type":"post","link":"https:\/\/www.evimitasarla.net\/ev-dekorasyon-fikirleri-blog\/yaz-icin-dis-mekan-dekorasyonu\/","title":{"rendered":"Yaz Ba\u015flad\u0131! D\u0131\u015f Mekanlar\u0131n\u0131z \u0130\u00e7in S\u0131cak Dekorasyon \u0130pu\u00e7lar\u0131"},"content":{"rendered":"<p>Haziran ay\u0131 ile birlikte resmen yaz mevsimi ba\u015flad\u0131, her ne kadar s\u0131caklar kendini hen\u00fcz \u00e7ok da fazla g\u00f6stermese de herkes y\u00fcz\u00fcn\u00fc d\u0131\u015far\u0131ya do\u011fru d\u00f6nd\u00fcrmeye ba\u015flad\u0131 bile. Yaz i\u00e7in d\u0131\u015f mekan dekorasyonu..<\/p>\n<p>Yaz aylar\u0131nda vaktimizin \u00e7o\u011funu d\u0131\u015far\u0131da ge\u00e7irmek isteriz&#8230; Hafta sonlar\u0131nda ya da ak\u015famlar\u0131 arkada\u015flar\u0131m\u0131zla d\u0131\u015far\u0131da bir araya gelmek i\u00e7in daha \u00e7ok istek duyar\u0131z. Do\u011fan\u0131n insan\u0131 \u00e7a\u011f\u0131rd\u0131\u011f\u0131 bu g\u00fcnlerde evimizde oldu\u011fumuz zamanlar\u0131 balkonumuzda, teras\u0131m\u0131zda ya da bah\u00e7emizde ge\u00e7irmek isteriz. Hi\u00e7biri yoksa ve bir rezidansta ya\u015f\u0131yorsak bile en az\u0131ndan koltuklar\u0131m\u0131z\u0131 pencereye do\u011fru \u00e7evirerek ya\u015fam alan\u0131m\u0131z\u0131 yaza g\u00f6re d\u00fczenleriz..<\/p>\n<p><a href=\"https:\/\/www.evimitasarla.net\/ev-dekorasyon-fikirleri-blog\/wp-content\/uploads\/2017\/07\/Bahce_dekorasyonu-1.jpg\"><img loading=\"lazy\" decoding=\"async\" class=\"aligncenter wp-image-126 size-full\" src=\"https:\/\/www.evimitasarla.net\/ev-dekorasyon-fikirleri-blog\/wp-content\/uploads\/2017\/07\/Bahce_dekorasyonu-1.jpg\" alt=\"Yaz i\u00e7in d\u0131\u015f mekan dekorasyonu\" width=\"720\" height=\"478\" srcset=\"https:\/\/www.evimitasarla.net\/ev-dekorasyon-fikirleri-blog\/wp-content\/uploads\/2017\/07\/Bahce_dekorasyonu-1.jpg 720w, https:\/\/www.evimitasarla.net\/ev-dekorasyon-fikirleri-blog\/wp-content\/uploads\/2017\/07\/Bahce_dekorasyonu-1-300x199.jpg 300w, https:\/\/www.evimitasarla.net\/ev-dekorasyon-fikirleri-blog\/wp-content\/uploads\/2017\/07\/Bahce_dekorasyonu-1-450x300.jpg 450w\" sizes=\"auto, (max-width: 720px) 100vw, 720px\" \/><\/a><\/p>\n<p>Genellikle evlerimizin i\u00e7 mekanlar\u0131n\u0131n dekorasyonu i\u00e7in \u00e7ok\u00e7a emek ve para harcar\u0131z ama g\u00f6receli olarak daha az zaman\u0131 ge\u00e7irdi\u011fimiz a\u00e7\u0131k alanlar\u0131m\u0131z\u0131 tefri\u015f ederken pek de \u00f6zen g\u00f6sterilemeyebilir. oysa k\u00fc\u00e7\u00fck bir balkon bile dikkatli mobilya ve aksesuar se\u00e7imi ile e\u015fsiz bir huzur vadisine d\u00f6n\u00fc\u015febilmektedir.<\/p>\n<h3>Yaz i\u00e7in d\u0131\u015f mekan dekorasyonu<\/h3>\n<h5>\u00d6ncelikle malzeme;<\/h5>\n<p><a href=\"https:\/\/www.evimitasarla.net\/ev-dekorasyon-fikirleri-blog\/wp-content\/uploads\/2017\/07\/aluminyummobilya.jpeg\"><img loading=\"lazy\" decoding=\"async\" class=\"aligncenter wp-image-127 size-full\" src=\"https:\/\/www.evimitasarla.net\/ev-dekorasyon-fikirleri-blog\/wp-content\/uploads\/2017\/07\/aluminyummobilya.jpeg\" alt=\"Yaz i\u00e7in d\u0131\u015f mekan dekorasyonu\" width=\"225\" height=\"225\" srcset=\"https:\/\/www.evimitasarla.net\/ev-dekorasyon-fikirleri-blog\/wp-content\/uploads\/2017\/07\/aluminyummobilya.jpeg 225w, https:\/\/www.evimitasarla.net\/ev-dekorasyon-fikirleri-blog\/wp-content\/uploads\/2017\/07\/aluminyummobilya-150x150.jpeg 150w, https:\/\/www.evimitasarla.net\/ev-dekorasyon-fikirleri-blog\/wp-content\/uploads\/2017\/07\/aluminyummobilya-100x100.jpeg 100w\" sizes=\"auto, (max-width: 225px) 100vw, 225px\" \/><\/a> <a href=\"https:\/\/www.evimitasarla.net\/ev-dekorasyon-fikirleri-blog\/wp-content\/uploads\/2017\/07\/rattanmobilya.jpeg\"><img loading=\"lazy\" decoding=\"async\" class=\"aligncenter wp-image-128 size-full\" src=\"https:\/\/www.evimitasarla.net\/ev-dekorasyon-fikirleri-blog\/wp-content\/uploads\/2017\/07\/rattanmobilya.jpeg\" alt=\"Yaz i\u00e7in d\u0131\u015f mekan dekorasyonu\" width=\"229\" height=\"220\" \/><\/a><\/p>\n<p>D\u0131\u015f mekan i\u00e7in uygun \u00e7e\u015fitli malzemeler \u00f6ne \u00e7\u0131k\u0131yor; koltuk, sandalyelerde ve masalarda tik, iroko gibi d\u0131\u015f ortama uygun ah\u015faplar, suni rattanlar, bambular, kompound polipropilen \u00fcr\u00fcnler, aluminyumlar kullan\u0131labilmektedir. Do\u011fal rattanlar ise yaz\u0131n kullan\u0131\u015fl\u0131 olmakla birlikte k\u0131\u015f\u0131n do\u011fa \u015fartlar\u0131na dayan\u0131kl\u0131 de\u011fildir ve bu nedenle s\u00fcrekli d\u0131\u015f ortamlar i\u00e7in \u00f6nerilmez. bunlar\u0131n yan\u0131s\u0131ra mermer, cam ve metal masalar ve aksesuarlar kullan\u0131labilmektedir. Bunlar\u0131n se\u00e7imini yaparken mekan\u0131n\u0131z\u0131n boyutu kadar malzemenin hafif ya da a\u011f\u0131r olu\u015fu da, g\u00fcn i\u00e7ersinde yer de\u011fi\u015ftirmek zorunda al\u0131p kalmayaca\u011f\u0131n\u0131z\u0131 d\u00fc\u015f\u00fcnerek de\u011ferlendirmeniz gereken \u00f6nemli konulard\u0131r.<\/p>\n<p><a href=\"https:\/\/www.evimitasarla.net\/ev-dekorasyon-fikirleri-blog\/wp-content\/uploads\/2017\/06\/Bahce_mobilyalar_ve_dekorasyon-1-min.jpg\"><img loading=\"lazy\" decoding=\"async\" class=\"aligncenter wp-image-377 size-full\" src=\"https:\/\/www.evimitasarla.net\/ev-dekorasyon-fikirleri-blog\/wp-content\/uploads\/2017\/06\/Bahce_mobilyalar_ve_dekorasyon-1-min.jpg\" alt=\"Yaz i\u00e7in d\u0131\u015f mekan dekorasyonu | Ev Dekorasyon Fikirleri\" width=\"960\" height=\"787\" srcset=\"https:\/\/www.evimitasarla.net\/ev-dekorasyon-fikirleri-blog\/wp-content\/uploads\/2017\/06\/Bahce_mobilyalar_ve_dekorasyon-1-min.jpg 960w, https:\/\/www.evimitasarla.net\/ev-dekorasyon-fikirleri-blog\/wp-content\/uploads\/2017\/06\/Bahce_mobilyalar_ve_dekorasyon-1-min-300x246.jpg 300w, https:\/\/www.evimitasarla.net\/ev-dekorasyon-fikirleri-blog\/wp-content\/uploads\/2017\/06\/Bahce_mobilyalar_ve_dekorasyon-1-min-768x630.jpg 768w\" sizes=\"auto, (max-width: 960px) 100vw, 960px\" \/><\/a><\/p>\n<h5>Renk:<\/h5>\n<p>\u00d6ncelikle dekore edece\u011finiz a\u00e7\u0131k alan\u0131n\u0131z\u0131 i\u00e7in bir renk konsepti belirlemeniz \u00fcr\u00fcn se\u00e7iminde yard\u0131mc\u0131 olacakt\u0131r. Do\u011fal renkler risksiz ve sakinken, canl\u0131 renkler mekana enerji katacak ama s\u0131k\u0131lma ihtimaliniz de artt\u0131racakt\u0131r. Belki de en do\u011frusu ideal kombinasyonu yaratmakt\u0131r. Kanepe masa gibi b\u00fcy\u00fck par\u00e7alarda do\u011fal toprak tonlar\u0131, bej, a\u00e7\u0131k ya da koyu kahve gibi tonlar ya da beyaz vaya siyah bibi n\u00f6tr kalabilecek tonlar se\u00e7ilirse geride kalan di\u011fer t\u00fcm unsurlar i\u00e7in \u00f6zg\u00fcr oyun alan\u0131 yarat\u0131lm\u0131\u015f olur. Bunlar\u0131n se\u00e7imini yaparken de yinde sabit zemin ve duvar malzemelerinin renklerini g\u00f6zard\u0131 etmemek gerekir. koltuk minderlerinin ya da yast\u0131klar\u0131n rengini istedi\u011fimiz gibi kombinleyebiliriz.<\/p>\n<p>Tekstil:<\/p>\n<p>Genellikle g\u00f6z ok\u015fayan do\u011fal malzemeler terletmeyecek yumu\u015fak dokular yaz aylar\u0131 i\u00e7in idealdir. ye\u015fil turuncu pembe ve kahve rengi gibi do\u011fal ve pastel renkleleri harmanlayabilece\u011fimiz k\u0131rm\u0131z\u0131 mavi mor ve sar\u0131 gibi vurucu ve enerjik kombinlerle de tasar\u0131m\u0131 b\u00fct\u00fcnleyebiliriz. A\u00e7\u0131k alan\u0131m\u0131z fazlaca g\u00fcne\u015f al\u0131yorsa g\u00f6lgeleme sistemlerinden ya da basit\u00e7e bir \u015femsiyeden yard\u0131m alarak g\u00fcne\u015fi kontrol edebilmeliyiz.<\/p>\n<p><a href=\"https:\/\/www.evimitasarla.net\/ev-dekorasyon-fikirleri-blog\/wp-content\/uploads\/2017\/07\/bahcelerde_oryantalizm.jpg\"><img loading=\"lazy\" decoding=\"async\" class=\"aligncenter wp-image-129 size-full\" src=\"https:\/\/www.evimitasarla.net\/ev-dekorasyon-fikirleri-blog\/wp-content\/uploads\/2017\/07\/bahcelerde_oryantalizm.jpg\" alt=\"Yaz i\u00e7in d\u0131\u015f mekan dekorasyonu\" width=\"713\" height=\"950\" srcset=\"https:\/\/www.evimitasarla.net\/ev-dekorasyon-fikirleri-blog\/wp-content\/uploads\/2017\/07\/bahcelerde_oryantalizm.jpg 713w, https:\/\/www.evimitasarla.net\/ev-dekorasyon-fikirleri-blog\/wp-content\/uploads\/2017\/07\/bahcelerde_oryantalizm-225x300.jpg 225w\" sizes=\"auto, (max-width: 713px) 100vw, 713px\" \/><\/a><\/p>\n<h5>Aksesuarlar:<\/h5>\n<p>\u0130\u015fte tasar\u0131m\u0131n en can al\u0131c\u0131, ak\u0131lda kal\u0131c\u0131 ve kolayl\u0131kla de\u011fi\u015ftirilebildi\u011fi i\u00e7in e\u011flenceli k\u0131sm\u0131..<\/p>\n<p>Belirledi\u011finiz tarz\u0131n\u0131z\u0131 uygun aksesuarlar\u0131 se\u00e7erken faydalanabilece\u011finiz \u00e7ok say\u0131da marka var. Bunlar\u0131 \u00e7ok say\u0131da online ma\u011fazadan da se\u00e7ebilirsiniz. Mumlar, kandelalar, duvar panolar\u0131, masa \u00fczeri objeler, minderler, k\u0131rlentler kadar g\u00fczel saks\u0131lar i\u00e7indeki do\u011fal \u00e7i\u00e7ekler balkonunuzun, teras\u0131n\u0131z\u0131n ya da verandan\u0131z\u0131n ruhunu olu\u015fturacakt\u0131r. Yeriniz varsa bir sal\u0131ncak ya da hamak da yaz\u0131n\u0131z\u0131n unutulmazlar\u0131 aras\u0131nda yer alacakt\u0131r.<\/p>\n<p><a href=\"https:\/\/www.evimitasarla.net\/ev-dekorasyon-fikirleri-blog\/wp-content\/uploads\/2017\/07\/bahce_mobilyalar-country_stili.jpg\"><img loading=\"lazy\" decoding=\"async\" class=\"aligncenter wp-image-130 size-full\" src=\"https:\/\/www.evimitasarla.net\/ev-dekorasyon-fikirleri-blog\/wp-content\/uploads\/2017\/07\/bahce_mobilyalar-country_stili.jpg\" alt=\"Yaz i\u00e7in d\u0131\u015f mekan dekorasyonu\" width=\"550\" height=\"550\" srcset=\"https:\/\/www.evimitasarla.net\/ev-dekorasyon-fikirleri-blog\/wp-content\/uploads\/2017\/07\/bahce_mobilyalar-country_stili.jpg 550w, https:\/\/www.evimitasarla.net\/ev-dekorasyon-fikirleri-blog\/wp-content\/uploads\/2017\/07\/bahce_mobilyalar-country_stili-150x150.jpg 150w, https:\/\/www.evimitasarla.net\/ev-dekorasyon-fikirleri-blog\/wp-content\/uploads\/2017\/07\/bahce_mobilyalar-country_stili-300x300.jpg 300w, https:\/\/www.evimitasarla.net\/ev-dekorasyon-fikirleri-blog\/wp-content\/uploads\/2017\/07\/bahce_mobilyalar-country_stili-100x100.jpg 100w\" sizes=\"auto, (max-width: 550px) 100vw, 550px\" \/><\/a><\/p>\n<h5>Koruma:<\/h5>\n<p>S\u0131ra geldi olay\u0131n en s\u0131k\u0131c\u0131 ve problemli b\u00f6l\u00fcm\u00fcne. Unutmay\u0131n bir g\u00fcn yaz bitecek ve sonbahral birlikte \u015fiddetli ya\u011fmurlar artacak. B\u00fcy\u00fck mobilyalar\u0131n\u0131z\u0131 d\u0131\u015f ortama dayan\u0131kl\u0131 se\u00e7mi\u015f olsan\u0131z da minderler, yast\u0131klar ve aksesuarlar k\u0131\u015f\u0131 ge\u00e7irecek g\u00fc\u00e7te de\u011fildir. Bunlar\u0131 k\u0131\u015f\u0131n evinizin i\u00e7inde bir depoda muhafaza etmeniz gerekir. B\u00f6yle bir imkan\u0131n\u0131z yoksa d\u0131\u015f mekan tipi sand\u0131klardan faydalanabilirisiniz. Bu sand\u0131klar\u0131n \u00fczerinde oturabilecek sedir tipinde olanlar\u0131 da var ve e\u011fer mekan\u0131n\u0131z k\u00fc\u00e7\u00fckse sizin kurtar\u0131c\u0131n\u0131z olabilir.<\/p>\n<p>Ben bunlar\u0131 nas\u0131l se\u00e7eyim, bunlar\u0131 se\u00e7mek \u00e7ok zaman ve u\u011fra\u015f gerektirir diyorsan\u0131z EvimiTasarla tam da bu amaca uygun online hizmeti veriyor. Bunun i\u00e7in bir t\u0131k kadar yak\u0131n\u0131n\u0131zday\u0131z. Yaz i\u00e7in d\u0131\u015f mekan dekorasyonu&#8230;<\/p>\n","protected":false},"excerpt":{"rendered":"<p>Haziran ay\u0131 ile birlikte resmen yaz mevsimi ba\u015flad\u0131, her ne kadar s\u0131caklar kendini hen\u00fcz \u00e7ok da fazla g\u00f6stermese de herkes y\u00fcz\u00fcn\u00fc d\u0131\u015far\u0131ya do\u011fru d\u00f6nd\u00fcrmeye ba\u015flad\u0131 bile. Yaz i\u00e7in d\u0131\u015f mekan dekorasyonu.. Yaz aylar\u0131nda vaktimizin \u00e7o\u011funu d\u0131\u015far\u0131da ge\u00e7irmek isteriz&#8230; Hafta sonlar\u0131nda ya da ak\u015famlar\u0131 arkada\u015flar\u0131m\u0131zla d\u0131\u015far\u0131da bir araya gelmek i\u00e7in daha \u00e7ok istek duyar\u0131z. Do\u011fan\u0131n insan\u0131 &#8230; <a title=\"Yaz Ba\u015flad\u0131! D\u0131\u015f Mekanlar\u0131n\u0131z \u0130\u00e7in S\u0131cak Dekorasyon \u0130pu\u00e7lar\u0131\" class=\"read-more\" href=\"https:\/\/www.evimitasarla.net\/ev-dekorasyon-fikirleri-blog\/yaz-icin-dis-mekan-dekorasyonu\/\" aria-label=\"Read more about Yaz Ba\u015flad\u0131! D\u0131\u015f Mekanlar\u0131n\u0131z \u0130\u00e7in S\u0131cak Dekorasyon \u0130pu\u00e7lar\u0131\">Read more<\/a><\/p>\n","protected":false},"author":6,"featured_media":377,"comment_status":"open","ping_status":"open","sticky":false,"template":"","format":"standard","meta":{"footnotes":""},"categories":[18],"tags":[],"class_list":["post-124","post","type-post","status-publish","format-standard","has-post-thumbnail","hentry","category-dis-mekan-dekorasyonu","infinite-scroll-item","masonry-post","generate-columns","tablet-grid-50","mobile-grid-100","grid-parent","grid-33"],"yoast_head":"<!-- This site is optimized with the Yoast SEO plugin v26.4 - https:\/\/yoast.com\/wordpress\/plugins\/seo\/ -->\n<title>Yaz i\u00e7in d\u0131\u015f mekan dekorasyonu | Ev Dekorasyon Fikirleri<\/title>\n<meta name=\"description\" content=\"Haziran ay\u0131 ile birlikte resmen yaz mevsimi ba\u015flad\u0131 ve herkes y\u00fcz\u00fcn\u00fc d\u0131\u015far\u0131ya do\u011fru d\u00f6nd\u00fcrmeye ba\u015flad\u0131 bile. Yaz i\u00e7in d\u0131\u015f mekan dekorasyonu..\" \/>\n<meta name=\"robots\" content=\"index, follow, max-snippet:-1, max-image-preview:large, max-video-preview:-1\" \/>\n<link rel=\"canonical\" href=\"https:\/\/www.evimitasarla.net\/ev-dekorasyon-fikirleri-blog\/yaz-icin-dis-mekan-dekorasyonu\/\" \/>\n<meta property=\"og:locale\" content=\"tr_TR\" \/>\n<meta property=\"og:type\" content=\"article\" \/>\n<meta property=\"og:title\" content=\"Yaz i\u00e7in d\u0131\u015f mekan dekorasyonu | Ev Dekorasyon Fikirleri\" \/>\n<meta property=\"og:description\" content=\"Haziran ay\u0131 ile birlikte resmen yaz mevsimi ba\u015flad\u0131 ve herkes y\u00fcz\u00fcn\u00fc d\u0131\u015far\u0131ya do\u011fru d\u00f6nd\u00fcrmeye ba\u015flad\u0131 bile. Yaz i\u00e7in d\u0131\u015f mekan dekorasyonu..\" \/>\n<meta property=\"og:url\" content=\"https:\/\/www.evimitasarla.net\/ev-dekorasyon-fikirleri-blog\/yaz-icin-dis-mekan-dekorasyonu\/\" \/>\n<meta property=\"og:site_name\" content=\"Ev Dekorasyon Fikirleri\" \/>\n<meta property=\"article:published_time\" content=\"2017-06-17T13:25:05+00:00\" \/>\n<meta property=\"article:modified_time\" content=\"2022-12-22T12:00:27+00:00\" \/>\n<meta property=\"og:image\" content=\"https:\/\/www.evimitasarla.net\/ev-dekorasyon-fikirleri-blog\/wp-content\/uploads\/2017\/06\/Bahce_mobilyalar_ve_dekorasyon-1-min.jpg\" \/>\n\t<meta property=\"og:image:width\" content=\"960\" \/>\n\t<meta property=\"og:image:height\" content=\"787\" \/>\n\t<meta property=\"og:image:type\" content=\"image\/jpeg\" \/>\n<meta name=\"author\" content=\"Banu Hatipo\u011flu\" \/>\n<meta name=\"twitter:card\" content=\"summary_large_image\" \/>\n<meta name=\"twitter:label1\" content=\"Yazan:\" \/>\n\t<meta name=\"twitter:data1\" content=\"Banu Hatipo\u011flu\" \/>\n\t<meta name=\"twitter:label2\" content=\"Tahmini okuma s\u00fcresi\" \/>\n\t<meta name=\"twitter:data2\" content=\"4 dakika\" \/>\n<script type=\"application\/ld+json\" class=\"yoast-schema-graph\">{\"@context\":\"https:\/\/schema.org\",\"@graph\":[{\"@type\":\"Article\",\"@id\":\"https:\/\/www.evimitasarla.net\/ev-dekorasyon-fikirleri-blog\/yaz-icin-dis-mekan-dekorasyonu\/#article\",\"isPartOf\":{\"@id\":\"https:\/\/www.evimitasarla.net\/ev-dekorasyon-fikirleri-blog\/yaz-icin-dis-mekan-dekorasyonu\/\"},\"author\":{\"name\":\"Banu Hatipo\u011flu\",\"@id\":\"https:\/\/www.evimitasarla.net\/ev-dekorasyon-fikirleri-blog\/#\/schema\/person\/fec02d8078f376a0de0d71b76c1e0860\"},\"headline\":\"Yaz Ba\u015flad\u0131! D\u0131\u015f Mekanlar\u0131n\u0131z \u0130\u00e7in S\u0131cak Dekorasyon \u0130pu\u00e7lar\u0131\",\"datePublished\":\"2017-06-17T13:25:05+00:00\",\"dateModified\":\"2022-12-22T12:00:27+00:00\",\"mainEntityOfPage\":{\"@id\":\"https:\/\/www.evimitasarla.net\/ev-dekorasyon-fikirleri-blog\/yaz-icin-dis-mekan-dekorasyonu\/\"},\"wordCount\":797,\"commentCount\":0,\"publisher\":{\"@id\":\"https:\/\/www.evimitasarla.net\/ev-dekorasyon-fikirleri-blog\/#organization\"},\"image\":{\"@id\":\"https:\/\/www.evimitasarla.net\/ev-dekorasyon-fikirleri-blog\/yaz-icin-dis-mekan-dekorasyonu\/#primaryimage\"},\"thumbnailUrl\":\"https:\/\/www.evimitasarla.net\/ev-dekorasyon-fikirleri-blog\/wp-content\/uploads\/2017\/06\/Bahce_mobilyalar_ve_dekorasyon-1-min.jpg\",\"articleSection\":[\"D\u0131\u015f Mekan\"],\"inLanguage\":\"tr\",\"potentialAction\":[{\"@type\":\"CommentAction\",\"name\":\"Comment\",\"target\":[\"https:\/\/www.evimitasarla.net\/ev-dekorasyon-fikirleri-blog\/yaz-icin-dis-mekan-dekorasyonu\/#respond\"]}]},{\"@type\":\"WebPage\",\"@id\":\"https:\/\/www.evimitasarla.net\/ev-dekorasyon-fikirleri-blog\/yaz-icin-dis-mekan-dekorasyonu\/\",\"url\":\"https:\/\/www.evimitasarla.net\/ev-dekorasyon-fikirleri-blog\/yaz-icin-dis-mekan-dekorasyonu\/\",\"name\":\"Yaz i\u00e7in d\u0131\u015f mekan dekorasyonu | Ev Dekorasyon Fikirleri\",\"isPartOf\":{\"@id\":\"https:\/\/www.evimitasarla.net\/ev-dekorasyon-fikirleri-blog\/#website\"},\"primaryImageOfPage\":{\"@id\":\"https:\/\/www.evimitasarla.net\/ev-dekorasyon-fikirleri-blog\/yaz-icin-dis-mekan-dekorasyonu\/#primaryimage\"},\"image\":{\"@id\":\"https:\/\/www.evimitasarla.net\/ev-dekorasyon-fikirleri-blog\/yaz-icin-dis-mekan-dekorasyonu\/#primaryimage\"},\"thumbnailUrl\":\"https:\/\/www.evimitasarla.net\/ev-dekorasyon-fikirleri-blog\/wp-content\/uploads\/2017\/06\/Bahce_mobilyalar_ve_dekorasyon-1-min.jpg\",\"datePublished\":\"2017-06-17T13:25:05+00:00\",\"dateModified\":\"2022-12-22T12:00:27+00:00\",\"description\":\"Haziran ay\u0131 ile birlikte resmen yaz mevsimi ba\u015flad\u0131 ve herkes y\u00fcz\u00fcn\u00fc d\u0131\u015far\u0131ya do\u011fru d\u00f6nd\u00fcrmeye ba\u015flad\u0131 bile. Yaz i\u00e7in d\u0131\u015f mekan dekorasyonu..\",\"breadcrumb\":{\"@id\":\"https:\/\/www.evimitasarla.net\/ev-dekorasyon-fikirleri-blog\/yaz-icin-dis-mekan-dekorasyonu\/#breadcrumb\"},\"inLanguage\":\"tr\",\"potentialAction\":[{\"@type\":\"ReadAction\",\"target\":[\"https:\/\/www.evimitasarla.net\/ev-dekorasyon-fikirleri-blog\/yaz-icin-dis-mekan-dekorasyonu\/\"]}]},{\"@type\":\"ImageObject\",\"inLanguage\":\"tr\",\"@id\":\"https:\/\/www.evimitasarla.net\/ev-dekorasyon-fikirleri-blog\/yaz-icin-dis-mekan-dekorasyonu\/#primaryimage\",\"url\":\"https:\/\/www.evimitasarla.net\/ev-dekorasyon-fikirleri-blog\/wp-content\/uploads\/2017\/06\/Bahce_mobilyalar_ve_dekorasyon-1-min.jpg\",\"contentUrl\":\"https:\/\/www.evimitasarla.net\/ev-dekorasyon-fikirleri-blog\/wp-content\/uploads\/2017\/06\/Bahce_mobilyalar_ve_dekorasyon-1-min.jpg\",\"width\":960,\"height\":787,\"caption\":\"Yaz i\u00e7in d\u0131\u015f mekan dekorasyonu | Ev Dekorasyon Fikirleri\"},{\"@type\":\"BreadcrumbList\",\"@id\":\"https:\/\/www.evimitasarla.net\/ev-dekorasyon-fikirleri-blog\/yaz-icin-dis-mekan-dekorasyonu\/#breadcrumb\",\"itemListElement\":[{\"@type\":\"ListItem\",\"position\":1,\"name\":\"Ana sayfa\",\"item\":\"https:\/\/www.evimitasarla.net\/ev-dekorasyon-fikirleri-blog\/\"},{\"@type\":\"ListItem\",\"position\":2,\"name\":\"D\u0131\u015f Mekan\",\"item\":\"https:\/\/www.evimitasarla.net\/ev-dekorasyon-fikirleri-blog\/category\/dis-mekan-dekorasyonu\/\"},{\"@type\":\"ListItem\",\"position\":3,\"name\":\"Yaz Ba\u015flad\u0131! D\u0131\u015f Mekanlar\u0131n\u0131z \u0130\u00e7in S\u0131cak Dekorasyon \u0130pu\u00e7lar\u0131\"}]},{\"@type\":\"WebSite\",\"@id\":\"https:\/\/www.evimitasarla.net\/ev-dekorasyon-fikirleri-blog\/#website\",\"url\":\"https:\/\/www.evimitasarla.net\/ev-dekorasyon-fikirleri-blog\/\",\"name\":\"Ev Dekorasyon Fikirleri\",\"description\":\"Evimi Tasarla\",\"publisher\":{\"@id\":\"https:\/\/www.evimitasarla.net\/ev-dekorasyon-fikirleri-blog\/#organization\"},\"potentialAction\":[{\"@type\":\"SearchAction\",\"target\":{\"@type\":\"EntryPoint\",\"urlTemplate\":\"https:\/\/www.evimitasarla.net\/ev-dekorasyon-fikirleri-blog\/?s={search_term_string}\"},\"query-input\":{\"@type\":\"PropertyValueSpecification\",\"valueRequired\":true,\"valueName\":\"search_term_string\"}}],\"inLanguage\":\"tr\"},{\"@type\":\"Organization\",\"@id\":\"https:\/\/www.evimitasarla.net\/ev-dekorasyon-fikirleri-blog\/#organization\",\"name\":\"Evimi Tasarla Online \u0130\u00e7 Mimarl\u0131k Hizmetleri\",\"url\":\"https:\/\/www.evimitasarla.net\/ev-dekorasyon-fikirleri-blog\/\",\"logo\":{\"@type\":\"ImageObject\",\"inLanguage\":\"tr\",\"@id\":\"https:\/\/www.evimitasarla.net\/ev-dekorasyon-fikirleri-blog\/#\/schema\/logo\/image\/\",\"url\":\"https:\/\/www.evimitasarla.net\/ev-dekorasyon-fikirleri-blog\/wp-content\/uploads\/2018\/12\/2018_ET_FinalLogoREV.jpg\",\"contentUrl\":\"https:\/\/www.evimitasarla.net\/ev-dekorasyon-fikirleri-blog\/wp-content\/uploads\/2018\/12\/2018_ET_FinalLogoREV.jpg\",\"width\":1063,\"height\":887,\"caption\":\"Evimi Tasarla Online \u0130\u00e7 Mimarl\u0131k Hizmetleri\"},\"image\":{\"@id\":\"https:\/\/www.evimitasarla.net\/ev-dekorasyon-fikirleri-blog\/#\/schema\/logo\/image\/\"},\"sameAs\":[\"https:\/\/www.instagram.com\/evimitasarla\/\",\"https:\/\/www.linkedin.com\/company\/evimitasarla.net\/\",\"https:\/\/tr.pinterest.com\/evimitasarlanet\/\",\"https:\/\/www.youtube.com\/channel\/UCZ7R9noTTMSTZHAPgD6NciA\"]},{\"@type\":\"Person\",\"@id\":\"https:\/\/www.evimitasarla.net\/ev-dekorasyon-fikirleri-blog\/#\/schema\/person\/fec02d8078f376a0de0d71b76c1e0860\",\"name\":\"Banu Hatipo\u011flu\",\"image\":{\"@type\":\"ImageObject\",\"inLanguage\":\"tr\",\"@id\":\"https:\/\/www.evimitasarla.net\/ev-dekorasyon-fikirleri-blog\/#\/schema\/person\/image\/\",\"url\":\"https:\/\/secure.gravatar.com\/avatar\/106e774b1f22f10f96773ac83852271c79a732aeefc666708faded51644344ab?s=96&d=mm&r=g\",\"contentUrl\":\"https:\/\/secure.gravatar.com\/avatar\/106e774b1f22f10f96773ac83852271c79a732aeefc666708faded51644344ab?s=96&d=mm&r=g\",\"caption\":\"Banu Hatipo\u011flu\"},\"description\":\"Banu Hatipo\u011flu 1970 \u0130stanbul do\u011fumludur. \u0130stanbul Erkek Lisesi ard\u0131ndan \u0130T\u00dc Mimarl\u0131k\u2019tan y\u00fcksek lisans derecesiyle mezun olmu\u015ftur. Pozitif Mimarl\u0131k orta\u011f\u0131 olan Hatipo\u011flu 30 y\u0131ll\u0131k meslek hayat\u0131nda \u00e7ok \u00e7e\u015fitli mimari ve i\u00e7 mimari projede yer alm\u0131\u015f ve y\u00f6netmi\u015ftir. EvimiTasarla.net kurucu orta\u011f\u0131 olarak online i\u00e7 mimari tasar\u0131m hizmetinin T\u00fcrkiye\u2019de \u00f6nc\u00fcs\u00fc olmu\u015ftur.\",\"url\":\"https:\/\/www.evimitasarla.net\/ev-dekorasyon-fikirleri-blog\/author\/banu\/\"}]}<\/script>\n<!-- \/ Yoast SEO plugin. -->","yoast_head_json":{"title":"Yaz i\u00e7in d\u0131\u015f mekan dekorasyonu | Ev Dekorasyon Fikirleri","description":"Haziran ay\u0131 ile birlikte resmen yaz mevsimi ba\u015flad\u0131 ve herkes y\u00fcz\u00fcn\u00fc d\u0131\u015far\u0131ya do\u011fru d\u00f6nd\u00fcrmeye ba\u015flad\u0131 bile. Yaz i\u00e7in d\u0131\u015f mekan dekorasyonu..","robots":{"index":"index","follow":"follow","max-snippet":"max-snippet:-1","max-image-preview":"max-image-preview:large","max-video-preview":"max-video-preview:-1"},"canonical":"https:\/\/www.evimitasarla.net\/ev-dekorasyon-fikirleri-blog\/yaz-icin-dis-mekan-dekorasyonu\/","og_locale":"tr_TR","og_type":"article","og_title":"Yaz i\u00e7in d\u0131\u015f mekan dekorasyonu | Ev Dekorasyon Fikirleri","og_description":"Haziran ay\u0131 ile birlikte resmen yaz mevsimi ba\u015flad\u0131 ve herkes y\u00fcz\u00fcn\u00fc d\u0131\u015far\u0131ya do\u011fru d\u00f6nd\u00fcrmeye ba\u015flad\u0131 bile. Yaz i\u00e7in d\u0131\u015f mekan dekorasyonu..","og_url":"https:\/\/www.evimitasarla.net\/ev-dekorasyon-fikirleri-blog\/yaz-icin-dis-mekan-dekorasyonu\/","og_site_name":"Ev Dekorasyon Fikirleri","article_published_time":"2017-06-17T13:25:05+00:00","article_modified_time":"2022-12-22T12:00:27+00:00","og_image":[{"width":960,"height":787,"url":"https:\/\/www.evimitasarla.net\/ev-dekorasyon-fikirleri-blog\/wp-content\/uploads\/2017\/06\/Bahce_mobilyalar_ve_dekorasyon-1-min.jpg","type":"image\/jpeg"}],"author":"Banu Hatipo\u011flu","twitter_card":"summary_large_image","twitter_misc":{"Yazan:":"Banu Hatipo\u011flu","Tahmini okuma s\u00fcresi":"4 dakika"},"schema":{"@context":"https:\/\/schema.org","@graph":[{"@type":"Article","@id":"https:\/\/www.evimitasarla.net\/ev-dekorasyon-fikirleri-blog\/yaz-icin-dis-mekan-dekorasyonu\/#article","isPartOf":{"@id":"https:\/\/www.evimitasarla.net\/ev-dekorasyon-fikirleri-blog\/yaz-icin-dis-mekan-dekorasyonu\/"},"author":{"name":"Banu Hatipo\u011flu","@id":"https:\/\/www.evimitasarla.net\/ev-dekorasyon-fikirleri-blog\/#\/schema\/person\/fec02d8078f376a0de0d71b76c1e0860"},"headline":"Yaz Ba\u015flad\u0131! D\u0131\u015f Mekanlar\u0131n\u0131z \u0130\u00e7in S\u0131cak Dekorasyon \u0130pu\u00e7lar\u0131","datePublished":"2017-06-17T13:25:05+00:00","dateModified":"2022-12-22T12:00:27+00:00","mainEntityOfPage":{"@id":"https:\/\/www.evimitasarla.net\/ev-dekorasyon-fikirleri-blog\/yaz-icin-dis-mekan-dekorasyonu\/"},"wordCount":797,"commentCount":0,"publisher":{"@id":"https:\/\/www.evimitasarla.net\/ev-dekorasyon-fikirleri-blog\/#organization"},"image":{"@id":"https:\/\/www.evimitasarla.net\/ev-dekorasyon-fikirleri-blog\/yaz-icin-dis-mekan-dekorasyonu\/#primaryimage"},"thumbnailUrl":"https:\/\/www.evimitasarla.net\/ev-dekorasyon-fikirleri-blog\/wp-content\/uploads\/2017\/06\/Bahce_mobilyalar_ve_dekorasyon-1-min.jpg","articleSection":["D\u0131\u015f Mekan"],"inLanguage":"tr","potentialAction":[{"@type":"CommentAction","name":"Comment","target":["https:\/\/www.evimitasarla.net\/ev-dekorasyon-fikirleri-blog\/yaz-icin-dis-mekan-dekorasyonu\/#respond"]}]},{"@type":"WebPage","@id":"https:\/\/www.evimitasarla.net\/ev-dekorasyon-fikirleri-blog\/yaz-icin-dis-mekan-dekorasyonu\/","url":"https:\/\/www.evimitasarla.net\/ev-dekorasyon-fikirleri-blog\/yaz-icin-dis-mekan-dekorasyonu\/","name":"Yaz i\u00e7in d\u0131\u015f mekan dekorasyonu | Ev Dekorasyon Fikirleri","isPartOf":{"@id":"https:\/\/www.evimitasarla.net\/ev-dekorasyon-fikirleri-blog\/#website"},"primaryImageOfPage":{"@id":"https:\/\/www.evimitasarla.net\/ev-dekorasyon-fikirleri-blog\/yaz-icin-dis-mekan-dekorasyonu\/#primaryimage"},"image":{"@id":"https:\/\/www.evimitasarla.net\/ev-dekorasyon-fikirleri-blog\/yaz-icin-dis-mekan-dekorasyonu\/#primaryimage"},"thumbnailUrl":"https:\/\/www.evimitasarla.net\/ev-dekorasyon-fikirleri-blog\/wp-content\/uploads\/2017\/06\/Bahce_mobilyalar_ve_dekorasyon-1-min.jpg","datePublished":"2017-06-17T13:25:05+00:00","dateModified":"2022-12-22T12:00:27+00:00","description":"Haziran ay\u0131 ile birlikte resmen yaz mevsimi ba\u015flad\u0131 ve herkes y\u00fcz\u00fcn\u00fc d\u0131\u015far\u0131ya do\u011fru d\u00f6nd\u00fcrmeye ba\u015flad\u0131 bile. Yaz i\u00e7in d\u0131\u015f mekan dekorasyonu..","breadcrumb":{"@id":"https:\/\/www.evimitasarla.net\/ev-dekorasyon-fikirleri-blog\/yaz-icin-dis-mekan-dekorasyonu\/#breadcrumb"},"inLanguage":"tr","potentialAction":[{"@type":"ReadAction","target":["https:\/\/www.evimitasarla.net\/ev-dekorasyon-fikirleri-blog\/yaz-icin-dis-mekan-dekorasyonu\/"]}]},{"@type":"ImageObject","inLanguage":"tr","@id":"https:\/\/www.evimitasarla.net\/ev-dekorasyon-fikirleri-blog\/yaz-icin-dis-mekan-dekorasyonu\/#primaryimage","url":"https:\/\/www.evimitasarla.net\/ev-dekorasyon-fikirleri-blog\/wp-content\/uploads\/2017\/06\/Bahce_mobilyalar_ve_dekorasyon-1-min.jpg","contentUrl":"https:\/\/www.evimitasarla.net\/ev-dekorasyon-fikirleri-blog\/wp-content\/uploads\/2017\/06\/Bahce_mobilyalar_ve_dekorasyon-1-min.jpg","width":960,"height":787,"caption":"Yaz i\u00e7in d\u0131\u015f mekan dekorasyonu | Ev Dekorasyon Fikirleri"},{"@type":"BreadcrumbList","@id":"https:\/\/www.evimitasarla.net\/ev-dekorasyon-fikirleri-blog\/yaz-icin-dis-mekan-dekorasyonu\/#breadcrumb","itemListElement":[{"@type":"ListItem","position":1,"name":"Ana sayfa","item":"https:\/\/www.evimitasarla.net\/ev-dekorasyon-fikirleri-blog\/"},{"@type":"ListItem","position":2,"name":"D\u0131\u015f Mekan","item":"https:\/\/www.evimitasarla.net\/ev-dekorasyon-fikirleri-blog\/category\/dis-mekan-dekorasyonu\/"},{"@type":"ListItem","position":3,"name":"Yaz Ba\u015flad\u0131! D\u0131\u015f Mekanlar\u0131n\u0131z \u0130\u00e7in S\u0131cak Dekorasyon \u0130pu\u00e7lar\u0131"}]},{"@type":"WebSite","@id":"https:\/\/www.evimitasarla.net\/ev-dekorasyon-fikirleri-blog\/#website","url":"https:\/\/www.evimitasarla.net\/ev-dekorasyon-fikirleri-blog\/","name":"Ev Dekorasyon Fikirleri","description":"Evimi Tasarla","publisher":{"@id":"https:\/\/www.evimitasarla.net\/ev-dekorasyon-fikirleri-blog\/#organization"},"potentialAction":[{"@type":"SearchAction","target":{"@type":"EntryPoint","urlTemplate":"https:\/\/www.evimitasarla.net\/ev-dekorasyon-fikirleri-blog\/?s={search_term_string}"},"query-input":{"@type":"PropertyValueSpecification","valueRequired":true,"valueName":"search_term_string"}}],"inLanguage":"tr"},{"@type":"Organization","@id":"https:\/\/www.evimitasarla.net\/ev-dekorasyon-fikirleri-blog\/#organization","name":"Evimi Tasarla Online \u0130\u00e7 Mimarl\u0131k Hizmetleri","url":"https:\/\/www.evimitasarla.net\/ev-dekorasyon-fikirleri-blog\/","logo":{"@type":"ImageObject","inLanguage":"tr","@id":"https:\/\/www.evimitasarla.net\/ev-dekorasyon-fikirleri-blog\/#\/schema\/logo\/image\/","url":"https:\/\/www.evimitasarla.net\/ev-dekorasyon-fikirleri-blog\/wp-content\/uploads\/2018\/12\/2018_ET_FinalLogoREV.jpg","contentUrl":"https:\/\/www.evimitasarla.net\/ev-dekorasyon-fikirleri-blog\/wp-content\/uploads\/2018\/12\/2018_ET_FinalLogoREV.jpg","width":1063,"height":887,"caption":"Evimi Tasarla Online \u0130\u00e7 Mimarl\u0131k Hizmetleri"},"image":{"@id":"https:\/\/www.evimitasarla.net\/ev-dekorasyon-fikirleri-blog\/#\/schema\/logo\/image\/"},"sameAs":["https:\/\/www.instagram.com\/evimitasarla\/","https:\/\/www.linkedin.com\/company\/evimitasarla.net\/","https:\/\/tr.pinterest.com\/evimitasarlanet\/","https:\/\/www.youtube.com\/channel\/UCZ7R9noTTMSTZHAPgD6NciA"]},{"@type":"Person","@id":"https:\/\/www.evimitasarla.net\/ev-dekorasyon-fikirleri-blog\/#\/schema\/person\/fec02d8078f376a0de0d71b76c1e0860","name":"Banu Hatipo\u011flu","image":{"@type":"ImageObject","inLanguage":"tr","@id":"https:\/\/www.evimitasarla.net\/ev-dekorasyon-fikirleri-blog\/#\/schema\/person\/image\/","url":"https:\/\/secure.gravatar.com\/avatar\/106e774b1f22f10f96773ac83852271c79a732aeefc666708faded51644344ab?s=96&d=mm&r=g","contentUrl":"https:\/\/secure.gravatar.com\/avatar\/106e774b1f22f10f96773ac83852271c79a732aeefc666708faded51644344ab?s=96&d=mm&r=g","caption":"Banu Hatipo\u011flu"},"description":"Banu Hatipo\u011flu 1970 \u0130stanbul do\u011fumludur. \u0130stanbul Erkek Lisesi ard\u0131ndan \u0130T\u00dc Mimarl\u0131k\u2019tan y\u00fcksek lisans derecesiyle mezun olmu\u015ftur. Pozitif Mimarl\u0131k orta\u011f\u0131 olan Hatipo\u011flu 30 y\u0131ll\u0131k meslek hayat\u0131nda \u00e7ok \u00e7e\u015fitli mimari ve i\u00e7 mimari projede yer alm\u0131\u015f ve y\u00f6netmi\u015ftir. EvimiTasarla.net kurucu orta\u011f\u0131 olarak online i\u00e7 mimari tasar\u0131m hizmetinin T\u00fcrkiye\u2019de \u00f6nc\u00fcs\u00fc olmu\u015ftur.","url":"https:\/\/www.evimitasarla.net\/ev-dekorasyon-fikirleri-blog\/author\/banu\/"}]}},"_links":{"self":[{"href":"https:\/\/www.evimitasarla.net\/ev-dekorasyon-fikirleri-blog\/wp-json\/wp\/v2\/posts\/124","targetHints":{"allow":["GET"]}}],"collection":[{"href":"https:\/\/www.evimitasarla.net\/ev-dekorasyon-fikirleri-blog\/wp-json\/wp\/v2\/posts"}],"about":[{"href":"https:\/\/www.evimitasarla.net\/ev-dekorasyon-fikirleri-blog\/wp-json\/wp\/v2\/types\/post"}],"author":[{"embeddable":true,"href":"https:\/\/www.evimitasarla.net\/ev-dekorasyon-fikirleri-blog\/wp-json\/wp\/v2\/users\/6"}],"replies":[{"embeddable":true,"href":"https:\/\/www.evimitasarla.net\/ev-dekorasyon-fikirleri-blog\/wp-json\/wp\/v2\/comments?post=124"}],"version-history":[{"count":14,"href":"https:\/\/www.evimitasarla.net\/ev-dekorasyon-fikirleri-blog\/wp-json\/wp\/v2\/posts\/124\/revisions"}],"predecessor-version":[{"id":4315,"href":"https:\/\/www.evimitasarla.net\/ev-dekorasyon-fikirleri-blog\/wp-json\/wp\/v2\/posts\/124\/revisions\/4315"}],"wp:featuredmedia":[{"embeddable":true,"href":"https:\/\/www.evimitasarla.net\/ev-dekorasyon-fikirleri-blog\/wp-json\/wp\/v2\/media\/377"}],"wp:attachment":[{"href":"https:\/\/www.evimitasarla.net\/ev-dekorasyon-fikirleri-blog\/wp-json\/wp\/v2\/media?parent=124"}],"wp:term":[{"taxonomy":"category","embeddable":true,"href":"https:\/\/www.evimitasarla.net\/ev-dekorasyon-fikirleri-blog\/wp-json\/wp\/v2\/categories?post=124"},{"taxonomy":"post_tag","embeddable":true,"href":"https:\/\/www.evimitasarla.net\/ev-dekorasyon-fikirleri-blog\/wp-json\/wp\/v2\/tags?post=124"}],"curies":[{"name":"wp","href":"https:\/\/api.w.org\/{rel}","templated":true}]}}